{"id":48905,"date":"2012-02-16T13:38:27","date_gmt":"2012-02-16T11:38:27","guid":{"rendered":"http:\/\/www.korhanyilmaz.com\/?p=48905"},"modified":"2012-02-17T00:57:01","modified_gmt":"2012-02-16T22:57:01","slug":"yasa-gecerse-anayasa-mahkemesine-goturecegiz","status":"publish","type":"post","link":"http:\/\/www.korhanyilmaz.com\/?p=48905","title":{"rendered":"&#8216;Yasa ge\u00e7erse Anayasa Mahkemesi&#8217;ne g\u00f6t\u00fcrece\u011fiz!&#8217;"},"content":{"rendered":"<p style=\"text-align: center;\"><a href=\"http:\/\/www.korhanyilmaz.com\/wp-content\/uploads\/2012\/02\/9811.jpg\"  class=\"lightview\"><img loading=\"lazy\" decoding=\"async\" class=\"aligncenter  wp-image-48906\" src=\"http:\/\/www.korhanyilmaz.com\/wp-content\/uploads\/2012\/02\/9811.jpg\" alt=\"\" width=\"292\" height=\"220\" \/><\/a><\/p>\n<p style=\"text-align: justify;\">CHP lideri, \u201cM\u0130T mensuplar\u0131yla ilgili bir d\u00fczenleme zaten var. Ki\u015fiye \u00f6zel yasa yap\u0131lamaz. Genel Kurul\u2019daki g\u00f6r\u00fc\u015fmelerde d\u00fczenlemeye kar\u015f\u0131 \u00e7\u0131kaca\u011f\u0131z. Ama e\u011fer AKP bunu kabul eder, yasala\u015ft\u0131r\u0131rsa o zaman do\u011fal olarak biz Anayasa Mahkemesi\u2019ne gidece\u011fiz\u201d dedi.<\/p>\n<p style=\"text-align: justify;\">CHP Genel Ba\u015fkan\u0131 Kemal K\u0131l\u0131\u00e7daro\u011flu, NTV\u2019nin canl\u0131 yay\u0131n\u0131na kat\u0131larak g\u00fcndeme ili\u015fkin sorular\u0131 yan\u0131tlad\u0131.<!--more--><\/p>\n<p style=\"text-align: justify;\">CHP lideri K\u0131l\u0131\u00e7daro\u011flu\u2019nun mesajlar\u0131 \u00f6zetle \u015f\u00f6yle:<\/p>\n<p style=\"text-align: justify;\"><strong>M\u0130T D\u00dcZENLEMES\u0130:\u00a0<\/strong><\/p>\n<p style=\"text-align: justify;\">M\u0130T mensuplar\u0131yla ilgili bir d\u00fczenleme zaten var. Ki\u015fiye \u00f6zel yasa yap\u0131lamaz. D\u00fczenleme hukuk devletine ayk\u0131r\u0131, baz\u0131 devlet g\u00f6revlileriyle ilgili soru\u015fturmay\u0131 Ba\u015fbakan\u2019\u0131n iznine ba\u011flamak, demokrasi a\u00e7\u0131s\u0131ndan b\u00fcy\u00fck risk ve yanl\u0131\u015ft\u0131r. Bu gibi d\u00fczenlemeler, devleti illegal yap\u0131n\u0131n i\u00e7ine sokabilir. Hep \u2018derin devlet\u2019 deriz, \u2018faili me\u00e7huller\u2019 deriz. Y\u0131llard\u0131r bunu tart\u0131\u015f\u0131yoruz. \u015eimdi geldi\u011fimiz noktada devleti resmen bir yasayla illegal bir \u00e7etenin avu\u00e7lar\u0131na teslim ediyoruz. Bu do\u011fru bir olay de\u011fil. Genel Kurul\u2019daki g\u00f6r\u00fc\u015fmelerde d\u00fczenlemeye kar\u015f\u0131 \u00e7\u0131kaca\u011f\u0131z. Ama e\u011fer AKP bunu kabul eder, yasala\u015ft\u0131r\u0131rsa o zaman do\u011fal olarak biz Anayasa Mahkemesi\u2019ne gidece\u011fiz.<\/p>\n<p style=\"text-align: justify;\"><strong>CEMAATE BAKI\u015e:<\/strong><\/p>\n<p style=\"text-align: justify;\">Belli bir inan\u00e7 grubunun bir araya gelmesi, kendi inan\u00e7lar\u0131n\u0131 payla\u015fmas\u0131 bizim a\u00e7\u0131m\u0131zdan sorun de\u011fil. Herkesin inanc\u0131 vard\u0131r, biz ona sayg\u0131 duyar\u0131z. Ama belli bir inan\u00e7 grubunun siyaseti y\u00f6nlendirmek, siyasetin yap\u0131s\u0131na m\u00fcdahale etmek gibi bir anlay\u0131\u015f\u0131 do\u011fru bulmay\u0131z. B\u00f6yle bir durumun olup olmad\u0131\u011f\u0131 y\u00f6n\u00fcnde elimizde somut bir veri yok. Ancak bu gazetelerde yaz\u0131l\u0131yor. Elde somut veri olmadan bir taraf\u0131 su\u00e7lamak yanl\u0131\u015f olur&#8230; Biz ki\u015filerle, makamlarla, unvanlarla ilgili de\u011filiz. CHP olaya hukukun \u00fcst\u00fcnl\u00fc\u011f\u00fc, demokrasi ve insan haklar\u0131 a\u00e7\u0131s\u0131ndan bakar. Hukuk a\u00e7\u0131s\u0131ndan kim ma\u011fdursa onun hakk\u0131n\u0131 savunuruz. Hukuk devletinde \u00f6zel g\u00f6revlendirme olamaz. Biz \u015fu cemaattir, \u015fu M\u0130T m\u00fcste\u015far\u0131d\u0131r, \u015fu savc\u0131d\u0131r diye bakm\u0131yoruz. Demokrasi ve hukukun \u00fcst\u00fcnl\u00fc\u011f\u00fc a\u00e7\u0131s\u0131ndan olaylara bak\u0131yoruz. Bir siyaset\u00e7inin g\u00f6revi de budur zaten. Siz olaylara demokrasi ve hukukun \u00fcst\u00fcnl\u00fc\u011f\u00fc a\u00e7\u0131s\u0131ndan bakmaz, irdelemezseniz dar sokaklara girersiniz o dar sokaklar \u00e7\u0131kmaz sokaklard\u0131r.<\/p>\n<p style=\"text-align: justify;\"><strong>C\u0130DD\u0130 B\u00d6L\u00dcNME VAR:\u00a0<\/strong><\/p>\n<p style=\"text-align: justify;\">Siz kalk\u0131p \u2018\u015fu bendendir, bu benden de\u011fildir\u2019 diye bir ayr\u0131m yaparsan\u0131z, \u015fimdi de devletin kurumlar\u0131n\u0131 \u2018benden yana olanlar, bana kar\u015f\u0131 olan kurumlar\u2019 diye ay\u0131r\u0131rsan\u0131z devlet dedi\u011fimiz g\u00fcc\u00fc \u00e7at\u0131rdatm\u0131\u015f olursunuz. \u015eu anda geldi\u011fimiz nokta bu. Devletin i\u00e7inde ciddi b\u00f6l\u00fcnme var.<\/p>\n<p style=\"text-align: justify;\"><strong>\u00d6ZEL MAHKEMELER:\u00a0<\/strong><\/p>\n<p style=\"text-align: justify;\">\u00d6zel Yetkili Mahkemeler, eski s\u0131k\u0131 y\u00f6netim mahkemeleridir. Hukukun oldu\u011fu yerde bu t\u00fcr mahkemelere ihtiya\u00e7 yoktur. Bunlar operasyon mahkemeleridir. Bunlara talimat verilir, bu mahkemeler talimat\u0131n gere\u011fini yerine getirirler.<\/p>\n<p style=\"text-align: justify;\"><strong>BA\u015eBU\u011e\u2019A SU\u00c7LAMALAR:\u00a0<\/strong><\/p>\n<p style=\"text-align: justify;\">\u015eu soruyu kendimize sormam\u0131z laz\u0131m; \u0130lker Ba\u015fbu\u011f\u2019u bir komutanken ald\u0131n\u0131z, ordu komutan\u0131, kara kuvvetleri komutan\u0131, genelkurmay ba\u015fkan\u0131 yapt\u0131n\u0131z. Ve ter\u00f6r \u00f6rg\u00fct\u00fcn\u00fc de kara kuvvetleri komutan\u0131yken kurdu\u011fu s\u00f6yleniyor. O zaman bu ter\u00f6r \u00f6rg\u00fct\u00fcne yard\u0131m ve yatakl\u0131k yapanlar kim? Onu terfi ettirenler mi? Onlar yarg\u0131lanmayacak m\u0131? B\u00f6yle bir sa\u00e7mal\u0131k olabilir mi? Herkes yarg\u0131lanabilir, ancak o yarg\u0131n\u0131n ba\u011f\u0131ms\u0131z yarg\u0131 olmas\u0131 gerekir.<\/p>\n<p style=\"text-align: justify;\"><strong>DANI\u015eTAY\u2019DA B\u00d6CEK:\u00a0<\/strong><\/p>\n<p style=\"text-align: justify;\">AKP\u2019nin iktidar oldu\u011fu bir \u00fclkede bunlar normaldir. Anormal de\u011fildir. Ba\u015fbakan Geni\u015fletilmi\u015f \u0130l Ba\u015fkanlar\u0131 toplant\u0131s\u0131nda beni ad\u0131m ad\u0131m izledi\u011fini s\u00f6yledi, bunu kimse ele\u015ftirmedi. Dan\u0131\u015ftay\u2019da b\u00f6cek bulunmu\u015f, bulunabilir, koyan belli.<\/p>\n<p style=\"text-align: justify;\">Oylarda gerileme de yok art\u0131\u015f da&#8230;<\/p>\n<p style=\"text-align: justify;\"><strong>&#8211; T\u00fcz\u00fck tart\u0131\u015fmalar\u0131 partiyi y\u0131prat\u0131yor mu?\u00a0<\/strong><\/p>\n<p style=\"text-align: justify;\">E\u011fer bir t\u00fcz\u00fck de\u011fi\u015fikli\u011fini \u00f6rg\u00fct\u00fcn istedi\u011fi \u015fekilde, daha demokratik bir yap\u0131n\u0131n olu\u015fmas\u0131 i\u00e7in yap\u0131yorsak, bu CHP\u2019yi y\u0131pratmaz, di\u011fer siyasi partilere \u00f6rnek olur. Demokrasi \u015f\u00f6leni i\u00e7erisinde kurultay\u0131 yapaca\u011f\u0131z. Kurultay, demokrasinin bir gere\u011fidir, kurultay toplamak ay\u0131p bir \u015fey de\u011fildir.<\/p>\n<p style=\"text-align: justify;\"><strong>&#8211; Sav, \u2018CHP Atat\u00fcrk\u2019e kalmad\u0131, K\u0131l\u0131\u00e7daro\u011flu\u2019na kalmaz\u2019 dedi. Bu s\u00f6z\u00fcn \u00fczerinizdeki etkisi nedir?\u00a0<\/strong><\/p>\n<p style=\"text-align: justify;\">Do\u011fru s\u00f6z, hi\u00e7bir makam hi\u00e7bir ki\u015fiye kal\u0131c\u0131 de\u011fil. Ho\u015f bir seda b\u0131rak\u0131yorsan\u0131z, g\u00fczel olan da odur.<\/p>\n<p style=\"text-align: justify;\"><strong>&#8211; CHP oy kaybediyor mu?\u00a0<\/strong><\/p>\n<p style=\"text-align: justify;\">B\u00fct\u00fcn anketlere sayg\u0131m var. Ama bizim g\u00f6rd\u00fc\u011f\u00fcm\u00fcz kadar\u0131yla oylar\u0131m\u0131zda bir gerileme yok ama belirgin bir art\u0131\u015f\u0131n olmad\u0131\u011f\u0131n\u0131 da a\u00e7\u0131k y\u00fcreklilikle ifade edeyim. Se\u00e7imlerde bekledi\u011fimiz oyu alamad\u0131k, halk\u0131m\u0131za projelerimizi daha fazla anlatmam\u0131z gerekiyor.<\/p>\n<p style=\"text-align: justify;\"><strong>\u00a0\u2018Sorumluluk G\u00fcl\u2019\u00fcn\u2019 dedi, vazge\u00e7ti\u00a0<\/strong><\/p>\n<p style=\"text-align: justify;\">CHP, Cumhurba\u015fkan\u0131 Abdullah G\u00fcl\u2019\u00fcn g\u00f6rev s\u00fcresini 7 y\u0131l olarak belirleyen yasay\u0131 Anayasa Mahkemesi\u2019ne g\u00f6t\u00fcrmeme karar\u0131 ald\u0131. CHP kulislerinde, \u201cAbdullah G\u00fcl Anayasa\u2019ya ayk\u0131r\u0131 yasay\u0131 onaylad\u0131. Sorumluluk onun olmal\u0131d\u0131r. CHP\u2019ye pas atmas\u0131 sorumlulu\u011funu kald\u0131rmaz\u201d de\u011ferlendirmesinin yap\u0131ld\u0131\u011f\u0131 bildirildi. CHP, Cumhurba\u015fkan\u0131 G\u00fcl\u2019\u00fcn g\u00f6rev s\u00fcresini 7 y\u0131l olarak belirleyen yasay\u0131 Anayasa Mahkemesi\u2019ne g\u00f6t\u00fcrm\u00fcyor. Cumhurba\u015fkan\u0131 Abdullah G\u00fcl\u2019\u00fcn g\u00f6rev s\u00fcresine ili\u015fkin ya\u015fanan tart\u0131\u015fmalar\u0131 sonland\u0131rmak i\u00e7in Cumhurba\u015fkanl\u0131\u011f\u0131 Se\u00e7im Kanunu\u2019nda d\u00fczenleme yap\u0131lm\u0131\u015ft\u0131. Yap\u0131lan d\u00fczenleme ile G\u00fcl\u2019\u00fcn g\u00f6rev s\u00fcresini 7 y\u0131l olarak belirlenmi\u015f ve bir daha da se\u00e7ilemeyece\u011fi h\u00fckm\u00fc yer alm\u0131\u015ft\u0131. CHP Anayasa\u2019n\u0131n kanunlarla d\u00fczenlenemeyece\u011fini ifade etmi\u015f ve kanunun Anayasa\u2019ya ayk\u0131r\u0131 oldu\u011fu g\u00f6r\u00fc\u015f\u00fcn\u00fc savunmu\u015ftu. G\u00fcl\u2019e \u00e7a\u011fr\u0131 yapan CHP lideri K\u0131l\u0131\u00e7daro\u011flu, yasay\u0131 onaylamamas\u0131n\u0131 istemi\u015fti. G\u00fcl, \u201cCHP Anayasa Mahkemesi\u2019ne gidecektir\u201d a\u00e7\u0131klamas\u0131 yapm\u0131\u015ft\u0131. CHP yasay\u0131 AYM\u2019ye g\u00f6t\u00fcrmeme karar\u0131 al\u0131rken, baz\u0131 muhalif milletvekillerinin buna tepki g\u00f6sterdi\u011fi de \u00f6\u011frenildi. CHP kulislerinde, \u201cHaz\u0131rl\u0131klar yap\u0131ld\u0131 ama Anayasa\u2019ya ayk\u0131r\u0131 d\u00fczenlemeyi onaylayan Abdullah G\u00fcl, pas\u0131 CHP\u2019ye att\u0131. CHP uyar\u0131lar\u0131n\u0131 yapt\u0131 ancak yasa onayland\u0131. Sorumluluk o makam\u0131n olmal\u0131d\u0131r. CHP\u2019ye pas atmas\u0131 sorumlulu\u011funu kald\u0131rmaz\u201d de\u011ferlendirmesinin yap\u0131ld\u0131\u011f\u0131 \u00f6\u011frenildi.(K\u0131van\u00e7 EL\/ ANKARA)<\/p>\n<p style=\"text-align: justify;\"><a href=\"http:\/\/haber.gazetevatan.com\/yasa-gecerse-anayasa-mahkemesine-goturecegiz\/431317\/9\/Siyaset\" target=\"_blank\">Kaynak : VATAN \u00a0Gazetesi<\/a><\/p>\n","protected":false},"excerpt":{"rendered":"<p style=\"text-align: center;\">\n<p style=\"text-align: justify;\">CHP lideri, \u201cM\u0130T mensuplar\u0131yla ilgili bir d\u00fczenleme zaten var. Ki\u015fiye \u00f6zel yasa yap\u0131lamaz. Genel Kurul\u2019daki g\u00f6r\u00fc\u015fmelerde d\u00fczenlemeye kar\u015f\u0131 \u00e7\u0131kaca\u011f\u0131z. Ama e\u011fer AKP bunu kabul eder, yasala\u015ft\u0131r\u0131rsa o zaman do\u011fal olarak biz Anayasa Mahkemesi\u2019ne gidece\u011fiz\u201d dedi.<\/p>\n<p style=\"text-align: justify;\">CHP Genel Ba\u015fkan\u0131 Kemal K\u0131l\u0131\u00e7daro\u011flu, NTV\u2019nin canl\u0131 yay\u0131n\u0131na kat\u0131larak g\u00fcndeme ili\u015fkin sorular\u0131 yan\u0131tlad\u0131.<\/p>\n","protected":false},"author":1,"featured_media":0,"comment_status":"open","ping_status":"open","sticky":false,"template":"","format":"standard","meta":{"footnotes":""},"categories":[105],"tags":[],"class_list":["post-48905","post","type-post","status-publish","format-standard","hentry","category-gundem","odd"],"_links":{"self":[{"href":"http:\/\/www.korhanyilmaz.com\/index.php?rest_route=\/wp\/v2\/posts\/48905","targetHints":{"allow":["GET"]}}],"collection":[{"href":"http:\/\/www.korhanyilmaz.com\/index.php?rest_route=\/wp\/v2\/posts"}],"about":[{"href":"http:\/\/www.korhanyilmaz.com\/index.php?rest_route=\/wp\/v2\/types\/post"}],"author":[{"embeddable":true,"href":"http:\/\/www.korhanyilmaz.com\/index.php?rest_route=\/wp\/v2\/users\/1"}],"replies":[{"embeddable":true,"href":"http:\/\/www.korhanyilmaz.com\/index.php?rest_route=%2Fwp%2Fv2%2Fcomments&post=48905"}],"version-history":[{"count":0,"href":"http:\/\/www.korhanyilmaz.com\/index.php?rest_route=\/wp\/v2\/posts\/48905\/revisions"}],"wp:attachment":[{"href":"http:\/\/www.korhanyilmaz.com\/index.php?rest_route=%2Fwp%2Fv2%2Fmedia&parent=48905"}],"wp:term":[{"taxonomy":"category","embeddable":true,"href":"http:\/\/www.korhanyilmaz.com\/index.php?rest_route=%2Fwp%2Fv2%2Fcategories&post=48905"},{"taxonomy":"post_tag","embeddable":true,"href":"http:\/\/www.korhanyilmaz.com\/index.php?rest_route=%2Fwp%2Fv2%2Ftags&post=48905"}],"curies":[{"name":"wp","href":"https:\/\/api.w.org\/{rel}","templated":true}]}}