{"id":48901,"date":"2012-02-16T22:39:06","date_gmt":"2012-02-16T20:39:06","guid":{"rendered":"http:\/\/www.korhanyilmaz.com\/?p=48901"},"modified":"2012-02-17T00:49:43","modified_gmt":"2012-02-16T22:49:43","slug":"hakimden-aptallik-indirimi","status":"publish","type":"post","link":"http:\/\/www.korhanyilmaz.com\/?p=48901","title":{"rendered":"Hakimden &#8216;aptall\u0131k&#8217; indirimi"},"content":{"rendered":"<p style=\"text-align: center;\"><a href=\"http:\/\/www.korhanyilmaz.com\/wp-content\/uploads\/2012\/02\/9810.jpg\"  class=\"lightview\"><img loading=\"lazy\" decoding=\"async\" class=\"aligncenter  wp-image-48902\" src=\"http:\/\/www.korhanyilmaz.com\/wp-content\/uploads\/2012\/02\/9810.jpg\" alt=\"\" width=\"276\" height=\"207\" \/><\/a><\/p>\n<p style=\"text-align: justify;\">\u0130rlanda&#8217;n\u0131n ba\u015fkenti Dublin&#8217;de g\u00f6r\u00fclen bir soygun giri\u015fimi davas\u0131nda, hakim, &#8221;T\u00fcm zamanlar\u0131n en aptal su\u00e7lusu&#8221; diye niteledi\u011fi san\u0131\u011f\u0131n cezas\u0131nda indirime gitti.<\/p>\n<p style=\"text-align: justify;\">Dublin- \u0130rlanda&#8217;n\u0131n ba\u015fkenti Dublin&#8217;deki bir alt\u0131n deposuna 2010 y\u0131l\u0131nda soygun giri\u015fiminde bulunan 30 ya\u015f\u0131ndaki Gary Byrne, olay yerini terk ederken iki su\u00e7 orta\u011f\u0131n\u0131, bask\u0131n s\u0131ras\u0131nda etkisiz hale getirdikleri g\u00f6revlilerle depoya kilitledi.\u00a0<!--more--><\/p>\n<p style=\"text-align: justify;\">\u0130n\u015faat i\u015f\u00e7isi k\u0131l\u0131\u011f\u0131nda ve oyuncak silahla soygun giri\u015fiminde bulunan Bryne, kepengini indirdi\u011fi depoyu kilitledikten sonra arabas\u0131yla ka\u00e7t\u0131.<\/p>\n<p style=\"text-align: justify;\">Olay yerine gelen itfaiye ekiplerinin kepengi k\u0131rmas\u0131yla d\u0131\u015far\u0131 \u00e7\u0131kar\u0131lan Byrne&#8217;\u0131n su\u00e7 ortaklar\u0131, polise teslim olmak zorunda kald\u0131.<\/p>\n<p style=\"text-align: justify;\">Ba\u015far\u0131s\u0131z soygun giri\u015fimine dahil oldu\u011fu parmak izleri ve g\u00fcvenlik kameralar\u0131 g\u00f6r\u00fcnt\u00fcleriyle de tespit edilen, olayda kulland\u0131\u011f\u0131 \u00e7elik ba\u015fl\u0131\u011f\u0131, ceketi ve eldivenleri bir \u00e7al\u0131l\u0131kta bulunan Gary Byrne ve depoya kilitledi\u011fi su\u00e7 ortaklar\u0131n\u0131n yarg\u0131lanmas\u0131 tamamland\u0131.<\/p>\n<p style=\"text-align: justify;\">Davaya bakan Dublin B\u00f6lge Ceza Mahkemesi Hakimi Donagh McDonagh, olay\u0131 &#8221;Dublin&#8217;in yak\u0131n su\u00e7 tarihindeki en g\u00fcl\u00fcn\u00e7 hadiselerden biri&#8221; diye nitelerken, Gary Bryne&#8217;\u0131 ise esprili bir \u015fekilde, &#8221;T\u00fcm zamanlar\u0131n mahkemeye \u00e7\u0131kar\u0131lan en aptal su\u00e7lusu&#8221; ilan etti.<\/p>\n<p style=\"text-align: justify;\">Hakim Donagh, kendi deyimiyle &#8221;Az\u0131l\u0131 bir su\u00e7lu olmad\u0131\u011f\u0131 anla\u015f\u0131lan&#8221; Gary Bryne&#8217;a verdi\u011fi 7 y\u0131l hapis cezas\u0131n\u0131n son iki y\u0131l\u0131n\u0131, &#8221;Aptall\u0131k indirimi&#8221;nden yararland\u0131rarak, erteledi.<\/p>\n<p style=\"text-align: justify;\">Byrne&#8217;\u0131n su\u00e7 ortaklar\u0131 Ian Jordan (33) ve Aidan Murphy&#8217;ye (32) ise 5&#8217;er hapis cezas\u0131 verildi.<\/p>\n<p style=\"text-align: justify;\"><a href=\"http:\/\/www.cumhuriyet.com.tr\/?hn=315894\" target=\"_blank\">Kaynak : Cumhuriyet Haber Portal\u0131<\/a><\/p>\n","protected":false},"excerpt":{"rendered":"<p style=\"text-align: center;\">\n<p style=\"text-align: justify;\">\u0130rlanda&#8217;n\u0131n ba\u015fkenti Dublin&#8217;de g\u00f6r\u00fclen bir soygun giri\u015fimi davas\u0131nda, hakim, &#8221;T\u00fcm zamanlar\u0131n en aptal su\u00e7lusu&#8221; diye niteledi\u011fi san\u0131\u011f\u0131n cezas\u0131nda indirime gitti.<\/p>\n<p style=\"text-align: justify;\">Dublin- \u0130rlanda&#8217;n\u0131n ba\u015fkenti Dublin&#8217;deki bir alt\u0131n deposuna 2010 y\u0131l\u0131nda soygun giri\u015fiminde bulunan 30 ya\u015f\u0131ndaki Gary Byrne, olay yerini terk ederken iki su\u00e7 orta\u011f\u0131n\u0131, bask\u0131n s\u0131ras\u0131nda etkisiz hale getirdikleri <\/p>\n","protected":false},"author":1,"featured_media":0,"comment_status":"open","ping_status":"open","sticky":false,"template":"","format":"standard","meta":{"footnotes":""},"categories":[105],"tags":[],"class_list":["post-48901","post","type-post","status-publish","format-standard","hentry","category-gundem","odd"],"_links":{"self":[{"href":"http:\/\/www.korhanyilmaz.com\/index.php?rest_route=\/wp\/v2\/posts\/48901","targetHints":{"allow":["GET"]}}],"collection":[{"href":"http:\/\/www.korhanyilmaz.com\/index.php?rest_route=\/wp\/v2\/posts"}],"about":[{"href":"http:\/\/www.korhanyilmaz.com\/index.php?rest_route=\/wp\/v2\/types\/post"}],"author":[{"embeddable":true,"href":"http:\/\/www.korhanyilmaz.com\/index.php?rest_route=\/wp\/v2\/users\/1"}],"replies":[{"embeddable":true,"href":"http:\/\/www.korhanyilmaz.com\/index.php?rest_route=%2Fwp%2Fv2%2Fcomments&post=48901"}],"version-history":[{"count":0,"href":"http:\/\/www.korhanyilmaz.com\/index.php?rest_route=\/wp\/v2\/posts\/48901\/revisions"}],"wp:attachment":[{"href":"http:\/\/www.korhanyilmaz.com\/index.php?rest_route=%2Fwp%2Fv2%2Fmedia&parent=48901"}],"wp:term":[{"taxonomy":"category","embeddable":true,"href":"http:\/\/www.korhanyilmaz.com\/index.php?rest_route=%2Fwp%2Fv2%2Fcategories&post=48901"},{"taxonomy":"post_tag","embeddable":true,"href":"http:\/\/www.korhanyilmaz.com\/index.php?rest_route=%2Fwp%2Fv2%2Ftags&post=48901"}],"curies":[{"name":"wp","href":"https:\/\/api.w.org\/{rel}","templated":true}]}}