{"id":48897,"date":"2012-02-16T22:47:27","date_gmt":"2012-02-16T20:47:27","guid":{"rendered":"http:\/\/www.korhanyilmaz.com\/?p=48897"},"modified":"2012-02-17T00:40:47","modified_gmt":"2012-02-16T22:40:47","slug":"ocalandan-kabul-edilebilir-bir-teklif-gelseydi","status":"publish","type":"post","link":"http:\/\/www.korhanyilmaz.com\/?p=48897","title":{"rendered":"&#8220;\u00d6calan&#8217;dan kabul edilebilir bir teklif gelseydi&#8230;&#8221;"},"content":{"rendered":"<p style=\"text-align: center;\"><a href=\"http:\/\/www.korhanyilmaz.com\/wp-content\/uploads\/2012\/02\/9809.jpg\"  class=\"lightview\"><img loading=\"lazy\" decoding=\"async\" class=\"aligncenter  wp-image-48898\" src=\"http:\/\/www.korhanyilmaz.com\/wp-content\/uploads\/2012\/02\/9809.jpg\" alt=\"\" width=\"336\" height=\"223\" \/><\/a><\/p>\n<p style=\"text-align: justify;\">Adalet Bakan\u0131 Sadullah Ergin, &#8216;\u00d6calan&#8217;la g\u00f6r\u00fc\u015fmelerde h\u00fck\u00fcmetin kabul edebilece\u011fi bir zemin olu\u015fsayd\u0131 bunu getirip bu parlamentoda gere\u011fini yapmak \u00fczere harekete ge\u00e7erdik&#8217; dedi.<\/p>\n<p style=\"text-align: justify;\">TBMM &#8211; TBMM Genel Kurulunda, M\u0130T Kanunu&#8217;nda de\u011fi\u015fiklik yapan kanun teklifinin t\u00fcm\u00fc \u00fczerindeki g\u00f6r\u00fc\u015fmelerde s\u00f6z muhalefet milletvekilleri, h\u00fck\u00fcmete kanunla ilgili sorular\u0131n\u0131 ve itirazlar\u0131n\u0131 y\u00f6neltti.\u00a0<!--more--><\/p>\n<p style=\"text-align: justify;\">Milletvekillerinin sorular\u0131n\u0131 yan\u0131tlayan Adalet Bakan\u0131 Sadullah Ergin, 2009 y\u0131l\u0131nda Habur S\u0131n\u0131r Kap\u0131s\u0131&#8217;ndan giren ter\u00f6r \u00f6rg\u00fct\u00fc elemanlar\u0131 ile g\u00f6r\u00fc\u015fme yap\u0131l\u0131p yap\u0131lmad\u0131\u011f\u0131 sorusu \u00fczerine, b\u00f6yle bir g\u00f6r\u00fc\u015fmenin s\u00f6z konusu olmad\u0131\u011f\u0131n\u0131 ifade etti. Ergin, \u015funlar\u0131 s\u00f6yledi:<\/p>\n<p style=\"text-align: justify;\">\u201cTer\u00f6r \u00f6rg\u00fct\u00fc eleba\u015f\u0131 1999 y\u0131l\u0131nda T\u00fcrkiye&#8217;ye geldi\u011finde \u0130mral\u0131&#8217;da hapsedildi. Yarg\u0131lamalar\u0131 Ankara Mahkemeleri taraf\u0131ndan adada yap\u0131ld\u0131. Bu yarg\u0131lamalar\u0131n \u00f6ncesi, esnas\u0131 ve sonras\u0131nda devletin ilgili yetkili birimleri, T\u00fcrkiye&#8217;ye geldi\u011fi g\u00fcnden itibaren ihtiya\u00e7 duyduklar\u0131 zaman ve zeminde ter\u00f6r \u00f6rg\u00fct\u00fc eleba\u015f\u0131 ile g\u00f6r\u00fc\u015fmeler yapm\u0131\u015flard\u0131r. Bug\u00fcne kadar g\u00f6rev yapm\u0131\u015f t\u00fcm siyasi iktidarlar d\u00f6neminde ihtiya\u00e7 duyuldu\u011funda belli g\u00f6r\u00fc\u015fmeler yap\u0131lm\u0131\u015ft\u0131r. Asker b\u00fcrokrasisi, istihbarat b\u00fcrokrasisi ve g\u00fcvenlik b\u00fcrokrasisi yapm\u0131\u015ft\u0131r.<\/p>\n<p style=\"text-align: justify;\">Zaten bir devletin, \u00fclkesinde var olan b\u00f6ylesi yak\u0131c\u0131 problemi \u00e7\u00f6zmek i\u00e7in bir imkan bir enstr\u00fcman varsa bunu kullanmamas\u0131, bu yola m\u00fcracaat etmemesi sorgulanmas\u0131 gereken olayad\u0131r. D\u00fcnyan\u0131n hangi \u00fclkesi vard\u0131r ki elinde b\u00f6yle imkan varken bunlar\u0131 kullanm\u0131\u015f olmas\u0131n. Bug\u00fcne kadar bu g\u00f6r\u00fc\u015fmeler yap\u0131lm\u0131\u015ft\u0131r ve bundan sonra da ihtiya\u00e7 olmas\u0131 halinde devlet g\u00fcvenlik birimleri, istihbarat birimleri, ihtiya\u00e7 duyarsa bundan sonra da bu g\u00f6r\u00fc\u015fmeler yap\u0131l\u0131r.\u201d<\/p>\n<p style=\"text-align: justify;\">Ergin, istihbarat birimlerinin ter\u00f6r \u00f6rg\u00fct\u00fc eleba\u015f\u0131 ile neler g\u00f6r\u00fc\u015ft\u00fc\u011f\u00fc y\u00f6n\u00fcndeki soruya, \u015fu yan\u0131t\u0131 verdi:<\/p>\n<p style=\"text-align: justify;\">\u201cBu g\u00f6r\u00fc\u015fmelerde siz de yoktunuz, biz de yoktuk. Bu g\u00f6r\u00fc\u015fmelerin sonucunda \u015fayet T\u00fcrkiye Cumhuriyeti Devleti&#8217;nin ve o devletin y\u00f6netiminde var olan yetkili h\u00fck\u00fcmetin kabul edebilece\u011fi bir zemin olu\u015fsayd\u0131 bunu getirip bu parlamentoda gere\u011fini yapmak \u00fczere harekete ge\u00e7erdik.<\/p>\n<p style=\"text-align: justify;\">\u0130stihbarat \u00f6rg\u00fctleri d\u00fcnyan\u0131n her yerinde iyi insanlarla g\u00fcre\u015fmek i\u00e7in var olan \u00f6rg\u00fctler de\u011fildir. Burada bir makul sonuca ula\u015f\u0131l\u0131r ise bunlar uygulanmak \u00fczere bir yere gelir. Muhatab\u0131n\u0131z akla hayale gelmedik \u015feyler s\u00f6yleyebilir, talepte bulunabilir. Bunlar kabul edilmedi\u011fi s\u00fcrece talebi dile getireni ba\u011flar. Bu g\u00f6r\u00fc\u015fmeleri yapan istihbarat birimlerinin H\u00fck\u00fcmetimize bu noktada yapm\u0131\u015f oldu\u011fu herhangi bir telkin yoktur. H\u00fck\u00fcmetimizin bu noktada verdi\u011fi herhangi bir s\u00f6z ve taahh\u00fct s\u00f6z konusu de\u011fildir. \u00c7ok a\u00e7\u0131k ilan ediyorum.\u201d<\/p>\n<p style=\"text-align: justify;\">Bakan Ergin, \u201cVan Savc\u0131s\u0131 Ferhat Sar\u0131kaya g\u00f6revden al\u0131nd\u0131\u011f\u0131nda tepki koydunuz, \u015fimdi ba\u015fka bir Sar\u0131kaya g\u00f6revden al\u0131nd\u0131 neden buna tepki koymuyorsunuz?\u201d \u015feklindeki soru \u00fczerine, Van Savc\u0131s\u0131 Sar\u0131kaya&#8217;n\u0131n haz\u0131rlad\u0131\u011f\u0131 bir fezleke sonras\u0131nda hem dosyadan al\u0131nd\u0131\u011f\u0131n\u0131 hem de meslekten ihra\u00e7 edildi\u011fini s\u00f6yledi. HSYK&#8217;n\u0131n kulland\u0131\u011f\u0131 ihra\u00e7 tasarrufunun, mevcut Hakimler Savc\u0131lar Yasas\u0131&#8217;ndaki gerek\u00e7eleri dayanmad\u0131\u011f\u0131n\u0131 ve bu karar\u0131n keyfi oldu\u011funu s\u00f6ylediklerini an\u0131msatt\u0131. Ergin, \u201cOysa \u00f6n\u00fcm\u00fczdeki uygulamada, HSYK taraf\u0131ndan herhangi bir el \u00e7ektirme de yoktur, herhangi bir g\u00f6revden alma i\u015flemi de yoktur. Savc\u0131 g\u00f6revinin ba\u015f\u0131ndad\u0131r. \u00c7al\u0131\u015fmalar\u0131n\u0131 yap\u0131yor. Sar\u0131kaya ile bunun aras\u0131nda benzetme yapmak yanl\u0131\u015f olur\u201d diye konu\u015ftu.<\/p>\n<p style=\"text-align: justify;\"><a href=\"http:\/\/www.radikal.com.tr\/Radikal.aspx?aType=RadikalDetayV3&amp;ArticleID=1078999&amp;CategoryID=78\" target=\"_blank\">Kaynak : Radikal.com.tr<\/a><\/p>\n","protected":false},"excerpt":{"rendered":"<p style=\"text-align: center;\">\n<p style=\"text-align: justify;\">Adalet Bakan\u0131 Sadullah Ergin, &#8216;\u00d6calan&#8217;la g\u00f6r\u00fc\u015fmelerde h\u00fck\u00fcmetin kabul edebilece\u011fi bir zemin olu\u015fsayd\u0131 bunu getirip bu parlamentoda gere\u011fini yapmak \u00fczere harekete ge\u00e7erdik&#8217; dedi.<\/p>\n<p style=\"text-align: justify;\">TBMM &#8211; TBMM Genel Kurulunda, M\u0130T Kanunu&#8217;nda de\u011fi\u015fiklik yapan kanun teklifinin t\u00fcm\u00fc \u00fczerindeki g\u00f6r\u00fc\u015fmelerde s\u00f6z muhalefet milletvekilleri, h\u00fck\u00fcmete kanunla ilgili sorular\u0131n\u0131 ve itirazlar\u0131n\u0131 y\u00f6neltti. <\/p>\n","protected":false},"author":1,"featured_media":0,"comment_status":"open","ping_status":"open","sticky":false,"template":"","format":"standard","meta":{"footnotes":""},"categories":[105],"tags":[],"class_list":["post-48897","post","type-post","status-publish","format-standard","hentry","category-gundem","odd"],"_links":{"self":[{"href":"http:\/\/www.korhanyilmaz.com\/index.php?rest_route=\/wp\/v2\/posts\/48897","targetHints":{"allow":["GET"]}}],"collection":[{"href":"http:\/\/www.korhanyilmaz.com\/index.php?rest_route=\/wp\/v2\/posts"}],"about":[{"href":"http:\/\/www.korhanyilmaz.com\/index.php?rest_route=\/wp\/v2\/types\/post"}],"author":[{"embeddable":true,"href":"http:\/\/www.korhanyilmaz.com\/index.php?rest_route=\/wp\/v2\/users\/1"}],"replies":[{"embeddable":true,"href":"http:\/\/www.korhanyilmaz.com\/index.php?rest_route=%2Fwp%2Fv2%2Fcomments&post=48897"}],"version-history":[{"count":0,"href":"http:\/\/www.korhanyilmaz.com\/index.php?rest_route=\/wp\/v2\/posts\/48897\/revisions"}],"wp:attachment":[{"href":"http:\/\/www.korhanyilmaz.com\/index.php?rest_route=%2Fwp%2Fv2%2Fmedia&parent=48897"}],"wp:term":[{"taxonomy":"category","embeddable":true,"href":"http:\/\/www.korhanyilmaz.com\/index.php?rest_route=%2Fwp%2Fv2%2Fcategories&post=48897"},{"taxonomy":"post_tag","embeddable":true,"href":"http:\/\/www.korhanyilmaz.com\/index.php?rest_route=%2Fwp%2Fv2%2Ftags&post=48897"}],"curies":[{"name":"wp","href":"https:\/\/api.w.org\/{rel}","templated":true}]}}