{"id":48889,"date":"2012-02-15T23:40:03","date_gmt":"2012-02-15T21:40:03","guid":{"rendered":"http:\/\/www.korhanyilmaz.com\/?p=48889"},"modified":"2012-02-16T09:42:21","modified_gmt":"2012-02-16T07:42:21","slug":"halk-alisamadi","status":"publish","type":"post","link":"http:\/\/www.korhanyilmaz.com\/?p=48889","title":{"rendered":"&#8216;Halk al\u0131\u015famad\u0131&#8217;"},"content":{"rendered":"<p style=\"text-align: center;\"><a href=\"http:\/\/www.korhanyilmaz.com\/wp-content\/uploads\/2012\/02\/9807.jpg\"  class=\"lightview\"><img loading=\"lazy\" decoding=\"async\" class=\"aligncenter  wp-image-48890\" src=\"http:\/\/www.korhanyilmaz.com\/wp-content\/uploads\/2012\/02\/9807.jpg\" alt=\"\" width=\"322\" height=\"241\" \/><\/a><\/p>\n<p style=\"text-align: justify;\">Ordu&#8217;nun Aybast\u0131 \u0130l\u00e7esi&#8217;ndeki &#8216;\u0130stiklal&#8217;, &#8216;H\u00fcrriyet&#8217;, &#8216;Cumhuriyet&#8217;, &#8216;\u0130n\u00f6n\u00fc&#8217; caddelerinin adlar\u0131, &#8216;halk al\u0131\u015famad\u0131&#8217; iddias\u0131yla Belediye Meclisi karar\u0131yla de\u011fi\u015ftirildi.<\/p>\n<p style=\"text-align: justify;\">\u0130stanbul- Ordu\u2019nun Aybast\u0131 \u0130l\u00e7esi\u2019nde 8\u2019i AKP&#8217;li, 3\u2019\u00fc DSP\u2019li 11 meclis \u00fcyesinin oy birli\u011fi ile al\u0131nan meclis karar\u0131yla, &#8216;halk\u0131n al\u0131\u015famad\u0131\u011f\u0131&#8217; gerek\u00e7esiyle &#8216;\u0130stiklal, H\u00fcrriyet, Cumhuriyet ve \u0130n\u00f6n\u00fc&#8217; caddelerinin adlar\u0131 de\u011fi\u015ftirildi. \u0130stiklal Caddesi &#8216;H\u00fck\u00fcmet&#8217;, H\u00fcrriyet Caddesi &#8216;G\u00f6lk\u00f6y&#8217;, Cumhuriyet Bulvar\u0131 ikiye b\u00f6l\u00fcn\u00fcp &#8216;Fatsa&#8217; ve &#8216;Re\u015fadiye&#8217;, \u0130n\u00f6n\u00fc Caddesi ise &#8216;Lise Caddesi&#8217; oldu.\u00a0<!--more--><\/p>\n<p style=\"text-align: justify;\"><strong>&#8216;Vatanda\u015f eski isimleri kullan\u0131yordu&#8217;\u00a0<\/strong><\/p>\n<p style=\"text-align: justify;\">Ge\u00e7en 7 \u015eubat tarihinde yap\u0131lan toplant\u0131yla al\u0131nan bu karar tepkileri de beraberinde getirdi. Aybast\u0131 Belediye Ba\u015fkan\u0131 \u0130zzet G\u00fcndo\u011far, yurtta\u015flar ve sivil toplum temsilcilerinden gelen yo\u011fun talep \u00fczerine de\u011fi\u015fikliklerin yap\u0131ld\u0131\u011f\u0131n\u0131 savunarak \u015funlar\u0131 s\u00f6yledi:<\/p>\n<p style=\"text-align: justify;\">&#8220;Aybast\u0131\u2019n\u0131n g\u00fcndeminde b\u00f6yle bir\u015fey yok. Orada AK Partili\u2019ler de var, DSP\u2019liler de var. Oy birli\u011fiyle ald\u0131k. Bir tek muhalif dahi \u00e7\u0131kmad\u0131. Bizim orada yapt\u0131\u011f\u0131m\u0131z \u015fu, bizden \u00f6nce bu isimler de\u011fi\u015ftirilmi\u015fti. Biz o eski isimleri verdik. Yani herhangi siyasi i\u00e7erikli \u015fu veya bu de\u011fil. Ba\u015fka bir niyetimiz yok. Herhangi bir ismi kald\u0131rmak gibi d\u00fc\u015f\u00fcncemiz yok. Devletin kurumlar\u0131yla da, Cumhuriyet\u2019le de, h\u00fcrriyetle de bir problemimiz yok. Bizden de daha \u00e7ok ba\u011fl\u0131 adam g\u00f6remiyorum. O y\u00fczden herhangi bir sorunumuz yok. Vatanda\u015ftan b\u00f6yle bir istek geldi genelde, &#8216;eski isimler verilsin&#8217; diye. Vatanda\u015f eski isimleri kullan\u0131yordu. Cumhuriyet Bulvar\u0131 verilmi\u015f ama, buras\u0131 eskiden Fatsa Caddesi ve Re\u015fadiye Caddesi\u2019ydi. Vatanda\u015f halen bu isimleri kullan\u0131yordu. G\u00f6lk\u00f6y Caddesi\u2019ne farkl\u0131 bir isim verilmi\u015f ama vatanda\u015f G\u00f6lk\u00f6y Caddesi olarak biliyor.&#8221;<\/p>\n<p style=\"text-align: justify;\"><strong>&#8216;Karar ideolojik&#8217;\u00a0<\/strong><\/p>\n<p style=\"text-align: justify;\">1999- 2009 y\u0131llar\u0131 aras\u0131nda Aybast\u0131 Belediye Ba\u015fkanl\u0131\u011f\u0131 g\u00f6revinde bulunan ve o d\u00f6nem cadde ve sokaklara bu isimleri veren DSP\u2019li Fehmi K\u00fcp\u00e7\u00fck ise isim de\u011fi\u015fikli\u011fine tepki g\u00f6sterdi. K\u00fcp\u00e7\u00fck, &#8220;Ben \u0130stiklal, H\u00fcrriyet, Cumhuriyet ve \u0130n\u00f6n\u00fc isimlerini rastgele koymad\u0131m. Bunlar bizim toplumsal olarak en b\u00fcy\u00fck de\u011ferlerimiz. \u015eimdi halktan kesinlikle b\u00f6yle bir talep oldu\u011funu d\u00fc\u015f\u00fcnm\u00fcyorum. Bunlar ideolojik olarak al\u0131nan bir karard\u0131r&#8221; dedi.<\/p>\n<p style=\"text-align: justify;\"><a href=\"http:\/\/www.cumhuriyet.com.tr\/?hn=315550\" target=\"_blank\">Kaynak : Cumhuriyet Haber Portal\u0131<\/a><\/p>\n","protected":false},"excerpt":{"rendered":"<p style=\"text-align: center;\">\n<p style=\"text-align: justify;\">Ordu&#8217;nun Aybast\u0131 \u0130l\u00e7esi&#8217;ndeki &#8216;\u0130stiklal&#8217;, &#8216;H\u00fcrriyet&#8217;, &#8216;Cumhuriyet&#8217;, &#8216;\u0130n\u00f6n\u00fc&#8217; caddelerinin adlar\u0131, &#8216;halk al\u0131\u015famad\u0131&#8217; iddias\u0131yla Belediye Meclisi karar\u0131yla de\u011fi\u015ftirildi.<\/p>\n<p style=\"text-align: justify;\">\u0130stanbul- Ordu\u2019nun Aybast\u0131 \u0130l\u00e7esi\u2019nde 8\u2019i AKP&#8217;li, 3\u2019\u00fc DSP\u2019li 11 meclis \u00fcyesinin oy birli\u011fi ile al\u0131nan meclis karar\u0131yla, &#8216;halk\u0131n al\u0131\u015famad\u0131\u011f\u0131&#8217; gerek\u00e7esiyle &#8216;\u0130stiklal, H\u00fcrriyet, Cumhuriyet ve \u0130n\u00f6n\u00fc&#8217; caddelerinin adlar\u0131 de\u011fi\u015ftirildi. \u0130stiklal Caddesi &#8216;H\u00fck\u00fcmet&#8217;, H\u00fcrriyet <\/p>\n","protected":false},"author":1,"featured_media":0,"comment_status":"open","ping_status":"open","sticky":false,"template":"","format":"standard","meta":{"footnotes":""},"categories":[105],"tags":[],"class_list":["post-48889","post","type-post","status-publish","format-standard","hentry","category-gundem","odd"],"_links":{"self":[{"href":"http:\/\/www.korhanyilmaz.com\/index.php?rest_route=\/wp\/v2\/posts\/48889","targetHints":{"allow":["GET"]}}],"collection":[{"href":"http:\/\/www.korhanyilmaz.com\/index.php?rest_route=\/wp\/v2\/posts"}],"about":[{"href":"http:\/\/www.korhanyilmaz.com\/index.php?rest_route=\/wp\/v2\/types\/post"}],"author":[{"embeddable":true,"href":"http:\/\/www.korhanyilmaz.com\/index.php?rest_route=\/wp\/v2\/users\/1"}],"replies":[{"embeddable":true,"href":"http:\/\/www.korhanyilmaz.com\/index.php?rest_route=%2Fwp%2Fv2%2Fcomments&post=48889"}],"version-history":[{"count":0,"href":"http:\/\/www.korhanyilmaz.com\/index.php?rest_route=\/wp\/v2\/posts\/48889\/revisions"}],"wp:attachment":[{"href":"http:\/\/www.korhanyilmaz.com\/index.php?rest_route=%2Fwp%2Fv2%2Fmedia&parent=48889"}],"wp:term":[{"taxonomy":"category","embeddable":true,"href":"http:\/\/www.korhanyilmaz.com\/index.php?rest_route=%2Fwp%2Fv2%2Fcategories&post=48889"},{"taxonomy":"post_tag","embeddable":true,"href":"http:\/\/www.korhanyilmaz.com\/index.php?rest_route=%2Fwp%2Fv2%2Ftags&post=48889"}],"curies":[{"name":"wp","href":"https:\/\/api.w.org\/{rel}","templated":true}]}}