{"id":48885,"date":"2012-02-15T22:35:25","date_gmt":"2012-02-15T20:35:25","guid":{"rendered":"http:\/\/www.korhanyilmaz.com\/?p=48885"},"modified":"2012-02-16T09:38:12","modified_gmt":"2012-02-16T07:38:12","slug":"artik-hicbirimizin-can-guvenligi-yok","status":"publish","type":"post","link":"http:\/\/www.korhanyilmaz.com\/?p=48885","title":{"rendered":"&#8220;Art\u0131k hi\u00e7birimizin can g\u00fcvenli\u011fi yok!&#8221;"},"content":{"rendered":"<p style=\"text-align: center;\"><a href=\"http:\/\/www.korhanyilmaz.com\/wp-content\/uploads\/2012\/02\/9806.jpg\"  class=\"lightview\"><img loading=\"lazy\" decoding=\"async\" class=\"aligncenter  wp-image-48886\" src=\"http:\/\/www.korhanyilmaz.com\/wp-content\/uploads\/2012\/02\/9806.jpg\" alt=\"\" width=\"304\" height=\"228\" \/><\/a><\/p>\n<p style=\"text-align: justify;\">CHP Grup Ba\u015fkanvekili Muharrem \u0130nce, M\u0130T Kanunu&#8217;nda de\u011fi\u015fiklik \u00f6ng\u00f6ren teklifi ele\u015ftirdi: Bu \u00fclkede hukukun \u00fcst\u00fcnl\u00fc\u011f\u00fc yoktur. Anayasa fiilen yoktur. Bu \u00fclkede devletimizin g\u00fcvenli\u011fi yoktur. Art\u0131k bu \u00fclkede hi\u00e7birimizin can g\u00fcvenli\u011fi yoktur!<\/p>\n<p style=\"text-align: justify;\">Ankara- CHP Grup Ba\u015fkanvekili Muharrem \u0130nce, Mersin Milletvekili Ali R\u0131za \u00d6zt\u00fcrk ile birlikte TBMM&#8217;de bas\u0131n toplant\u0131s\u0131 d\u00fczenledi.\u00a0<!--more--><\/p>\n<p style=\"text-align: justify;\"><strong>Bozda\u011f&#8217;a yan\u0131t\u00a0<\/strong><\/p>\n<p style=\"text-align: justify;\">Ba\u015fbakan Yard\u0131mc\u0131s\u0131 Bekir Bozda\u011f&#8217;\u0131n s\u00f6zlerini hat\u0131rlatan \u0130nce, &#8220;Say\u0131n Bekir Bozda\u011f, \u00f6zel yetkili mahkemeler ihtiya\u00e7 oldu\u011fu s\u00fcrece vard\u0131r, ihtiya\u00e7 bitince kapat\u0131l\u0131r, gibi bir laf etti. Bunun T\u00fcrk\u00e7e meali \u015fudur. Son muhalif tutuklanana kadar son muhalifi i\u00e7eri t\u0131kana kadar bunlar s\u00fcrecek, sonra gere\u011fine bakaca\u011f\u0131z demektir&#8221; dedi.<\/p>\n<p style=\"text-align: justify;\"><strong>&#8220;Kenan Evren ile Recep Tayyip Erdo\u011fan ayn\u0131 kafad\u0131r, ayn\u0131 mant\u0131kt\u0131r&#8221;\u00a0<\/strong><\/p>\n<p style=\"text-align: justify;\">AKP&#8217;nin ucu kendine dokununca yasa \u00e7\u0131kard\u0131\u011f\u0131n\u0131 iddia eden \u0130nce, \u015f\u00f6yle dedi:<\/p>\n<p style=\"text-align: justify;\">&#8220;Nerden biliyoruz, naylon faturac\u0131l\u0131ktan bir bakan su\u00e7lan\u0131nca naylon faturac\u0131lara af, g\u00f6reve getirdikleri insanlar tazminata mahkum olunca yasa \u00e7\u0131kar\u0131p tazminatlar\u0131 devlete \u00f6dettiriyorlar. \u015eimdi de su\u00e7 i\u015fleme g\u00f6revi verdikleri ki\u015filere koruma kalkan\u0131 olu\u015fturmak istiyorlar. Ba\u015fbakan \u00fclkeyi teslim alman\u0131n hukukunu yarat\u0131yor. Teslim ald\u0131 zaten b\u00fct\u00fcn kurumlar diz \u00e7\u00f6kt\u00fc, b\u00fct\u00fcn kurumlar fethedildi \u015fimdi Ba\u015fbakan bunun hukukunu yaratmak istiyor.<\/p>\n<p style=\"text-align: justify;\">Bu iktidar Anayasan\u0131n ge\u00e7ici 15. maddesini kald\u0131rmakla \u00f6v\u00fcn\u00fcyordu, \u015fimdi AKP ge\u00e7ici 15. maddeler olu\u015fturuyor. 12 Eyl\u00fclc\u00fcler yarg\u0131lanamazd\u0131, \u015fimdi de Ba\u015fbakan&#8217;\u0131n adamlar\u0131 yarg\u0131lanamayacak. Kenan Evren ile Recep Tayyip Erdo\u011fan ayn\u0131 kafad\u0131r, ayn\u0131 mant\u0131kt\u0131r.&#8221;<\/p>\n<p style=\"text-align: justify;\"><strong>&#8220;Art\u0131k bu \u00fclkede hi\u00e7birimizin can g\u00fcvenli\u011fi yoktur&#8221;\u00a0<\/strong><\/p>\n<p style=\"text-align: justify;\">&#8220;Art\u0131k bu \u00fclkede hi\u00e7birimizin can g\u00fcvenli\u011fi yoktur&#8221; diyen \u0130nce, &#8220;Bu \u00fclkede hukukun \u00fcst\u00fcnl\u00fc\u011f\u00fc yoktur. Anayasa fiilen yoktur. Bu \u00fclkede devletimizin g\u00fcvenli\u011fi yoktur. Buna kar\u015f\u0131 \u00e7\u0131kan bizlerin de ba\u015f\u0131na nelerin gelece\u011fini, buna kar\u015f\u0131 \u00e7\u0131kan bizlerin ba\u015f\u0131na bu \u00e7etelerin neler getirebilece\u011fini \u00f6n\u00fcm\u00fczdeki g\u00fcnlerde hep beraber g\u00f6rece\u011fiz&#8221; \u015feklinde konu\u015ftu.<\/p>\n<p style=\"text-align: justify;\"><strong>&#8220;Ne id\u00fc\u011f\u00fc belirsiz bir g\u00f6revle ne id\u00fc\u011f\u00fc belirsiz insanlar g\u00f6revlendirilecek&#8221;\u00a0<\/strong><\/p>\n<p style=\"text-align: justify;\">M\u0130T Kanunu&#8217;nda de\u011fi\u015fiklik \u00f6ng\u00f6ren teklifi ele\u015ftiren CHP Mersin Milletvekili Ali R\u0131za \u00d6zt\u00fcrk, &#8220;Ne id\u00fc\u011f\u00fc belirsiz bir g\u00f6revle ne id\u00fc\u011f\u00fc belirsiz insanlar g\u00f6revlendirilecek&#8221; dedi. \u00d6zt\u00fcrk, \u015f\u00f6yle dedi:<\/p>\n<p style=\"text-align: justify;\">&#8220;Ba\u015fbakan taraf\u0131ndan bas\u0131n mensuplar\u0131n\u0131n ortadan kald\u0131r\u0131lma g\u00f6revini yerine getiren adam hakk\u0131nda dava a\u00e7\u0131lmas\u0131 izni kime ba\u011fl\u0131, Ba\u015fbakan&#8217;a ba\u011fl\u0131. Veya herhangi bir ki\u015fiyi g\u00f6revlendirip ana muhalefet partisini ortadan kald\u0131r\u0131n, pekala diyebilir. Siz bu \u00fclkede TSK&#8217;n\u0131n en \u00fcst kademesinde g\u00f6rev yapa komutanlar\u0131 hapse at\u0131yorsunuz. Genelkurmay Ba\u015fkan\u0131&#8217;n\u0131 hapse at\u0131yorsunuz. Peki Ba\u015fbakan&#8217;\u0131n yapmayaca\u011f\u0131 konusunda hukuki bir g\u00fcvence var m\u0131d\u0131r? Umar\u0131m Genel Kurul&#8217;da AKP milletvekilleri ak\u0131llar\u0131na ba\u015flar\u0131n\u0131 al\u0131rlar.&#8221;<\/p>\n<p style=\"text-align: justify;\"><strong>&#8220;Say\u0131n Ar\u0131n\u00e7&#8217;\u0131n akl\u0131na ihtiyac\u0131m\u0131z yok&#8221;\u00a0<\/strong><\/p>\n<p style=\"text-align: justify;\">Ba\u015fbakan Yard\u0131mc\u0131s\u0131 B\u00fclent Ar\u0131n\u00e7&#8217;\u0131n s\u00f6zlerini hat\u0131rlatan bir bas\u0131n mensubunun, &#8220;Teklif kabul edilirse Anayasa Mahkemesine g\u00f6t\u00fcr\u00fcr m\u00fcs\u00fcn\u00fcz?&#8221; sorusuna \u0130nce, \u015f\u00f6yle dedi:<\/p>\n<p style=\"text-align: justify;\">&#8220;Say\u0131n Ar\u0131n\u00e7&#8217;\u0131n akl\u0131na ihtiyac\u0131m\u0131z yok. Biz sa\u011fduyu sahibi olmas\u0131n\u0131 istiyoruz \u00f6nce AKP milletvekillerinin. 1 Mart Tezkeresi&#8217;nde AKP i\u00e7erisinde baz\u0131 milletvekillerinin sa\u011fduyu sahibi olarak ret oyu verdiklerini biliyorsunuz. Bug\u00fcn ayn\u0131 \u015feyi AKP i\u00e7erisindeki milletvekillerinden bekliyoruz. Kulislerde bu yasan\u0131n do\u011fru olmad\u0131\u011f\u0131n\u0131 s\u00f6yleyen AKP&#8217;li milletvekilleri var. Genel Kurul&#8217;a girdiklerinde gelecek se\u00e7imde liste korkusuyla \u00fclkenin g\u00fcvenli\u011fini, insanlar\u0131n can g\u00fcvenli\u011fini tehlikeye atan T\u00fcrkiye&#8217;yi hukuk devleti olmaktan uzakla\u015ft\u0131ran bu yasaya oy vermeyeceklerini d\u00fc\u015f\u00fcn\u00fcyorum. \u00d6nce buna inan\u0131yorum. Ama biz b\u00fct\u00fcn direncimizi g\u00f6sterece\u011fiz, \u0130\u00e7t\u00fcz\u00fc\u011f\u00fcn ve Anayasan\u0131n bize verdi\u011fi hangi yetki varsa onu kullanaca\u011f\u0131z. Ondan sonras\u0131 Say\u0131n Cumhurba\u015fkan\u0131 var \u00f6nce, neden Say\u0131n Cumhurba\u015fkan\u0131n\u0131 es ge\u00e7ip do\u011frudan Anayasa Mahkemesine gidiyorsunuz. Bu \u00fclkede b\u00fct\u00fcn do\u011frular\u0131 CHP mi yapacak. \u00d6nce AKP i\u00e7indeki milletvekillerine sesleniyoruz, \u00f6nce onlar hay\u0131r oyu versin. Onlar onu yapam\u0131yorsa Say\u0131n Cumhurba\u015fkan\u0131 var. Say\u0131n Cumhurba\u015fkan\u0131 \u00c7ankaya noteri mi, AKP noter mi? Say\u0131n Cumhurba\u015fkan\u0131 veto etsin. En son a\u015famas\u0131 bizim Anayasa Mahkemesine gitme hakk\u0131m\u0131z. O a\u015famaya gelmeden bakal\u0131m oralar\u0131 ge\u00e7ebilecek mi, onun i\u00e7in pe\u015finen bir \u015fey s\u00f6ylemem m\u00fcmk\u00fcn de\u011fil.&#8221;<\/p>\n<p style=\"text-align: justify;\"><strong>&#8220;Yarg\u0131ya m\u00fcdahalenin daniskas\u0131 yap\u0131lm\u0131\u015ft\u0131r&#8221;\u00a0<\/strong><\/p>\n<p style=\"text-align: justify;\">&#8220;HSYK&#8217;n\u0131n, Cumhuriyet Savc\u0131s\u0131 Sadrettin Sar\u0131kaya hakk\u0131nda inceleme ba\u015flatmas\u0131n\u0131 nas\u0131l de\u011ferlendiriyorsunuz?&#8221; sorusuna da \u00d6zt\u00fcrk, &#8220;Yarg\u0131ya m\u00fcdahalenin daniskas\u0131 yap\u0131lm\u0131\u015ft\u0131r. HSYK bug\u00fcne kadar Zekeriya \u00d6z ba\u015fta olmak \u00fczere bir s\u00fcr\u00fc savc\u0131 Ceza Muhakemesi Kanunundaki usule uygulamad\u0131klar\u0131 nedenle haklar\u0131nda \u015fikayet olmas\u0131na ra\u011fmen hi\u00e7bir i\u015flem yapmayan HSYK bu savc\u0131yla ilgili hi\u00e7bir \u015fikayet olmamas\u0131na ra\u011fmen bas\u0131ndaki bilgileri ihbar kabul ederek \u015fikayet ba\u015flatm\u0131\u015ft\u0131r. Bu da HSYK&#8217;n\u0131n iktidar taraf\u0131ndan y\u00f6nlendirildi\u011finin, y\u00f6netildi\u011finin somut g\u00f6stergesidir&#8221; yan\u0131t\u0131n\u0131 verdi.<\/p>\n<p style=\"text-align: justify;\">\u0130nce&#8217;de, &#8220;Hukuk tarihimize, siyasi tarihimize birinci Sar\u0131kaya olay\u0131nda ne dedi h\u00fck\u00fcmet ikinci Sar\u0131kaya olay\u0131nda ne dedi, bence bu h\u00fck\u00fcmetin ikiy\u00fczl\u00fc\u011f\u00fcn\u00fcn en g\u00fczel g\u00f6stergesidir&#8221; diye konu\u015ftu.<\/p>\n<p style=\"text-align: justify;\"><a href=\"http:\/\/www.cumhuriyet.com.tr\/?hn=315572\" target=\"_blank\">Kaynak : Cumhuriyet Haber Portal\u0131<\/a><\/p>\n","protected":false},"excerpt":{"rendered":"<p style=\"text-align: center;\">\n<p style=\"text-align: justify;\">CHP Grup Ba\u015fkanvekili Muharrem \u0130nce, M\u0130T Kanunu&#8217;nda de\u011fi\u015fiklik \u00f6ng\u00f6ren teklifi ele\u015ftirdi: Bu \u00fclkede hukukun \u00fcst\u00fcnl\u00fc\u011f\u00fc yoktur. Anayasa fiilen yoktur. Bu \u00fclkede devletimizin g\u00fcvenli\u011fi yoktur. Art\u0131k bu \u00fclkede hi\u00e7birimizin can g\u00fcvenli\u011fi yoktur!<\/p>\n<p style=\"text-align: justify;\">Ankara- CHP Grup Ba\u015fkanvekili Muharrem \u0130nce, Mersin Milletvekili Ali R\u0131za \u00d6zt\u00fcrk ile birlikte TBMM&#8217;de bas\u0131n toplant\u0131s\u0131 d\u00fczenledi. <\/p>\n","protected":false},"author":1,"featured_media":0,"comment_status":"open","ping_status":"open","sticky":false,"template":"","format":"standard","meta":{"footnotes":""},"categories":[105],"tags":[],"class_list":["post-48885","post","type-post","status-publish","format-standard","hentry","category-gundem","odd"],"_links":{"self":[{"href":"http:\/\/www.korhanyilmaz.com\/index.php?rest_route=\/wp\/v2\/posts\/48885","targetHints":{"allow":["GET"]}}],"collection":[{"href":"http:\/\/www.korhanyilmaz.com\/index.php?rest_route=\/wp\/v2\/posts"}],"about":[{"href":"http:\/\/www.korhanyilmaz.com\/index.php?rest_route=\/wp\/v2\/types\/post"}],"author":[{"embeddable":true,"href":"http:\/\/www.korhanyilmaz.com\/index.php?rest_route=\/wp\/v2\/users\/1"}],"replies":[{"embeddable":true,"href":"http:\/\/www.korhanyilmaz.com\/index.php?rest_route=%2Fwp%2Fv2%2Fcomments&post=48885"}],"version-history":[{"count":0,"href":"http:\/\/www.korhanyilmaz.com\/index.php?rest_route=\/wp\/v2\/posts\/48885\/revisions"}],"wp:attachment":[{"href":"http:\/\/www.korhanyilmaz.com\/index.php?rest_route=%2Fwp%2Fv2%2Fmedia&parent=48885"}],"wp:term":[{"taxonomy":"category","embeddable":true,"href":"http:\/\/www.korhanyilmaz.com\/index.php?rest_route=%2Fwp%2Fv2%2Fcategories&post=48885"},{"taxonomy":"post_tag","embeddable":true,"href":"http:\/\/www.korhanyilmaz.com\/index.php?rest_route=%2Fwp%2Fv2%2Ftags&post=48885"}],"curies":[{"name":"wp","href":"https:\/\/api.w.org\/{rel}","templated":true}]}}