{"id":48882,"date":"2012-02-15T23:32:09","date_gmt":"2012-02-15T21:32:09","guid":{"rendered":"http:\/\/www.korhanyilmaz.com\/?p=48882"},"modified":"2012-02-16T09:34:34","modified_gmt":"2012-02-16T07:34:34","slug":"mitin-itibari-icin-kanun-teklifi-geri-cekilmelidir","status":"publish","type":"post","link":"http:\/\/www.korhanyilmaz.com\/?p=48882","title":{"rendered":"&#8216;M\u0130T&#8217;in itibar\u0131 i\u00e7in kanun teklifi geri \u00e7ekilmelidir&#8217;"},"content":{"rendered":"<p style=\"text-align: center;\"><a href=\"http:\/\/www.korhanyilmaz.com\/wp-content\/uploads\/2012\/02\/9805.jpg\"  class=\"lightview\"><img loading=\"lazy\" decoding=\"async\" class=\"aligncenter  wp-image-48883\" src=\"http:\/\/www.korhanyilmaz.com\/wp-content\/uploads\/2012\/02\/9805.jpg\" alt=\"\" width=\"276\" height=\"207\" \/><\/a><\/p>\n<p style=\"text-align: justify;\">MHP Grup Ba\u015fkanvekili Oktay Vural, M\u0130T y\u00f6neticilerinin soru\u015fturulmas\u0131n\u0131 Ba\u015fbakan&#8217;\u0131n iznine ba\u011flayan kanun teklifinin geri \u00e7ekilmesi gerekti\u011fine vurgu yaparak, &#8220;M\u0130T gibi milletin ve devletin varl\u0131\u011f\u0131na ve b\u00fct\u00fcnl\u00fc\u011f\u00fcne y\u00f6nelik bir tak\u0131m faaliyetleri sorgulamak durumunda olan bir kurumu illegal faaliyetlerin kayna\u011f\u0131 gibi g\u00f6sterecek durumlara zemin haz\u0131rlanmamas\u0131 herkesin g\u00f6revidir&#8221; dedi.<!--more--><\/p>\n<p style=\"text-align: justify;\">Ankara- MHP Grup Ba\u015fkanvekili Oktay Vural, TBMM&#8217;de d\u00fczenledi\u011fi bas\u0131n toplant\u0131s\u0131nda M\u0130T \u00e7al\u0131\u015fanlar\u0131n\u0131n soru\u015fturulmas\u0131n\u0131 Ba\u015fbakan&#8217;\u0131n iznine tabi tutan yasa teklifinin d\u00fcn Adalet Komisyonu&#8217;nda kabul edilmesini ele\u015ftirdi. Toplant\u0131ya &#8220;Ba\u015fbakan&#8217;\u0131n g\u00f6revlendirdi\u011fi, bize tezgah haz\u0131rlamak isteyen, gizli g\u00f6revde birileri var m\u0131 burada&#8221; s\u00f6zleriyle ba\u015flayan Vural &#8220;Her an her yerde Recep Tayyip Erdo\u011fan \u00f6rg\u00fct\u00fcn\u00fcn elemanlar\u0131 \u00e7\u0131kabilir&#8221; dedi.<\/p>\n<p style=\"text-align: justify;\">Vural, d\u00fcn Adalet Komisyonu&#8217;nda T\u00fcrkiye&#8217;de hukuk devletinin olmad\u0131\u011f\u0131n\u0131, hukuk kar\u015f\u0131s\u0131nda vatanda\u015flar\u0131n e\u015fit olmad\u0131\u011f\u0131n\u0131 ortaya koyan bir kanun teklifinin kabul edildi\u011fini s\u00f6yledi. Hukukun garantisinin ortadan kald\u0131r\u0131ld\u0131\u011f\u0131n\u0131 ifade eden Vural, &#8220;Tek bir garanti vard\u0131r. Recep Tayyip Erdo\u011fan, AKP. Art\u0131k hukukun bizi korumas\u0131, kollamas\u0131, bireysel hak ve h\u00fcrriyetlerimizin kollanmas\u0131, devletimizin birlik ve b\u00fct\u00fcnl\u00fc\u011f\u00fcn\u00fcn korunmas\u0131 art\u0131k hukukun garantisi alt\u0131na al\u0131nm\u0131\u015f de\u011fildir&#8221; diye konu\u015ftu.<\/p>\n<p style=\"text-align: justify;\"><strong>&#8216;Ey Cumhurba\u015fkan\u0131 neredesin?&#8217;\u00a0<\/strong><\/p>\n<p style=\"text-align: justify;\">Oktay Vuray hukukun \u00fcst\u00fcnl\u00fc\u011f\u00fcne yemin etmi\u015f insanlar\u0131n hukukun \u00fcst\u00fcnl\u00fc\u011f\u00fcn\u00fc gasp eden bir teklife evet dediklerinin alt\u0131n\u0131 \u00e7izerek milletvekillerini de ele\u015ftirirken, &#8220;Yetmez ama evet&#8217;\u00e7iler nerede. Devletin su\u00e7 i\u015fleme \u00f6zg\u00fcrl\u00fc\u011f\u00fc olamaz diyenler nerede? Kimse dokunulmaz de\u011fil diyenler nerede? S\u0131r\u00e7a K\u00f6\u015fk&#8217;te oturanlar, Ey cumhurba\u015fkan\u0131 neredesin sen? Nerede darbe kar\u015f\u0131tlar\u0131. Nerede b\u00fcrokratik oligar\u015fiyi y\u0131k\u0131yoruz diyenler neredesiniz? Esameniz bile yok&#8221; diye konu\u015ftu. Vural \u015f\u00f6yle devam etti: &#8220;Bu milletin birlik ve b\u00fct\u00fcnl\u00fc\u011f\u00fcn\u00fc savunmak su\u00e7 hale d\u00f6n\u00fc\u015ft\u00fcr\u00fcp bunu ele\u015ftirenler ter\u00f6rle m\u00fccadeleyi su\u00e7 ter\u00f6rle m\u00fccadele edenleri su\u00e7lu gibi g\u00f6sterenler ileri demokrasiden yeni T\u00fcrkiye&#8217;den s\u00f6z ediyorlard\u0131. Sevsinler sizin yeni T\u00fcrkiye&#8217;nizi, sevsinler sizin ileri demokrasinizi. Siz kim demokrat kim. Siz kim T\u00fcrkiye kim. Kim demokrat kim hukukun \u00fcst\u00fcnl\u00fc\u011f\u00fcnden yana bu kanun teklifi ile turnusol ka\u011f\u0131d\u0131 gibi ortaya \u00e7\u0131km\u0131\u015ft\u0131r.&#8221;<\/p>\n<p style=\"text-align: justify;\"><strong>AKP, KCK ve PKK&#8217;nin darbe planlar\u0131\u00a0<\/strong><\/p>\n<p style=\"text-align: justify;\">Vural, Oslo g\u00f6r\u00fc\u015fmeleri ile BDP Diyarbak\u0131r \u0130l Ba\u015fkanl\u0131\u011f\u0131&#8217;nda ele ge\u00e7en ses kay\u0131tlar\u0131na da g\u00f6ndermede bulunarak, &#8220;AKP ile PKK ve KCK bir darbe planlam\u0131\u015ft\u0131r. Bu darbenin belgeleri ortaya \u00e7\u0131km\u0131\u015ft\u0131r.\u0130\u015fte darbeci zihniyet budur. Bu zihniyet milletin birlik ve b\u00fct\u00fcnl\u00fc\u011f\u00fc \u00fczerinde anla\u015fmaya varm\u0131\u015ft\u0131r. Milletin egemenli\u011finin par\u00e7alanmas\u0131 \u00fczerinde anla\u015fmaya varm\u0131\u015ft\u0131r. Milletin egemenli\u011fine kar\u015f\u0131 darbe planlar\u0131 budur. Bu bir darbe plan\u0131d\u0131r&#8221; diye konu\u015ftu.<\/p>\n<p style=\"text-align: justify;\"><strong>&#8216;Ba\u015fbakan verdi\u011fin g\u00f6revi a\u00e7\u0131kla&#8217;\u00a0<\/strong><\/p>\n<p style=\"text-align: justify;\">MHP&#8217;li Vural, &#8220;Ba\u015fbakan&#8217;\u0131n verece\u011fi \u00f6zel bir g\u00f6rev&#8221; ifadesine de sert \u00e7\u0131karak &#8220;Demek ki hukuk d\u0131\u015f\u0131 verdi\u011finiz bir tak\u0131m g\u00f6revler var&#8221; dedi. Vural Ba\u015fbakan&#8217;a seslenerek, &#8220;Sizi bu verdi\u011finiz g\u00f6revi a\u00e7\u0131klamaya davet ediyorum. Hangi k\u0131lavuzlar bu g\u00f6revi vermenizi istedi..Bu g\u00f6revin kapsam\u0131n\u0131 a\u00e7\u0131klamal\u0131s\u0131n\u0131z. Ger\u00e7ekten verilmi\u015f bir g\u00f6rev varsa Ba\u015fbakan bu g\u00f6revi y\u00fcreklice a\u00e7\u0131klamal\u0131d\u0131r. \u00c7\u0131k de ki &#8216;evet ben PKK&#8217;ya savunma g\u00fcc\u00fc olmas\u0131n\u0131 istedim. Ben \u00f6zerk K\u00fcrdistan olmas\u0131n\u0131 istedim. Ben ev hapsi olmas\u0131n\u0131 istedim.. Bu mu\u011flak kanunun arkas\u0131na s\u0131\u011f\u0131nma&#8221; dedi.<\/p>\n<p style=\"text-align: justify;\"><strong>&#8216;Frankenstein&#8217;\u0131 kurtarma yasas\u0131d\u0131r&#8217;\u00a0<\/strong><\/p>\n<p style=\"text-align: justify;\">Vural, s\u00f6z konusu yasa teklifini &#8220;Frankensteinlar\u0131 kurtarma yasas\u0131&#8221; olarak de\u011ferlendirirken, &#8220;Ter\u00f6r\u00fc bitirece\u011fim diye ter\u00f6r\u00fc me\u015frula\u015ft\u0131rmak ter\u00f6r \u00f6rg\u00fct\u00fcn\u00fc y\u00f6netmek canland\u0131rd\u0131klar\u0131 ter\u00f6r \u00f6rg\u00fct\u00fc ile binlerce fidan\u0131n hayat\u0131n\u0131n kayb\u0131na yol a\u00e7m\u0131\u015ft\u0131r&#8221; diye konu\u015ftu. Herkesin safh\u0131n\u0131 belirlemesi gerekti\u011finin de alt\u0131n\u0131 \u00e7izen Vural &#8220;Ya hukuktan yana olaca\u011f\u0131z ya da tek adamdan. Ya milletin birli\u011finden ya da b\u00f6l\u00fcnmeden. Ya ter\u00f6rden ya da ter\u00f6r\u00fc bitirmekten&#8221; dedi.<\/p>\n<p style=\"text-align: justify;\"><strong>&#8216;M\u0130T&#8217;in itibar\u0131 i\u00e7in kanun teklifi geri \u00e7ekilmelidir&#8217;\u00a0<\/strong><\/p>\n<p style=\"text-align: justify;\">Vural kanun teklifinin geri \u00e7ekilmesi gerekti\u011fine vurgu yapt\u0131\u011f\u0131 konu\u015fmas\u0131nda Ba\u015fbakan&#8217;\u0131n verdi\u011fi talimatlar\u0131 a\u00e7\u0131klamas\u0131n\u0131n da &#8216;Namus borcu, \u015feref ve haysiyet borcu&#8217; oldu\u011funu s\u00f6yledi. Vural \u015f\u00f6yle devam etti: &#8220;E\u011fer devletimizin kurumlar\u0131n\u0131 t\u00f6hmet alt\u0131nda b\u0131rakmak istemiyorsak, yap\u0131lanlar\u0131n hukukun \u00e7er\u00e7evesinde oldu\u011funa milletimizi inand\u0131rmak istiyorsak kamu g\u00f6revlilerinin gidip ifade vermeleri ve bu kanun d\u0131\u015f\u0131 talimatlar\u0131 kimin verdi\u011fini a\u00e7\u0131klamalar\u0131 gerekir. Bu hukuk d\u0131\u015f\u0131 talimatlar\u0131 kim verdiyse a\u00e7\u0131klamal\u0131d\u0131r. Ondan sonra biz hesab\u0131n\u0131 oradan sorar\u0131z. Bundan sonraki s\u00fcre\u00e7 i\u00e7erisinde de devletin kurumlar\u0131na olan g\u00fcveni azaltmamak i\u00e7in, AKP&#8217;nin elinde yeni bir \u015fans bulunmaktad\u0131r. Bu kanun teklifini \u00e7ekmeleri. Hukuk d\u0131\u015f\u0131 hareket etmedik diyorsan\u0131z b\u00f6yle bir kanuna ihtiya\u00e7 yoktur. Bundan sonra olu\u015facak geli\u015fmelerde devletin kurumlar\u0131n\u0131n su\u00e7lanmamas\u0131, su\u00e7 \u00f6rg\u00fct\u00fc gibi g\u00f6sterilmemesi i\u00e7in bu kanun teklifinin geriye \u00e7ekilmesi, M\u0130T gibi milletin ve devletin varl\u0131\u011f\u0131na ve b\u00fct\u00fcnl\u00fc\u011f\u00fcne anayasal d\u00fczenine kar\u015f\u0131 bir tak\u0131m faaliyetleri sorgulamak durumunda olan bir kurumu illegal faaliyetlerin kayna\u011f\u0131 gibi g\u00f6sterecek durumlara zemin haz\u0131rlanmamas\u0131 herkesin g\u00f6revidir. M\u0130T&#8217;i bundan sonra geli\u015febilecek her t\u00fcrl\u00fc faili me\u00e7hul eylemin m\u00fcsebbibi konumuna d\u00fc\u015f\u00fcrecek yorumlara zemin haz\u0131rlamamas\u0131 devletin bu kurumlara g\u00fcveni sarsacak durumlar\u0131 ortaya koymamas\u0131 \u00f6nemlidir.&#8221;<\/p>\n<p style=\"text-align: justify;\"><a href=\"http:\/\/www.cumhuriyet.com.tr\/?kn=6&amp;hn=315520\" target=\"_blank\">Kaynak : Cumhuriyet Haber Portal\u0131<\/a><\/p>\n","protected":false},"excerpt":{"rendered":"<p style=\"text-align: center;\">\n<p style=\"text-align: justify;\">MHP Grup Ba\u015fkanvekili Oktay Vural, M\u0130T y\u00f6neticilerinin soru\u015fturulmas\u0131n\u0131 Ba\u015fbakan&#8217;\u0131n iznine ba\u011flayan kanun teklifinin geri \u00e7ekilmesi gerekti\u011fine vurgu yaparak, &#8220;M\u0130T gibi milletin ve devletin varl\u0131\u011f\u0131na ve b\u00fct\u00fcnl\u00fc\u011f\u00fcne y\u00f6nelik bir tak\u0131m faaliyetleri sorgulamak durumunda olan bir kurumu illegal faaliyetlerin kayna\u011f\u0131 gibi g\u00f6sterecek durumlara zemin haz\u0131rlanmamas\u0131 herkesin g\u00f6revidir&#8221; dedi.<\/p>\n","protected":false},"author":1,"featured_media":0,"comment_status":"open","ping_status":"open","sticky":false,"template":"","format":"standard","meta":{"footnotes":""},"categories":[105],"tags":[],"class_list":["post-48882","post","type-post","status-publish","format-standard","hentry","category-gundem","odd"],"_links":{"self":[{"href":"http:\/\/www.korhanyilmaz.com\/index.php?rest_route=\/wp\/v2\/posts\/48882","targetHints":{"allow":["GET"]}}],"collection":[{"href":"http:\/\/www.korhanyilmaz.com\/index.php?rest_route=\/wp\/v2\/posts"}],"about":[{"href":"http:\/\/www.korhanyilmaz.com\/index.php?rest_route=\/wp\/v2\/types\/post"}],"author":[{"embeddable":true,"href":"http:\/\/www.korhanyilmaz.com\/index.php?rest_route=\/wp\/v2\/users\/1"}],"replies":[{"embeddable":true,"href":"http:\/\/www.korhanyilmaz.com\/index.php?rest_route=%2Fwp%2Fv2%2Fcomments&post=48882"}],"version-history":[{"count":0,"href":"http:\/\/www.korhanyilmaz.com\/index.php?rest_route=\/wp\/v2\/posts\/48882\/revisions"}],"wp:attachment":[{"href":"http:\/\/www.korhanyilmaz.com\/index.php?rest_route=%2Fwp%2Fv2%2Fmedia&parent=48882"}],"wp:term":[{"taxonomy":"category","embeddable":true,"href":"http:\/\/www.korhanyilmaz.com\/index.php?rest_route=%2Fwp%2Fv2%2Fcategories&post=48882"},{"taxonomy":"post_tag","embeddable":true,"href":"http:\/\/www.korhanyilmaz.com\/index.php?rest_route=%2Fwp%2Fv2%2Ftags&post=48882"}],"curies":[{"name":"wp","href":"https:\/\/api.w.org\/{rel}","templated":true}]}}