{"id":48878,"date":"2012-02-15T23:05:03","date_gmt":"2012-02-15T21:05:03","guid":{"rendered":"http:\/\/www.korhanyilmaz.com\/?p=48878"},"modified":"2012-02-16T09:25:43","modified_gmt":"2012-02-16T07:25:43","slug":"aihmnin-tuncay-ozkan-karari","status":"publish","type":"post","link":"http:\/\/www.korhanyilmaz.com\/?p=48878","title":{"rendered":"A\u0130HM&#8217;nin Tuncay \u00d6zkan Karar\u0131"},"content":{"rendered":"<p style=\"text-align: center;\"><a href=\"http:\/\/www.korhanyilmaz.com\/wp-content\/uploads\/2012\/02\/9804.jpg\"  class=\"lightview\"><img loading=\"lazy\" decoding=\"async\" class=\"aligncenter  wp-image-48879\" src=\"http:\/\/www.korhanyilmaz.com\/wp-content\/uploads\/2012\/02\/9804.jpg\" alt=\"\" width=\"309\" height=\"231\" \/><\/a><\/p>\n<p style=\"text-align: justify;\">Avrupa \u0130nsan Haklar\u0131 Mahkemesi\u2019nin (A\u0130HM) Tuncay \u00d6zkan \/ T\u00fcrkiye davas\u0131 ile ilgili olarak 2011 Aral\u0131k ay\u0131nda ald\u0131\u011f\u0131 karar konusunda yaz\u0131lanlar\u0131, s\u00f6ylenenleri \u015fa\u015fk\u0131nl\u0131kla izledim. Kamuoyundaki yanl\u0131\u015f de\u011ferlendirmeleri \u00f6nlemek amac\u0131yla baz\u0131 hususlar\u0131 a\u00e7\u0131kl\u0131\u011fa kavu\u015fturman\u0131n yararl\u0131 olaca\u011f\u0131n\u0131 d\u00fc\u015f\u00fcn\u00fcyorum:<\/p>\n<p style=\"text-align: justify;\">1. A\u0130HM\u2019nin karar\u0131 kabul edilebilirlikle ilgili bir ara karard\u0131r. Bu kararda, baz\u0131 \u015fik\u00e2yetler kabul edilir, baz\u0131lar\u0131 da kabul edilmez bulunmu\u015ftur. Kabul edilir bulunan \u015fik\u00e2yetlerle ilgili olarak dava s\u00fcrecek ve bir karara ba\u011flanacakt\u0131r. Kabul edilebilir \u015fik\u00e2yetler, g\u00f6r\u00fc\u015f almak amac\u0131yla h\u00fck\u00fcmete bildirildi.\u00a0<!--more--><\/p>\n<p style=\"text-align: justify;\">2. Tuncay \u00d6zkan davas\u0131, ne benzer ba\u015fka davalar i\u00e7in bir pilot dava ne de A\u0130HM i\u00e7tihad\u0131 a\u00e7\u0131s\u0131ndan orijinal bir dava. Buna benzeyen, T\u00fcrkiye\u2019ye kar\u015f\u0131 a\u00e7\u0131lm\u0131\u015f, karara ba\u011flanm\u0131\u015f pek \u00e7ok dava bulabilirsiniz.<\/p>\n<p style=\"text-align: justify;\">3. A\u0130HM\u2019nin Ergenekon \u00f6rg\u00fct\u00fcn\u00fc kabul edip etmemesi s\u00f6z konusu olamaz. Ulusal yarg\u0131 organlar\u0131n\u0131n takdir hakk\u0131na giren bu gibi konularda A\u0130HM tarafs\u0131z bir tutum al\u0131r. Hele kabul edilme karar\u0131nda A\u0130HM davan\u0131n esas\u0131na ili\u015fkin bir de\u011ferlendirme yapmaktan \u00f6zellikle ka\u00e7\u0131n\u0131r. Bu kararda da, A\u0130HM\u2019nin nitelemeleri iddianame esas alarak yap\u0131lm\u0131\u015ft\u0131r. Bunlar\u0131 A\u0130HM\u2019nin kendi de\u011ferlendirmesi olarak g\u00f6rmek yanl\u0131\u015f olur.<\/p>\n<p style=\"text-align: justify;\">4. Davan\u0131n temel ekseni tutuklama. Adil yarg\u0131lamaya ili\u015fkin \u015fik\u00e2yetleri A\u0130HM ancak dava kesinle\u015ftikten sonra ele al\u0131r. Bunun nedeni, A\u0130HM\u2019nin davan\u0131n b\u00fct\u00fcn\u00fcn\u00fc g\u00f6rmeden yarg\u0131laman\u0131n adil olup olmad\u0131\u011f\u0131na karar vermemesi. Nas\u0131l ki kararda adil yarg\u0131lamaya ili\u015fkin \u015fik\u00e2yetler, dava sona ermedi\u011fi i\u00e7in reddedildi. H\u00fck\u00fcm kesinle\u015ftikten sonra bu \u015fik\u00e2yetler tekrar A\u0130HM\u2019ye getirilebilir.<\/p>\n<p style=\"text-align: justify;\">5. Bu a\u015famada, A\u0130HM a\u00e7\u0131s\u0131ndan ge\u00e7erli olabilecek tek \u015fik\u00e2yet, tutuklamayla ilgili olanlar. Tutuklamayla ilgili d\u00f6rt \u015fik\u00e2yet var. Bu \u015fik\u00e2yetlerden, tutuklama s\u00fcresi ve tutuklamaya itiraz i\u00e7in T\u00fcrkiye\u2019de etkili bir yarg\u0131 yolu bulunmad\u0131\u011f\u0131 \u015fik\u00e2yetleri kabul edildi. B\u00fcy\u00fck bir olas\u0131l\u0131kla A\u0130HM, pek \u00e7ok ba\u015fka davada oldu\u011fu gibi S\u00f6zle\u015fme\u2019nin 5\/3 ve 5\/4 maddelerinin ihlal edildi\u011fine karar verecek.<\/p>\n<p style=\"text-align: justify;\">Buna kar\u015f\u0131l\u0131k A\u0130HM tutuklaman\u0131n makul bir ku\u015fkuya dayanmad\u0131\u011f\u0131, yani \u00fc\u00e7\u00fcnc\u00fc bir ki\u015fiyi su\u00e7 i\u015flendi\u011fi konusunda ikna edecek somut olgular\u0131n bulunmad\u0131\u011f\u0131 yolundaki \u015fik\u00e2yeti reddetti. Mevcut olgular\u0131n tutuklamay\u0131 hakl\u0131 g\u00f6sterdi\u011fine karar verdi. Ancak tutuklaman\u0131n ba\u015flang\u0131\u00e7ta hakl\u0131 olmas\u0131, tutuklaman\u0131n devam\u0131 karar\u0131n\u0131n da hakl\u0131 olaca\u011f\u0131 anlam\u0131na gelmez. Nas\u0131l ki, A\u0130HM tutuklaman\u0131n devam\u0131, tutuklamaya itiraz\u0131n reddi kararlar\u0131na ili\u015fkin \u015fik\u00e2yetleri kabul etti. Tuncay \u00d6zkan\u2019\u0131n tutukluluk durumu bu \u00e7er\u00e7evede g\u00f6r\u00fc\u015f\u00fcl\u00fcp karara ba\u011flanaca\u011f\u0131ndan, ba\u015flang\u0131\u00e7taki tutuklaman\u0131n makul bir ku\u015fkuya dayan\u0131p dayanmad\u0131\u011f\u0131n\u0131n fazla bir anlam\u0131 kalmad\u0131.<\/p>\n<p style=\"text-align: justify;\">Tutuklamayla ilgili ba\u015fka bir \u015fik\u00e2yet de davac\u0131 g\u00f6zalt\u0131na al\u0131nd\u0131\u011f\u0131nda ve tutukland\u0131\u011f\u0131nda, kendisine y\u00f6neltilen su\u00e7laman\u0131n bildirilmemi\u015f olmas\u0131. A\u0130HM bu \u015fik\u00e2yeti de davac\u0131 tutukland\u0131\u011f\u0131nda kendisine ter\u00f6rist \u00f6rg\u00fct\u00fcne \u00fcyelik ku\u015fkusu ile tutukland\u0131\u011f\u0131n\u0131n s\u00f6ylendi\u011fi gerek\u00e7esiyle reddetmi\u015f bulunmakta.<\/p>\n<p style=\"text-align: justify;\">6. Bunun d\u0131\u015f\u0131nda, Say\u0131n \u00d6zkan\u2019\u0131n Emniyet M\u00fcd\u00fcrl\u00fc\u011f\u00fc\u2019ndeki sorgulamas\u0131n\u0131n i\u015fkence ve k\u00f6t\u00fc muamele olu\u015fturdu\u011fu \u015fik\u00e2yetinin reddedilmesi, A\u0130HM i\u00e7tihad\u0131 a\u00e7\u0131s\u0131ndan do\u011fal. \u0130\u015fkence ve k\u00f6t\u00fc muameleye ili\u015fkin 3 maddenin ihlali i\u00e7in ac\u0131n\u0131n belirli bir e\u015fi\u011fe ula\u015fmas\u0131, bunun doktor raporu ile saptanmas\u0131 gerekir.<\/p>\n<p style=\"text-align: justify;\">Tuncay \u00d6zkan ve benzer davalarla ilgili olarak sorulmas\u0131 gereken sorular \u015fu: A\u0130HM\u2019nin pek \u00e7ok ihlal karar\u0131na kar\u015f\u0131n, Tuncay \u00d6zkan ve ba\u015fka san\u0131klar neden h\u00e2l\u00e2 tutuklu olarak yarg\u0131lan\u0131yor? \u00d6zel yetkili mahkeme yarg\u0131\u00e7lar\u0131 neden anayasan\u0131n 90. maddesini a\u00e7\u0131k bir bi\u00e7imde ihlal ederek A\u0130HM kararlar\u0131n\u0131 g\u00f6rmezlikten gelmekte ve bunca ki\u015fiyi hukuka ayk\u0131r\u0131 bir bi\u00e7imde \u00f6zg\u00fcrl\u00fcklerinden yoksun b\u0131rakmakta? Ve iktidar\u0131n ho\u015funa gitmeyen yarg\u0131\u00e7 ve savc\u0131lar\u0131n g\u00f6revden al\u0131nd\u0131\u011f\u0131, haklar\u0131nda soru\u015fturma a\u00e7\u0131ld\u0131\u011f\u0131 bir d\u00f6nemde neden HSYK bu duruma m\u00fcdahale etmemekte? Son olarak da Adalet Bakanl\u0131\u011f\u0131\u2019n\u0131n bu konuda yapmak istedi\u011fi de\u011fi\u015fiklik sorunu \u00e7\u00f6zecek mi? Yoksa sorunun \u00e7\u00f6z\u00fcm\u00fc i\u00e7in CHP\u2019nin \u00f6nerisinin mi yasala\u015fmas\u0131 gerekir?<\/p>\n<p style=\"text-align: justify;\">R\u0131za T\u00dcRMEN (CHP \u0130zmir Milletvekili-Eski A\u0130HM Yarg\u0131c\u0131)<\/p>\n<p style=\"text-align: justify;\"><a href=\"http:\/\/www.cumhuriyet.com.tr\/?hn=315674\" target=\"_blank\">Kaynak : Cumhuriyet Haber Portal\u0131<\/a><\/p>\n","protected":false},"excerpt":{"rendered":"<p style=\"text-align: center;\">\n<p style=\"text-align: justify;\">Avrupa \u0130nsan Haklar\u0131 Mahkemesi\u2019nin (A\u0130HM) Tuncay \u00d6zkan \/ T\u00fcrkiye davas\u0131 ile ilgili olarak 2011 Aral\u0131k ay\u0131nda ald\u0131\u011f\u0131 karar konusunda yaz\u0131lanlar\u0131, s\u00f6ylenenleri \u015fa\u015fk\u0131nl\u0131kla izledim. Kamuoyundaki yanl\u0131\u015f de\u011ferlendirmeleri \u00f6nlemek amac\u0131yla baz\u0131 hususlar\u0131 a\u00e7\u0131kl\u0131\u011fa kavu\u015fturman\u0131n yararl\u0131 olaca\u011f\u0131n\u0131 d\u00fc\u015f\u00fcn\u00fcyorum:<\/p>\n<p style=\"text-align: justify;\">1. A\u0130HM\u2019nin karar\u0131 kabul edilebilirlikle ilgili bir ara karard\u0131r. Bu kararda, baz\u0131 \u015fik\u00e2yetler <\/p>\n","protected":false},"author":1,"featured_media":0,"comment_status":"open","ping_status":"open","sticky":false,"template":"","format":"standard","meta":{"footnotes":""},"categories":[105],"tags":[],"class_list":["post-48878","post","type-post","status-publish","format-standard","hentry","category-gundem","odd"],"_links":{"self":[{"href":"http:\/\/www.korhanyilmaz.com\/index.php?rest_route=\/wp\/v2\/posts\/48878","targetHints":{"allow":["GET"]}}],"collection":[{"href":"http:\/\/www.korhanyilmaz.com\/index.php?rest_route=\/wp\/v2\/posts"}],"about":[{"href":"http:\/\/www.korhanyilmaz.com\/index.php?rest_route=\/wp\/v2\/types\/post"}],"author":[{"embeddable":true,"href":"http:\/\/www.korhanyilmaz.com\/index.php?rest_route=\/wp\/v2\/users\/1"}],"replies":[{"embeddable":true,"href":"http:\/\/www.korhanyilmaz.com\/index.php?rest_route=%2Fwp%2Fv2%2Fcomments&post=48878"}],"version-history":[{"count":0,"href":"http:\/\/www.korhanyilmaz.com\/index.php?rest_route=\/wp\/v2\/posts\/48878\/revisions"}],"wp:attachment":[{"href":"http:\/\/www.korhanyilmaz.com\/index.php?rest_route=%2Fwp%2Fv2%2Fmedia&parent=48878"}],"wp:term":[{"taxonomy":"category","embeddable":true,"href":"http:\/\/www.korhanyilmaz.com\/index.php?rest_route=%2Fwp%2Fv2%2Fcategories&post=48878"},{"taxonomy":"post_tag","embeddable":true,"href":"http:\/\/www.korhanyilmaz.com\/index.php?rest_route=%2Fwp%2Fv2%2Ftags&post=48878"}],"curies":[{"name":"wp","href":"https:\/\/api.w.org\/{rel}","templated":true}]}}