{"id":48874,"date":"2012-02-15T23:17:34","date_gmt":"2012-02-15T21:17:34","guid":{"rendered":"http:\/\/www.korhanyilmaz.com\/?p=48874"},"modified":"2012-02-16T09:20:51","modified_gmt":"2012-02-16T07:20:51","slug":"tanik-olarak-dinlenecekler","status":"publish","type":"post","link":"http:\/\/www.korhanyilmaz.com\/?p=48874","title":{"rendered":"Tan\u0131k olarak dinlenecekler"},"content":{"rendered":"<p style=\"text-align: center;\"><a href=\"http:\/\/www.korhanyilmaz.com\/wp-content\/uploads\/2012\/02\/9803.jpg\"  class=\"lightview\"><img loading=\"lazy\" decoding=\"async\" class=\"aligncenter  wp-image-48875\" src=\"http:\/\/www.korhanyilmaz.com\/wp-content\/uploads\/2012\/02\/9803.jpg\" alt=\"\" width=\"304\" height=\"228\" \/><\/a><\/p>\n<p style=\"text-align: justify;\">Balyoz davas\u0131nda, mahkeme heyeti eski Genelkurmay Ba\u015fkanlar\u0131 emekli Orgeneraller \u0130lker Ba\u015fbu\u011f, Ya\u015far B\u00fcy\u00fckan\u0131t, Jandarma Genel Komutan\u0131 Orgeneral Bekir Kalyoncu\u2019nun tan\u0131k olarak dinlenmesine karar verdi. San\u0131klar\u0131n tahliye taleplerini reddeden mahkeme, duru\u015fmay\u0131 27 \u015eubat 2012 tarihine erteledi.<\/p>\n<p style=\"text-align: justify;\">\u0130stanbul Haber Servisi- \u0130stanbul 10. A\u011f\u0131r Ceza Mahkemesi bug\u00fcn g\u00f6r\u00fclen duru\u015fman\u0131n sonunda saat 19.30 s\u0131ralar\u0131nda ara kararlar\u0131n\u0131 a\u00e7\u0131klad\u0131.\u00a0<!--more--><\/p>\n<p style=\"text-align: justify;\">Mahkeme heyeti, perde arkas\u0131nda Balyoz Harekat Plan\u0131 yap\u0131ld\u0131\u011f\u0131 iddia edilen 1. Ordu 2003 Plan Semineri\u2019nin Genelkurmay Sonu\u00e7 Raporu\u2019nda imzalar\u0131 bulundu\u011funu dikkate alarak emekli Ya\u015far B\u00fcy\u00fckan\u0131t, orgeneral Bekir Kalyoncu ve emekli korgeneral K\u00f6ksal Karabay\u2019\u0131n belirlenecek g\u00fcnde duru\u015fmada haz\u0131r edilmeleri i\u00e7in kolluk g\u00fc\u00e7lerine yaz\u0131 yaz\u0131lmas\u0131na karar verdi. Mahkeme Plan Semineri 2003\u2019te oynanacak senaryoya ili\u015fkin 1. Ordu\u2019ya g\u00f6nderilen \u201cOcak 2003 tarihli Mesaj Formu\u201dnda imzalar\u0131n\u0131n bulunmas\u0131 nedeniyle d\u00f6nemin Kara Kuvvetleri Kurmay Ba\u015fkan\u0131 \u0130lker Ba\u015fbu\u011f ve Tu\u011fgneral Levent G\u00f6zkaya\u2019n\u0131n tan\u0131k olarak dinlenmesine karar verdi.<\/p>\n<p style=\"text-align: justify;\">Mahkeme Ba\u015fbu\u011f i\u00e7in Silivri 5 No.lu Cezaevi\u2019ne belirlenen g\u00fcnde duru\u015fmada haz\u0131r edilmesi i\u00e7in yaz\u0131 yazmay\u0131 kararla\u015ft\u0131r\u0131ld\u0131. Levent G\u00f6zkaya i\u00e7in ise kolluk g\u00fc\u00e7lerine yaz\u0131 yaz\u0131lacak.<\/p>\n<p style=\"text-align: justify;\">Duru\u015fmalara gelmeyerek savunmalar\u0131n\u0131 vermeyen Ahmet G\u00f6khan Rahtuvan ve Ali G\u00f6znek hakk\u0131nda yakalama karar\u0131 \u00e7\u0131kar\u0131lmas\u0131na karar verildi.<\/p>\n<p style=\"text-align: justify;\">Mahkeme ayr\u0131ca soru\u015fturma s\u0131ras\u0131nda ifadesi al\u0131nan 15 ki\u015finin tan\u0131k olarak dinlenmek \u00fczere belirlenecek g\u00fcnlerde haz\u0131r edilmesini kararla\u015ft\u0131rd\u0131. Mahkeme Serdar Okan K\u0131r\u00e7\u00e7ek\u2019in amcas\u0131n\u0131n vefat\u0131 nedeniyle izin talebini 3. derece akraba oldu\u011fu gerek\u00e7esiyle reddetti.<\/p>\n<p style=\"text-align: justify;\">H\u00fcseyin \u00c7\u0131nar\u2019\u0131n babas\u0131n\u0131n a\u011f\u0131r hastal\u0131\u011f\u0131 nedeniyle izin talebi de yasada ilgili madde olmamas\u0131 nedeniyle reddedildi.<\/p>\n<p style=\"text-align: justify;\">Balyoz davas\u0131n\u0131 eski Kara Kuvvetleri emekli Orgeneral Erdal Ceylano\u011flu da izledi. Ceylano\u011flu, duru\u015fma aralar\u0131nda san\u0131klar ve yak\u0131nlar\u0131yla sohbet etti. Emekli Orgeneral Ceylano\u011flu, Temmuz 2011\u2019de, d\u00f6nemin Genelkurmay Ba\u015fkan\u0131 I\u015f\u0131k Ko\u015faner ve di\u011fer kuvvet komutanlar\u0131yla birlikte emeklili\u011fini istemi\u015fti.<\/p>\n<p style=\"text-align: justify;\"><strong>Gen\u00e7li\u011fe Hitabe&#8217;yi okudular\u00a0<\/strong><\/p>\n<p style=\"text-align: justify;\">Karar a\u00e7\u0131kland\u0131ktan sonra san\u0131k subaylar ve yak\u0131nlar\u0131 aya\u011fa kalkarak hep bir a\u011f\u0131zdan Atat\u00fcrk\u2019\u00fcn Gen\u00e7li\u011fe Hitabesi\u2019ni okudu.<\/p>\n<p style=\"text-align: justify;\"><a href=\"http:\/\/www.cumhuriyet.com.tr\/?hn=315606\" target=\"_blank\">Kaynak : Cumhuriyet Haber Portal\u0131<\/a><\/p>\n","protected":false},"excerpt":{"rendered":"<p style=\"text-align: center;\">\n<p style=\"text-align: justify;\">Balyoz davas\u0131nda, mahkeme heyeti eski Genelkurmay Ba\u015fkanlar\u0131 emekli Orgeneraller \u0130lker Ba\u015fbu\u011f, Ya\u015far B\u00fcy\u00fckan\u0131t, Jandarma Genel Komutan\u0131 Orgeneral Bekir Kalyoncu\u2019nun tan\u0131k olarak dinlenmesine karar verdi. San\u0131klar\u0131n tahliye taleplerini reddeden mahkeme, duru\u015fmay\u0131 27 \u015eubat 2012 tarihine erteledi.<\/p>\n<p style=\"text-align: justify;\">\u0130stanbul Haber Servisi- \u0130stanbul 10. A\u011f\u0131r Ceza Mahkemesi bug\u00fcn g\u00f6r\u00fclen duru\u015fman\u0131n sonunda saat <\/p>\n","protected":false},"author":1,"featured_media":0,"comment_status":"open","ping_status":"open","sticky":false,"template":"","format":"standard","meta":{"footnotes":""},"categories":[105],"tags":[],"class_list":["post-48874","post","type-post","status-publish","format-standard","hentry","category-gundem","odd"],"_links":{"self":[{"href":"http:\/\/www.korhanyilmaz.com\/index.php?rest_route=\/wp\/v2\/posts\/48874","targetHints":{"allow":["GET"]}}],"collection":[{"href":"http:\/\/www.korhanyilmaz.com\/index.php?rest_route=\/wp\/v2\/posts"}],"about":[{"href":"http:\/\/www.korhanyilmaz.com\/index.php?rest_route=\/wp\/v2\/types\/post"}],"author":[{"embeddable":true,"href":"http:\/\/www.korhanyilmaz.com\/index.php?rest_route=\/wp\/v2\/users\/1"}],"replies":[{"embeddable":true,"href":"http:\/\/www.korhanyilmaz.com\/index.php?rest_route=%2Fwp%2Fv2%2Fcomments&post=48874"}],"version-history":[{"count":0,"href":"http:\/\/www.korhanyilmaz.com\/index.php?rest_route=\/wp\/v2\/posts\/48874\/revisions"}],"wp:attachment":[{"href":"http:\/\/www.korhanyilmaz.com\/index.php?rest_route=%2Fwp%2Fv2%2Fmedia&parent=48874"}],"wp:term":[{"taxonomy":"category","embeddable":true,"href":"http:\/\/www.korhanyilmaz.com\/index.php?rest_route=%2Fwp%2Fv2%2Fcategories&post=48874"},{"taxonomy":"post_tag","embeddable":true,"href":"http:\/\/www.korhanyilmaz.com\/index.php?rest_route=%2Fwp%2Fv2%2Ftags&post=48874"}],"curies":[{"name":"wp","href":"https:\/\/api.w.org\/{rel}","templated":true}]}}