{"id":48870,"date":"2012-02-16T09:05:34","date_gmt":"2012-02-16T07:05:34","guid":{"rendered":"http:\/\/www.korhanyilmaz.com\/?p=48870"},"modified":"2012-02-16T09:14:47","modified_gmt":"2012-02-16T07:14:47","slug":"taksim-insansizlastirilacak","status":"publish","type":"post","link":"http:\/\/www.korhanyilmaz.com\/?p=48870","title":{"rendered":"Taksim insans\u0131zla\u015ft\u0131r\u0131lacak"},"content":{"rendered":"<p style=\"text-align: center;\"><a href=\"http:\/\/www.korhanyilmaz.com\/wp-content\/uploads\/2012\/02\/9802.jpg\"  class=\"lightview\"><img loading=\"lazy\" decoding=\"async\" class=\"aligncenter  wp-image-48871\" src=\"http:\/\/www.korhanyilmaz.com\/wp-content\/uploads\/2012\/02\/9802.jpg\" alt=\"\" width=\"276\" height=\"207\" \/><\/a><\/p>\n<p style=\"text-align: justify;\">Taksim Yayala\u015ft\u0131rma Projesi olarak sunulan projenin \u2018yayala\u015ft\u0131rma\u2019 amac\u0131 ta\u015f\u0131mad\u0131\u011f\u0131n\u0131 s\u00f6yleyen y\u00fcksek mimar M\u00fccella Yap\u0131c\u0131, d\u00fczenleme sonras\u0131 art\u0131k meydanda y\u00fcr\u00fcnemeyece\u011fini s\u00f6yledi.<\/p>\n<p style=\"text-align: justify;\">Cumhuriyet- TMMOB Mimarlar Odas\u0131 \u0130stanbul B\u00fcy\u00fckkent \u015eubesi Afet Komitesi Sekreteri, y\u00fcksek mimar M\u00fccella Yap\u0131c\u0131, kamuoyu g\u00fcndemine Taksim Yayala\u015ft\u0131rma Projesi olarak sunulan projenin, \u201cyayala\u015ft\u0131rma de\u011fil, yayalar\u0131n ve trafi\u011fin tamamen yeralt\u0131na al\u0131nmas\u0131\u201d oldu\u011funu belirtti. Yap\u0131c\u0131, projeyle Taksim\u2019de art\u0131k y\u00fcr\u00fcnemeyece\u011fini, 1 May\u0131s kutlamalar\u0131 ve emek\u00e7ilere kapal\u0131 olaca\u011f\u0131n\u0131 kaydetti.\u00a0<!--more--><\/p>\n<p style=\"text-align: justify;\">Projenin detaylar\u0131yla ilgili d\u00fczenlenen toplant\u0131da konu\u015fan M\u00fccella Yap\u0131c\u0131, Taksim meydan\u0131 konusundaki siyasal \u00e7at\u0131\u015fman\u0131n uzun s\u00fcredir devam etti\u011fini an\u0131msatarak \u201cTaksim Meydan\u0131 Cumhuriyet tarihinin bir planlama \u00fcr\u00fcn\u00fcd\u00fcr. \u0130lk kez 1928\u2019de Cumhuriyet An\u0131t\u0131\u2019n\u0131n a\u00e7\u0131lmas\u0131yla Taksim Meydan\u0131 \u015fekillenmeye ba\u015flam\u0131\u015ft\u0131r\u201d dedi.<\/p>\n<p style=\"text-align: justify;\"><strong>\u2018Her \u015fey yeralt\u0131na al\u0131n\u0131yor\u2019\u00a0<\/strong><\/p>\n<p style=\"text-align: justify;\">Taksim Meydan\u0131\u2019n\u0131n en \u00f6nemli kurucu \u00f6\u011feleri aras\u0131nda Gezi Park\u0131, AKM ve tarihi Taksim su maksemi\u2019nin geldi\u011fini anlatan Yap\u0131c\u0131, Taksim meydan\u0131n\u0131n yaln\u0131zca Cumhuriyet alan\u0131 de\u011fil, 1 May\u0131s ve 1969 \u00f6\u011frenci olaylar\u0131n\u0131n ard\u0131ndan T\u00fcrkiye\u2019nin demokrasi alan\u0131 olarak da an\u0131lmaya ba\u015flad\u0131\u011f\u0131n\u0131, meydan\u0131n Cumhuriyet\u00e7i, ilerici, sosyalist ve emek\u00e7i kesimlerce \u00f6nemli simgesel alanlardan biri haline geldi\u011fini ifade etti.<\/p>\n<p style=\"text-align: justify;\">Yap\u0131c\u0131; 1980\u2019lerden sonra iktidara gelen h\u00fck\u00fcmetlerin Taksim Meydan\u0131\u2019yla ideolojik kap\u0131\u015fmaya girdi\u011fini, zaman zaman Taksim\u2019e cami yapma fikrinin ve plan de\u011fi\u015fikli\u011finin yap\u0131ld\u0131\u011f\u0131n\u0131 ancak bunun ger\u00e7ekle\u015ftirilemedi\u011fini anlatt\u0131. Yap\u0131c\u0131, G\u00fczelle\u015ftirme Derne\u011fi, \u015eehir Planc\u0131lar\u0131 Odas\u0131\u2019n\u0131n, Ayazpa\u015fa Derne\u011fi\u2019nin ve Beyo\u011flu Belediye Ba\u015fkanl\u0131\u011f\u0131\u2019n\u0131n itirazlar\u0131 g\u00f6z\u00f6n\u00fcnde bulundurulmadan ask\u0131ya \u00e7\u0131kar\u0131lan Taksim Yayala\u015ft\u0131rma Projesi\u2019nin Taksim Meydan\u0131\u2019n\u0131 kullan\u0131lmaz hale getirece\u011fini s\u00f6yledi. Yap\u0131c\u0131, \u201cProje Taksim\u2019deki her \u015feyi yeralt\u0131na al\u0131yor. Taksim\u2019in \u00fczerinde kimse kalm\u0131yor. Burada cami alan\u0131n\u0131 g\u00f6r\u00fcyoruz. Art\u0131k Taksim\u2019de y\u00fcr\u00fcnemeyecek, b\u00fct\u00fcn \u0130stanbul\u2019un trafi\u011fi bir dehlizde olacak. Bug\u00fcne dek \u0130stanbul\u2019da yap\u0131lan ve bir\u00e7ok vadiyi yok eden b\u00fct\u00fcn ge\u00e7itler ve t\u00fcneller deprem bahanesiyle ihalesiz yap\u0131lm\u0131\u015ft\u0131r, bu plan da ihalesiz yap\u0131lm\u0131\u015ft\u0131r, buldozerlerin ta\u015f\u0131nmas\u0131 an meselesidir. Tarihsel eserleri bar\u0131nd\u0131ran \u00f6nemli bir b\u00f6lgede, rant projelerine Taksim alet olmamal\u0131d\u0131r\u201d dedi.<\/p>\n<p style=\"text-align: justify;\"><strong>\u2018Alay eder gibi\u2019\u00a0<\/strong><\/p>\n<p style=\"text-align: justify;\">Taksim Platformu\u2019ndan Prof. Dr. Bet\u00fcl Tanbay ise \u201cOrtada alay edilmeye var\u0131lacak kadar hukuku dinlememe var. Asl\u0131nda \u015fehirli olarak \u015fehirde ya\u015fam hakk\u0131m\u0131z\u0131 istiyoruz, m\u00fczakere yap\u0131lmas\u0131n\u0131 istiyoruz\u201d dedi.<\/p>\n<p style=\"text-align: justify;\"><a href=\"http:\/\/www.cumhuriyet.com.tr\/?hn=315678\" target=\"_blank\">Kaynak : Cumhuriyet Haber Portal\u0131<\/a><\/p>\n","protected":false},"excerpt":{"rendered":"<p style=\"text-align: center;\">\n<p style=\"text-align: justify;\">Taksim Yayala\u015ft\u0131rma Projesi olarak sunulan projenin \u2018yayala\u015ft\u0131rma\u2019 amac\u0131 ta\u015f\u0131mad\u0131\u011f\u0131n\u0131 s\u00f6yleyen y\u00fcksek mimar M\u00fccella Yap\u0131c\u0131, d\u00fczenleme sonras\u0131 art\u0131k meydanda y\u00fcr\u00fcnemeyece\u011fini s\u00f6yledi.<\/p>\n<p style=\"text-align: justify;\">Cumhuriyet- TMMOB Mimarlar Odas\u0131 \u0130stanbul B\u00fcy\u00fckkent \u015eubesi Afet Komitesi Sekreteri, y\u00fcksek mimar M\u00fccella Yap\u0131c\u0131, kamuoyu g\u00fcndemine Taksim Yayala\u015ft\u0131rma Projesi olarak sunulan projenin, \u201cyayala\u015ft\u0131rma de\u011fil, yayalar\u0131n ve trafi\u011fin tamamen <\/p>\n","protected":false},"author":1,"featured_media":0,"comment_status":"open","ping_status":"open","sticky":false,"template":"","format":"standard","meta":{"footnotes":""},"categories":[105],"tags":[],"class_list":["post-48870","post","type-post","status-publish","format-standard","hentry","category-gundem","odd"],"_links":{"self":[{"href":"http:\/\/www.korhanyilmaz.com\/index.php?rest_route=\/wp\/v2\/posts\/48870","targetHints":{"allow":["GET"]}}],"collection":[{"href":"http:\/\/www.korhanyilmaz.com\/index.php?rest_route=\/wp\/v2\/posts"}],"about":[{"href":"http:\/\/www.korhanyilmaz.com\/index.php?rest_route=\/wp\/v2\/types\/post"}],"author":[{"embeddable":true,"href":"http:\/\/www.korhanyilmaz.com\/index.php?rest_route=\/wp\/v2\/users\/1"}],"replies":[{"embeddable":true,"href":"http:\/\/www.korhanyilmaz.com\/index.php?rest_route=%2Fwp%2Fv2%2Fcomments&post=48870"}],"version-history":[{"count":0,"href":"http:\/\/www.korhanyilmaz.com\/index.php?rest_route=\/wp\/v2\/posts\/48870\/revisions"}],"wp:attachment":[{"href":"http:\/\/www.korhanyilmaz.com\/index.php?rest_route=%2Fwp%2Fv2%2Fmedia&parent=48870"}],"wp:term":[{"taxonomy":"category","embeddable":true,"href":"http:\/\/www.korhanyilmaz.com\/index.php?rest_route=%2Fwp%2Fv2%2Fcategories&post=48870"},{"taxonomy":"post_tag","embeddable":true,"href":"http:\/\/www.korhanyilmaz.com\/index.php?rest_route=%2Fwp%2Fv2%2Ftags&post=48870"}],"curies":[{"name":"wp","href":"https:\/\/api.w.org\/{rel}","templated":true}]}}