{"id":48864,"date":"2012-02-15T22:38:04","date_gmt":"2012-02-15T20:38:04","guid":{"rendered":"http:\/\/www.korhanyilmaz.com\/?p=48864"},"modified":"2012-02-16T09:09:44","modified_gmt":"2012-02-16T07:09:44","slug":"tayyip-yiyor-emine-yiyor-sozlerine-hapis","status":"publish","type":"post","link":"http:\/\/www.korhanyilmaz.com\/?p=48864","title":{"rendered":"&#8216;Tayyip yiyor, Emine yiyor&#8217; s\u00f6zlerine hapis"},"content":{"rendered":"<p style=\"text-align: center;\"><a href=\"http:\/\/www.korhanyilmaz.com\/wp-content\/uploads\/2012\/02\/9801.jpg\"  class=\"lightview\"><img loading=\"lazy\" decoding=\"async\" class=\"aligncenter  wp-image-48865\" src=\"http:\/\/www.korhanyilmaz.com\/wp-content\/uploads\/2012\/02\/9801.jpg\" alt=\"\" width=\"276\" height=\"207\" \/><\/a><\/p>\n<p style=\"text-align: justify;\">Ba\u015fbakan Recep Tayyip Erdo\u011fan ve e\u015fi Emine Erdo\u011fan&#8217;a hakaret etti\u011fi iddias\u0131yla yarg\u0131lanan Opr. Dr. Ethem Co\u015fkuner, 1 y\u0131l 2 ay 17 g\u00fcn hapis cezas\u0131na \u00e7arpt\u0131r\u0131ld\u0131.<\/p>\n<p style=\"text-align: justify;\">\u0130stanbul- Trabzon Numune E\u011fitim ve Ara\u015ft\u0131rma Hastanesi\u2019nde g\u00f6z doktoru olarak g\u00f6rev yapan Opr. Dr. Ethem Co\u015fkuner, yakla\u015f\u0131k bir y\u0131l \u00f6nce hastane bah\u00e7esinde \u00e7evre d\u00fczenlemesi i\u015fi yapan m\u00fchendis Muhammet \u00c7a\u011flar\u2019a iddiaya g\u00f6re, &#8220;O\u011flum Muhammet. Tayyip yiyor, Emine yiyor. Bunlar da yiyor, yediriyor&#8221; dedi. Bu s\u00f6zler \u00fczerine Opr. Dr. Co\u015fkuner ile m\u00fchendis \u00c7a\u011flar aras\u0131nda \u00e7\u0131kan tart\u0131\u015fman\u0131n kavgaya d\u00f6n\u00fc\u015fmesi araya girenlerce \u00f6nlendi.\u00a0<!--more--><\/p>\n<p style=\"text-align: justify;\">DHA&#8217;n\u0131n haberine g\u00f6re, m\u00fchendis Muhammet \u00c7a\u011flar, Opr. Dr. Ethem Co\u015fkuner\u2019in, Ba\u015fbakan Erdo\u011fan ve e\u015fi Emine Erdo\u011fan\u2019a hakaret etti\u011fini ileri s\u00fcrerek \u015fikayet\u00e7i oldu. M\u00fchendisin \u015fikayeti \u00fczerine hakk\u0131nda \u2019kamu g\u00f6revlisine g\u00f6revinden dolay\u0131 hakaret etti\u011fi\u2019 iddias\u0131yla dava a\u00e7\u0131lan Opr. Dr. Ethem Co\u015fkuner, Trabzon 1\u2019inci Sulh Ceza Mahkemesi\u2019nde yap\u0131lan yarg\u0131lanma sonras\u0131 1750 lira para cezas\u0131na \u00e7arpt\u0131r\u0131ld\u0131.<\/p>\n<p style=\"text-align: justify;\"><strong>Ba\u015fbakan da \u015fikayet\u00e7i oldu\u00a0<\/strong><\/p>\n<p style=\"text-align: justify;\">Opr.Dr. Ethem Co\u015fkuner, bug\u00fcn de Ba\u015fbakan Recep Tayyip Erdo\u011fan\u2019\u0131n \u015fikayeti \u00fczerine a\u00e7\u0131lan hakaret davas\u0131 nedeniyle Trabzon 1\u2019inci Sulh Ceza Mahkemesi\u2019nde hakim kar\u015f\u0131s\u0131na \u00e7\u0131kt\u0131. Tutuksuz yarg\u0131land\u0131\u011f\u0131 davada haz\u0131r bulunan Dr. Co\u015fkuner ifadesinde su\u00e7suz oldu\u011funu, Ba\u015fbakan ve e\u015fine hakaret etmedi\u011fini \u00f6ne s\u00fcrd\u00fc. Dr. Co\u015fkuner dava konusu s\u00f6zleri s\u00f6ylemedi\u011fini savunarak \u015f\u00f6yle dedi:<\/p>\n<p style=\"text-align: justify;\">&#8220;Hastane idaresi ile bana s\u00fcrekli ge\u00e7ici g\u00f6revlendirme \u00e7\u0131karmalar\u0131 nedeniyle problemim olmu\u015ftu. Olay tarihinde hastaneden evime giderken bir in\u015faat faaliyeti g\u00f6rd\u00fcm. M\u00fc\u015ftekilere y\u00f6nelik hakaret i\u00e7eren s\u00f6z sarf etmedim. Tart\u0131\u015fma M\u00fchendis Muhammet \u00c7a\u011flar ile aram\u0131zda ya\u015fand\u0131.&#8221;<\/p>\n<p style=\"text-align: justify;\"><strong>&#8220;H\u00fckm\u00fcn a\u00e7\u0131klanmas\u0131 geri b\u0131rak\u0131ld\u0131&#8221;\u00a0<\/strong><\/p>\n<p style=\"text-align: justify;\">Mahkeme Opr. Dr. Ethem Co\u015fkuner\u2019e, \u2019Ba\u015fbakan Recep Tayyip Erdo\u011fan\u2019a y\u00f6nelik hakaret\u2019 su\u00e7undan, TCK\u2019n\u0131n 125\/1 maddesi uyar\u0131nca 3 ay hapis cezas\u0131 verdi. Mahkeme, san\u0131\u011f\u0131n eylemini kamu g\u00f6revlisine kar\u015f\u0131 g\u00f6revinden dolay\u0131 i\u015fledi\u011fi gerek\u00e7esiyle cezay\u0131 TCK\/125-4 maddesince 1 y\u0131l 2 aya \u00e7\u0131kard\u0131. \u0130yi hal nedeniyle cezas\u0131 11 ay 20 g\u00fcne indirilen Dr. Co\u015fkuner, Emine Erdo\u011fan\u2019a hakaret su\u00e7undan da ald\u0131\u011f\u0131 3 ayl\u0131k hapis cezas\u0131 2 ay 27 g\u00fcne indirilince toplam 1 y\u0131l 2 ay 17 g\u00fcn hapis cezas\u0131na \u00e7arpt\u0131r\u0131lm\u0131\u015f oldu. Mahkeme cezay\u0131, \u2019h\u00fckm\u00fcn a\u00e7\u0131klanmas\u0131n\u0131 geri b\u0131rakarak\u2019 erteledi.<\/p>\n<p style=\"text-align: justify;\">Opr. Dr. Co\u015fkuner, 5 y\u0131l i\u00e7inde herhangi bir su\u00e7tan h\u00fck\u00fcm giydi\u011fi takdirde s\u00f6z konusu ceza da buna eklenecek.<\/p>\n<p style=\"text-align: justify;\"><a href=\"http:\/\/www.cumhuriyet.com.tr\/?hn=315614\" target=\"_blank\">Kaynak : Cumhuriyet Haber Portal\u0131<\/a><\/p>\n","protected":false},"excerpt":{"rendered":"<p style=\"text-align: center;\">\n<p style=\"text-align: justify;\">Ba\u015fbakan Recep Tayyip Erdo\u011fan ve e\u015fi Emine Erdo\u011fan&#8217;a hakaret etti\u011fi iddias\u0131yla yarg\u0131lanan Opr. Dr. Ethem Co\u015fkuner, 1 y\u0131l 2 ay 17 g\u00fcn hapis cezas\u0131na \u00e7arpt\u0131r\u0131ld\u0131.<\/p>\n<p style=\"text-align: justify;\">\u0130stanbul- Trabzon Numune E\u011fitim ve Ara\u015ft\u0131rma Hastanesi\u2019nde g\u00f6z doktoru olarak g\u00f6rev yapan Opr. Dr. Ethem Co\u015fkuner, yakla\u015f\u0131k bir y\u0131l \u00f6nce hastane bah\u00e7esinde \u00e7evre <\/p>\n","protected":false},"author":1,"featured_media":0,"comment_status":"open","ping_status":"open","sticky":false,"template":"","format":"standard","meta":{"footnotes":""},"categories":[105],"tags":[],"class_list":["post-48864","post","type-post","status-publish","format-standard","hentry","category-gundem","odd"],"_links":{"self":[{"href":"http:\/\/www.korhanyilmaz.com\/index.php?rest_route=\/wp\/v2\/posts\/48864","targetHints":{"allow":["GET"]}}],"collection":[{"href":"http:\/\/www.korhanyilmaz.com\/index.php?rest_route=\/wp\/v2\/posts"}],"about":[{"href":"http:\/\/www.korhanyilmaz.com\/index.php?rest_route=\/wp\/v2\/types\/post"}],"author":[{"embeddable":true,"href":"http:\/\/www.korhanyilmaz.com\/index.php?rest_route=\/wp\/v2\/users\/1"}],"replies":[{"embeddable":true,"href":"http:\/\/www.korhanyilmaz.com\/index.php?rest_route=%2Fwp%2Fv2%2Fcomments&post=48864"}],"version-history":[{"count":0,"href":"http:\/\/www.korhanyilmaz.com\/index.php?rest_route=\/wp\/v2\/posts\/48864\/revisions"}],"wp:attachment":[{"href":"http:\/\/www.korhanyilmaz.com\/index.php?rest_route=%2Fwp%2Fv2%2Fmedia&parent=48864"}],"wp:term":[{"taxonomy":"category","embeddable":true,"href":"http:\/\/www.korhanyilmaz.com\/index.php?rest_route=%2Fwp%2Fv2%2Fcategories&post=48864"},{"taxonomy":"post_tag","embeddable":true,"href":"http:\/\/www.korhanyilmaz.com\/index.php?rest_route=%2Fwp%2Fv2%2Ftags&post=48864"}],"curies":[{"name":"wp","href":"https:\/\/api.w.org\/{rel}","templated":true}]}}