{"id":48861,"date":"2012-02-15T22:56:13","date_gmt":"2012-02-15T20:56:13","guid":{"rendered":"http:\/\/www.korhanyilmaz.com\/?p=48861"},"modified":"2012-02-16T09:10:19","modified_gmt":"2012-02-16T07:10:19","slug":"poliste-kck-ekibi-dagitildi","status":"publish","type":"post","link":"http:\/\/www.korhanyilmaz.com\/?p=48861","title":{"rendered":"Poliste KCK ekibi da\u011f\u0131t\u0131ld\u0131!"},"content":{"rendered":"<p style=\"text-align: justify;\"><a href=\"http:\/\/www.korhanyilmaz.com\/wp-content\/uploads\/2012\/02\/9800.jpg\"  class=\"lightview\"><img loading=\"lazy\" decoding=\"async\" class=\"aligncenter size-full wp-image-48862\" title=\"\" src=\"http:\/\/www.korhanyilmaz.com\/wp-content\/uploads\/2012\/02\/9800.jpg\" alt=\"\" width=\"267\" height=\"200\" \/><\/a><\/p>\n<p style=\"text-align: justify;\">\u0130stanbul Emniyet M\u00fcd\u00fcrl\u00fc\u011f\u00fc Ter\u00f6rle M\u00fccadele \u015eube M\u00fcd\u00fcrl\u00fc\u011f\u00fcnde g\u00f6revli 1 m\u00fcd\u00fcr yard\u0131mc\u0131s\u0131, 2 emniyet amiri, 1 ba\u015f komiser ve 1 komiser olmak \u00fczere 5 ki\u015fi ile \u0130stihbarat \u015eube M\u00fcd\u00fcrl\u00fc\u011f\u00fcnde g\u00f6revli 2 emniyet amiri, 1 ba\u015f komiser ve 1 komiser olmak \u00fczere 4 ki\u015fi, \u0130stanbul Valili\u011fi taraf\u0131ndan g\u00f6rev yapt\u0131klar\u0131 birimden al\u0131narak, ba\u015fka birimlere tayin edildi.<!--more--><\/p>\n<p style=\"text-align: justify;\">\u0130stanbul- \u0130stanbul Emniyet M\u00fcd\u00fcrl\u00fc\u011f\u00fc \u0130stihbarat \u015eube M\u00fcd\u00fcrl\u00fc\u011f\u00fc ve Ter\u00f6rle M\u00fccadele \u015eube M\u00fcd\u00fcrl\u00fc\u011f\u00fc&#8217;nde g\u00f6revli 9 personelin g\u00f6rev yerleri de\u011fi\u015fti.<\/p>\n<p style=\"text-align: justify;\">M\u0130T mensuplar\u0131n\u0131n ifadeye \u00e7a\u011fr\u0131lmas\u0131n\u0131n ard\u0131ndan ba\u015flayan \u0130stanbul Emniyeti&#8217;ndeki g\u00f6rev de\u011fi\u015fimlerine devam edildi.<\/p>\n<p style=\"text-align: justify;\">Edinilen bilgiye g\u00f6re, \u0130stanbul Emniyet M\u00fcd\u00fcrl\u00fc\u011f\u00fc Ter\u00f6rle M\u00fccadele \u015eube M\u00fcd\u00fcrl\u00fc\u011f\u00fc&#8217;nde g\u00f6revli 1 m\u00fcd\u00fcr yard\u0131mc\u0131s\u0131, 2 emniyet amiri, 1 ba\u015f komiser ve 1 komiser ile \u0130stihbarat \u015eube M\u00fcd\u00fcrl\u00fc\u011f\u00fc&#8217;nde g\u00f6revli 2 emniyet amiri, 1 ba\u015f komiser ve 1 komiser, \u0130stanbul Valili\u011fi taraf\u0131ndan emniyetin ba\u015fka birimlerinde g\u00f6revlendirildi.<\/p>\n<p style=\"text-align: justify;\">Baz\u0131 M\u0130T&#8217;\u00e7ilerin ifadeye \u00e7a\u011fr\u0131lmas\u0131n\u0131n ard\u0131ndan KCK operasyonlar\u0131n\u0131 y\u00fcr\u00fcten \u0130stihbarat \u015eube M\u00fcd\u00fcr\u00fc Erol Demirhan ve Ter\u00f6rle M\u00fccadele \u015eube M\u00fcd\u00fcr\u00fc Yurt Atay\u00fcn g\u00f6revlerinden al\u0131nm\u0131\u015ft\u0131.<\/p>\n<p style=\"text-align: justify;\"><a href=\"http:\/\/www.cumhuriyet.com.tr\/?hn=315602\" target=\"_blank\">Kaynak : Cumhuriyet Haber Portal\u0131<\/a><\/p>\n","protected":false},"excerpt":{"rendered":"<p style=\"text-align: justify;\">\n<p style=\"text-align: justify;\">\u0130stanbul Emniyet M\u00fcd\u00fcrl\u00fc\u011f\u00fc Ter\u00f6rle M\u00fccadele \u015eube M\u00fcd\u00fcrl\u00fc\u011f\u00fcnde g\u00f6revli 1 m\u00fcd\u00fcr yard\u0131mc\u0131s\u0131, 2 emniyet amiri, 1 ba\u015f komiser ve 1 komiser olmak \u00fczere 5 ki\u015fi ile \u0130stihbarat \u015eube M\u00fcd\u00fcrl\u00fc\u011f\u00fcnde g\u00f6revli 2 emniyet amiri, 1 ba\u015f komiser ve 1 komiser olmak \u00fczere 4 ki\u015fi, \u0130stanbul Valili\u011fi taraf\u0131ndan g\u00f6rev yapt\u0131klar\u0131 birimden al\u0131narak, ba\u015fka <\/p>\n","protected":false},"author":1,"featured_media":0,"comment_status":"open","ping_status":"open","sticky":false,"template":"","format":"standard","meta":{"footnotes":""},"categories":[105],"tags":[],"class_list":["post-48861","post","type-post","status-publish","format-standard","hentry","category-gundem","odd"],"_links":{"self":[{"href":"http:\/\/www.korhanyilmaz.com\/index.php?rest_route=\/wp\/v2\/posts\/48861","targetHints":{"allow":["GET"]}}],"collection":[{"href":"http:\/\/www.korhanyilmaz.com\/index.php?rest_route=\/wp\/v2\/posts"}],"about":[{"href":"http:\/\/www.korhanyilmaz.com\/index.php?rest_route=\/wp\/v2\/types\/post"}],"author":[{"embeddable":true,"href":"http:\/\/www.korhanyilmaz.com\/index.php?rest_route=\/wp\/v2\/users\/1"}],"replies":[{"embeddable":true,"href":"http:\/\/www.korhanyilmaz.com\/index.php?rest_route=%2Fwp%2Fv2%2Fcomments&post=48861"}],"version-history":[{"count":0,"href":"http:\/\/www.korhanyilmaz.com\/index.php?rest_route=\/wp\/v2\/posts\/48861\/revisions"}],"wp:attachment":[{"href":"http:\/\/www.korhanyilmaz.com\/index.php?rest_route=%2Fwp%2Fv2%2Fmedia&parent=48861"}],"wp:term":[{"taxonomy":"category","embeddable":true,"href":"http:\/\/www.korhanyilmaz.com\/index.php?rest_route=%2Fwp%2Fv2%2Fcategories&post=48861"},{"taxonomy":"post_tag","embeddable":true,"href":"http:\/\/www.korhanyilmaz.com\/index.php?rest_route=%2Fwp%2Fv2%2Ftags&post=48861"}],"curies":[{"name":"wp","href":"https:\/\/api.w.org\/{rel}","templated":true}]}}