{"id":48856,"date":"2012-02-15T22:59:33","date_gmt":"2012-02-15T20:59:33","guid":{"rendered":"http:\/\/www.korhanyilmaz.com\/?p=48856"},"modified":"2012-02-16T09:02:32","modified_gmt":"2012-02-16T07:02:32","slug":"serefsiz-ve-alcak-kim","status":"publish","type":"post","link":"http:\/\/www.korhanyilmaz.com\/?p=48856","title":{"rendered":"&#8216;\u015eerefsiz ve al\u00e7ak kim?&#8217;"},"content":{"rendered":"<p style=\"text-align: center;\"><a href=\"http:\/\/www.korhanyilmaz.com\/wp-content\/uploads\/2012\/02\/9799.jpg\"  class=\"lightview\"><img loading=\"lazy\" decoding=\"async\" class=\"aligncenter  wp-image-48858\" src=\"http:\/\/www.korhanyilmaz.com\/wp-content\/uploads\/2012\/02\/9799.jpg\" alt=\"\" width=\"290\" height=\"217\" \/><\/a><\/p>\n<p style=\"text-align: justify;\">Meclis Genel Kurulu&#8217;nda, CHP Tunceli Milletvekili Kamer Gen\u00e7&#8217;in, &#8220;Oslo&#8217;da yap\u0131lan konu\u015fmalar ortada. PKK ile anla\u015ft\u0131\u011f\u0131n\u0131z ortada. Tayyip Bey bu laflar ortaya \u00e7\u0131kt\u0131\u011f\u0131 zaman bunu kan\u0131tlamayan \u015ferefsiz ve al\u00e7akt\u0131r, dedi mi, dedi. Ondan sonra Tayyip Bey ile PKK mensuplar\u0131n\u0131n g\u00f6r\u00fc\u015ft\u00fc\u011f\u00fc ortaya \u00e7\u0131kt\u0131 m\u0131, peki \u015ferefsiz ve al\u00e7ak kim, kim? Bu laflar\u0131 s\u00f6yleyenler&#8221; s\u00f6zleri tansiyonu y\u00fckseltti.<!--more--><\/p>\n<p style=\"text-align: justify;\">Ankara- TBMM Genel Kurulu&#8217;nda, \u00c7ukurova \u00dcniversitesi&#8217;nin KKTC&#8217;de Kampus Kurmas\u0131na \u0130li\u015fkin \u00c7er\u00e7eve Protokol\u00fcn Onaylanmas\u0131n\u0131n Uygun Bulundu\u011funa Dair Kanun Tasar\u0131s\u0131 \u00fczerindeki g\u00f6r\u00fc\u015fmelerde &#8220;\u015feref&#8221; tart\u0131\u015fmas\u0131 \u00e7\u0131kt\u0131.<\/p>\n<p style=\"text-align: justify;\"><strong>Gen\u00e7: Demek ki bu i\u015fler gelecek Erdo\u011fan&#8217;a dayanacak\u00a0<\/strong><\/p>\n<p style=\"text-align: justify;\">M\u0130T Kanunu&#8217;nda de\u011fi\u015fiklik \u00f6ng\u00f6ren kanun teklifini hat\u0131rlatan CHP Tunceli Milletvekili Kamer Gen\u00e7, &#8220;Bir kanun getirdiniz, \u015fimdi Tayyip Erdo\u011fan yar\u0131na rakiplerine diyecek ki birtak\u0131m adamlar\u0131 g\u00f6revlendirerek &#8216;git bunlar\u0131 \u00f6ld\u00fcr&#8217; diyecek. Hakkari&#8217;de 27 askerimizin \u015fehit oldu\u011fu g\u00fcn Tayyip Erdo\u011fan ve Ahmet Davuto\u011flu \u0130srail&#8217;in serbest b\u0131rakt\u0131\u011f\u0131 11 tane Hamasl\u0131y\u0131 \u0130srail&#8217;den getirmek i\u00e7in \u00f6zel u\u00e7ak g\u00f6nderdiler, o g\u00fcn onlarla ilgilendiler. Ben soruyorum 27 tane askerimiz kim taraf\u0131ndan \u015fehit edildi. \u0130stanbul&#8217;da bir otob\u00fcse bomba at\u0131ld\u0131, o bombada 17 ya\u015f\u0131ndaki k\u0131z \u00f6ld\u00fc, birileri diyor ki bunlar\u0131 M\u0130T mensuplar\u0131 yapt\u0131. Bunlar\u0131 a\u00e7\u0131klayal\u0131m, savc\u0131n\u0131n iddialar\u0131n\u0131 a\u00e7\u0131klayal\u0131m. Siz niye \u00e7ekiniyorsunuz, demek ki su\u00e7lusunuz. Korkuyorsunuz. Demek ki bu i\u015fler gelecek Tayyip Erdo\u011fan&#8217;a dayanacak. Tayyip Erdo\u011fan korkuyor&#8221; dedi.<\/p>\n<p style=\"text-align: justify;\"><strong>CHP&#8217;li Gen\u00e7: Yemin edenlerin namusuna ve \u015ferefine sahip \u00e7\u0131kmas\u0131 laz\u0131m\u00a0<\/strong><\/p>\n<p style=\"text-align: justify;\">Anayasan\u0131n 138. maddesini hat\u0131rlatan Gen\u00e7, &#8220;Siz namusunuz ve \u015ferefiniz \u00fczerine Anayasaya sadakat yapaca\u011f\u0131n\u0131za yemin etmediniz mi? Siz getirdi\u011finiz kanun teklifiyle ne diyorsunuz, efendim yarg\u0131n\u0131n a\u00e7t\u0131\u011f\u0131 soru\u015fturmay\u0131 kesiyorsunuz, bu hangi \u015feref ve namus \u00fczerine yemin etmektir, namusu ve \u015ferefi \u00fczerine yemin eden insanlar\u0131n namusuna ve \u015ferefine sahip \u00e7\u0131kmas\u0131 laz\u0131m. Bu kanun teklifini getirenler, buna parmak kald\u0131ranlar bu namus ve \u015feref meselesi \u00fczerinde durmalar\u0131 laz\u0131m. Yar\u0131n kimin Ba\u015fbakan olaca\u011f\u0131 belli de\u011fil. Oslo&#8217;da yap\u0131lan konu\u015fmalar ortada. PKK ile anla\u015ft\u0131\u011f\u0131n\u0131z ortada. Tayyip Bey bu laflar ortaya \u00e7\u0131kt\u0131\u011f\u0131 zaman bunu kan\u0131tlamayan \u015ferefsiz ve al\u00e7akt\u0131r dedi mi, dedi. Ondan sonra Tayyip Bey ile PKK mensuplar\u0131n\u0131n g\u00f6r\u00fc\u015ft\u00fc\u011f\u00fc ortaya \u00e7\u0131kt\u0131 m\u0131, peki \u015ferefsiz ve al\u00e7ak kim, kim? Bu laflar\u0131 s\u00f6yleyenler&#8221; dedi.<\/p>\n<p style=\"text-align: justify;\"><strong>AKP&#8217;liler tepki g\u00f6sterdi, salonda tansiyon y\u00fckseldi<\/strong><\/p>\n<p style=\"text-align: justify;\">Gen\u00e7&#8217;in s\u00f6zlerine AKP s\u0131ralar\u0131ndan tepki sesleri y\u00fckseldi. Bu arada konu\u015fma s\u00fcresi biten Gen\u00e7&#8217;in konu\u015fmaya devam etmesi \u00fczerine oturumu y\u00f6neten Meclis Ba\u015fkanvekili G\u00fcldal Mumcu, &#8220;L\u00fctfen yerinize ge\u00e7iniz&#8221; dedi.<\/p>\n<p style=\"text-align: justify;\"><strong>Bah\u00e7ekap\u0131l\u0131: Kendisine iade ediyorum\u00a0<\/strong><\/p>\n<p style=\"text-align: justify;\">Sata\u015fma nedeniyle s\u00f6z alan AKP Grup Ba\u015fkanvekili Ay\u015fe Nur Bah\u00e7ekap\u0131l\u0131, &#8220;Son konu\u015fmac\u0131 her konu\u015fmada burada Meclis&#8217;in \u00e7al\u0131\u015fmas\u0131n\u0131 geriyor. Ben kendi ad\u0131ma bu konu\u015fmac\u0131ya cevap vermeyi 5 y\u0131ld\u0131r buraday\u0131m hi\u00e7 uygun g\u00f6rmedim. \u00c7\u00fcnk\u00fc bir konu\u015fmac\u0131ya cevap vermeyi gere\u011fi hissederseniz en az\u0131ndan seviyelerinizin ayn\u0131 oranda olmas\u0131 gerekir. Veya sizi bir de\u011ferler silsilisine alt s\u0131ralara koyuyorsa o konu\u015fmac\u0131n\u0131n namus gibi \u015feref gibi insani de\u011ferlere sahip olmas\u0131 gerekir diye d\u00fc\u015f\u00fcn\u00fcyorum. S\u00f6yledi\u011fi b\u00fct\u00fcn s\u00f6zleri kendisine iade ediyorum. Bak\u0131n burada 326 tane milletvekili var. Bu milletvekillerine 22 milyon ki\u015fi oy vermi\u015f. Bu milletvekillerinin say\u0131s\u0131n\u0131 22 milyon ile \u00e7arp\u0131yorum, AK Parti te\u015fkilat\u0131nda \u00e7al\u0131\u015fan herkesin say\u0131s\u0131yla \u00e7arp\u0131yorum ve ayn\u0131 s\u00f6zleri bu \u00e7arp\u0131mdan \u00e7\u0131kan sonu\u00e7la size iade ediyorum&#8221; dedi.<\/p>\n<p style=\"text-align: justify;\">Kamer Gen\u00e7&#8217;in itiraz etmesi \u00fczerine AKP&#8217;li vekiller, &#8220;Otur, otur&#8221;, &#8220;Sana m\u0131 d\u00fc\u015ft\u00fc&#8221; diyerek itiraz etti.<\/p>\n<p style=\"text-align: justify;\">Meclis Ba\u015fkanvekili Mumcu, &#8220;Say\u0131n Gen\u00e7, l\u00fctfen kimsenin \u015ferefiyle ve \u015feref haysiyetiyle ilgili konu\u015fma yapmay\u0131n\u0131z&#8221; dedi.<\/p>\n<p style=\"text-align: justify;\">G\u00f6r\u00fc\u015fmelerin ard\u0131ndan tasar\u0131 kabul edildi.<\/p>\n<p style=\"text-align: justify;\"><a href=\"http:\/\/www.cumhuriyet.com.tr\/?hn=315610\" target=\"_blank\">Kaynak : Cumhuriyet Haber Portal\u0131<\/a><\/p>\n","protected":false},"excerpt":{"rendered":"<p style=\"text-align: center;\">\n<p style=\"text-align: justify;\">Meclis Genel Kurulu&#8217;nda, CHP Tunceli Milletvekili Kamer Gen\u00e7&#8217;in, &#8220;Oslo&#8217;da yap\u0131lan konu\u015fmalar ortada. PKK ile anla\u015ft\u0131\u011f\u0131n\u0131z ortada. Tayyip Bey bu laflar ortaya \u00e7\u0131kt\u0131\u011f\u0131 zaman bunu kan\u0131tlamayan \u015ferefsiz ve al\u00e7akt\u0131r, dedi mi, dedi. Ondan sonra Tayyip Bey ile PKK mensuplar\u0131n\u0131n g\u00f6r\u00fc\u015ft\u00fc\u011f\u00fc ortaya \u00e7\u0131kt\u0131 m\u0131, peki \u015ferefsiz ve al\u00e7ak kim, kim? Bu laflar\u0131 <\/p>\n","protected":false},"author":1,"featured_media":0,"comment_status":"open","ping_status":"open","sticky":false,"template":"","format":"standard","meta":{"footnotes":""},"categories":[105],"tags":[],"class_list":["post-48856","post","type-post","status-publish","format-standard","hentry","category-gundem","odd"],"_links":{"self":[{"href":"http:\/\/www.korhanyilmaz.com\/index.php?rest_route=\/wp\/v2\/posts\/48856","targetHints":{"allow":["GET"]}}],"collection":[{"href":"http:\/\/www.korhanyilmaz.com\/index.php?rest_route=\/wp\/v2\/posts"}],"about":[{"href":"http:\/\/www.korhanyilmaz.com\/index.php?rest_route=\/wp\/v2\/types\/post"}],"author":[{"embeddable":true,"href":"http:\/\/www.korhanyilmaz.com\/index.php?rest_route=\/wp\/v2\/users\/1"}],"replies":[{"embeddable":true,"href":"http:\/\/www.korhanyilmaz.com\/index.php?rest_route=%2Fwp%2Fv2%2Fcomments&post=48856"}],"version-history":[{"count":0,"href":"http:\/\/www.korhanyilmaz.com\/index.php?rest_route=\/wp\/v2\/posts\/48856\/revisions"}],"wp:attachment":[{"href":"http:\/\/www.korhanyilmaz.com\/index.php?rest_route=%2Fwp%2Fv2%2Fmedia&parent=48856"}],"wp:term":[{"taxonomy":"category","embeddable":true,"href":"http:\/\/www.korhanyilmaz.com\/index.php?rest_route=%2Fwp%2Fv2%2Fcategories&post=48856"},{"taxonomy":"post_tag","embeddable":true,"href":"http:\/\/www.korhanyilmaz.com\/index.php?rest_route=%2Fwp%2Fv2%2Ftags&post=48856"}],"curies":[{"name":"wp","href":"https:\/\/api.w.org\/{rel}","templated":true}]}}