{"id":48849,"date":"2012-02-15T11:48:40","date_gmt":"2012-02-15T09:48:40","guid":{"rendered":"http:\/\/www.korhanyilmaz.com\/?p=48849"},"modified":"2012-02-15T23:41:49","modified_gmt":"2012-02-15T21:41:49","slug":"iddianame-kabul-edildi","status":"publish","type":"post","link":"http:\/\/www.korhanyilmaz.com\/?p=48849","title":{"rendered":"\u0130ddianame kabul edildi"},"content":{"rendered":"<p style=\"text-align: center;\"><a href=\"http:\/\/www.korhanyilmaz.com\/wp-content\/uploads\/2012\/02\/9797.jpg\"  class=\"lightview\"><img loading=\"lazy\" decoding=\"async\" class=\"aligncenter  wp-image-48850\" src=\"http:\/\/www.korhanyilmaz.com\/wp-content\/uploads\/2012\/02\/9797.jpg\" alt=\"\" width=\"276\" height=\"207\" \/><\/a><\/p>\n<p style=\"text-align: justify;\">\u0130nternet and\u0131c\u0131 soru\u015fturmas\u0131 kapsam\u0131nda tutuklanan eski Genelkurmay Ba\u015fkan\u0131 emekli Orgeneral \u0130lker Ba\u015fbu\u011f hakk\u0131nda haz\u0131rlanan 39 sayfal\u0131k iddianame, \u0130stanbul 13. A\u011f\u0131r Ceza Mahkemesi\u2019nce oybirli\u011fiyle kabul edildi. \u0130ddianamede, Ba\u015fbu\u011f\u2019un Kara Kuvvetleri Komutan\u0131yken, AKP h\u00fck\u00fcmetini devirmeyi planlad\u0131\u011f\u0131, uygun kadroyu Genelkurmay Ba\u015fkanl\u0131\u011f\u0131 d\u00f6neminde elinde olmayan sebeplerle olu\u015fturamad\u0131\u011f\u0131 i\u00e7in plan\u0131n\u0131 hayata ge\u00e7iremedi\u011fi iddia edildi.\u00a0<!--more--><\/p>\n<p style=\"text-align: justify;\">\u0130stanbul Haber Servisi- Cumhuriyet Savc\u0131s\u0131 Cihan Kans\u0131z\u2019\u0131n haz\u0131rlad\u0131\u011f\u0131 iddianamede, Ba\u015fbu\u011f\u2019un, \u2018Ergenekon silahl\u0131 ter\u00f6r \u00f6rg\u00fct\u00fcn\u00fcn\u2019 ama\u00e7lar\u0131 do\u011frultusunda, askeri bir darbe ortam\u0131 olu\u015fturmak amac\u0131yla, internet siteleri ve bu siteleri me\u015frula\u015ft\u0131rmak amac\u0131yla d\u00fczenlenen and\u0131\u00e7 vas\u0131tas\u0131yla kara propaganda ve dezenformasyon faaliyetlerini icra ve organize etti\u011fi ileri s\u00fcr\u00fcld\u00fc. And\u0131c\u0131n, 14 Nisan\u2019da sar\u0131 zarf i\u00e7erisinde Ba\u015fbu\u011f\u2019a iletilip okey i\u015fareti al\u0131nd\u0131\u011f\u0131, Kurmay Albay Dursun \u00c7i\u00e7ek\u2019in, I\u011fs\u0131z\u2019\u0131n paraf\u0131ndan sonra Ba\u015fbu\u011f\u2019un olurunu s\u00f6zl\u00fc olarak da alm\u0131\u015f olabilece\u011fi belirtilerek, \u201cAnd\u0131\u00e7ta son paraf d\u00f6nemin Genelkurmay \u0130kinci Ba\u015fkan\u0131 Hasan I\u011fs\u0131z\u2019a aittir. Paraf\u0131n kar\u015f\u0131s\u0131nda, \u2018Sn.K\u2019a arz\u2019 ibaresi yer almaktad\u0131r. I\u011fs\u0131z, \u2018bu ibare Genelkurmay Ba\u015fkan\u0131\u2019n\u0131 ifade eder\u2019 demi\u015ftir. D\u00f6nemin Genelkurmay Adli M\u00fc\u015faviri H\u0131fz\u0131 \u00c7ubuklu da belgenin 1 Nisan 2009\u2019da Genelkurmay Ba\u015fkan\u0131\u2019na arz edildi\u011fini belirtmi\u015ftir\u201d denildi. \u0130rticayla Eylem Plan\u0131 12 Haziran 2009\u2019da, de\u015fifre oldu\u011funda Ba\u015fbu\u011f\u2019un yurtd\u0131\u015f\u0131nda oldu\u011fu, Genelkurmay Ba\u015fkanl\u0131\u011f\u0131\u2019na I\u015f\u0131k Ko\u015faner\u2019in vekalet etti\u011fi belirtilerek, \u015fu ifadeler kullan\u0131ld\u0131:<\/p>\n<p style=\"text-align: justify;\">\u201cGenelkurmay 2. Ba\u015fkan\u0131 Hasan I\u011fs\u0131z, Ba\u015fbu\u011f\u2019u telefonla arayarak ald\u0131\u011f\u0131 emir sonras\u0131nda soru\u015fturma a\u00e7\u0131ld\u0131. Ko\u015faner\u2019den do\u011frudan emir alarak soru\u015fturma a\u00e7\u0131labilecekken, Ba\u015fbu\u011f\u2019u arayarak onay almas\u0131, resmi hiyerar\u015fi d\u0131\u015f\u0131nda haraket etmesi, \u00f6rg\u00fctsel hiyarar\u015finin bir g\u00f6stergesidir. Bu durum, Karargahta y\u00fcr\u00fct\u00fclen evrak k\u0131rpma ve bilgisayar silme i\u015flemi gibi t\u00fcm benzer faaliyetlerin \u0130lker Ba\u015fbu\u011f\u2019un kontrol\u00fcnde ger\u00e7ekle\u015fti\u011fini de g\u00f6stermektedir. \u0130rticayla Eylem Plan\u0131, taslak halinde Ba\u015fbu\u011f\u2019a sunulduktan sonra Ba\u015fbu\u011f\u2019un bilgisi dahilinde, Hasan I\u011fs\u0131z\u2019\u0131n kontrol\u00fcnde Dursun \u00c7i\u00e7ek taraf\u0131ndan haz\u0131rland\u0131\u011f\u0131 anla\u015f\u0131lm\u0131\u015ft\u0131r.\u201d<\/p>\n<p style=\"text-align: justify;\"><strong>Kapatma davas\u0131 ekleri\u00a0<\/strong><\/p>\n<p style=\"text-align: justify;\">AKP\u2019ye a\u00e7\u0131lan kapatma davas\u0131n\u0131n ek klas\u00f6rleri incelendi\u011finde, \u201cirtica.org\u201d adl\u0131 sitede 2007 y\u0131l\u0131nda yer alan \u201cApronda Namaz \u015eovu\u201d, \u201c\u0130\u015fte AKP\u2019nin Meclisi\u201d, \u201cAKP\u2019nin t\u00fcrban m\u00fclakat\u0131\u201d, \u201cAKP t\u00fcrbana doland\u0131\u201d, \u201cK\u0131z yurdunda zikir sesleri\u201d, \u201cLisede toplu namaz\u201d ba\u015fl\u0131kl\u0131 haber ve yaz\u0131lar\u0131n delil olarak yer ald\u0131\u011f\u0131 ifade edilerek, sitede yer alan yay\u0131nlar\u0131n rastgele se\u00e7ilmedi\u011fi, belli bir amaca hizmet edecek \u015fekilde derlendikleri, irtica.org\u2019un kapatma davas\u0131na delil sa\u011flayak derecede etkili oldu\u011fu kaydedildi.<\/p>\n<p style=\"text-align: justify;\"><strong>A\u00e7\u0131klamalar\u0131 delil oldu\u00a0<\/strong><\/p>\n<p style=\"text-align: justify;\">Ergenekon ve Balyoz soru\u015fturma ve kovu\u015fturmalar\u0131n\u0131 etkisizle\u015ftirme g\u00f6revinin Ba\u015fbu\u011f\u2019a verildi\u011fi, Ba\u015fbu\u011f\u2019un da soru\u015fturmalar\u0131 kara propaganda y\u00f6ntemiyle itibars\u0131zla\u015ft\u0131rmay\u0131, soru\u015fturmay\u0131 ve kovu\u015fturmay\u0131 y\u00fcr\u00fcten adli birimleri bask\u0131 alt\u0131na almay\u0131, sindirmeyi ve y\u0131ld\u0131rmay\u0131 ama\u00e7lad\u0131\u011f\u0131, resmi kimli\u011fini de inand\u0131r\u0131c\u0131l\u0131k noktas\u0131nda kulland\u0131\u011f\u0131 iddia edildi.<\/p>\n<p style=\"text-align: justify;\">\u0130ddianamede, \u201cTSK\u2019de \u00f6rg\u00fctlenen hukuk d\u0131\u015f\u0131 yap\u0131lanman\u0131n, h\u00fck\u00fcmeti ortadan kald\u0131rmaya y\u00f6nelik planlar haz\u0131rlad\u0131klar\u0131 ve faaliyetlerin de\u015fifre olmas\u0131yla su\u00e7 delillerini karartt\u0131klar\u0131, yarg\u0131lamas\u0131 devam eden san\u0131klar\u0131n \u015f\u00fcpheli liderli\u011finde \u00f6rg\u00fctlendi\u011fi anla\u015f\u0131lm\u0131\u015ft\u0131r\u201d denildi.<\/p>\n<p style=\"text-align: justify;\">\u0130ddianameye \u015f\u00f6yle devam edildi:<\/p>\n<p style=\"text-align: justify;\">\u201c\u015e\u00fcpheli a\u00e7\u0131klamalar\u0131nda sert ul\u00fcp kulland\u0131. Baz\u0131 a\u00e7\u0131klamalar\u0131 kamuoyunda muht\u0131ra \u015feklinde alg\u0131land\u0131. Lav silahlar\u0131yla ilgili \u2018boru\u2019 tabirini kulland\u0131. \u0130rticayla M\u00fccadele Plan\u0131\u2019n\u0131 \u2018ka\u011f\u0131t par\u00e7as\u0131\u2019 olarak tabir etti. Amirallere suikast soru\u015fturmas\u0131 sonucunda haz\u0131rlanan iddianamedeki hususlar\u0131 yok gibi g\u00f6stermeye gayret etti. Ko\u00e7 M\u00fczesi\u2019nde bulunan patlay\u0131c\u0131larla ilgili geli\u015fmeleri \u2018sa\u00e7mal\u0131k\u2019 olarak nitelendirdi. Plan\u0131n asl\u0131 ele ge\u00e7irildikten sonra ise \u00f6nceki beyanlar\u0131n\u0131 d\u00fczeltmeye \u00e7al\u0131\u015fmad\u0131.\u201d<\/p>\n<p style=\"text-align: justify;\"><strong>Ergenekon ismi i\u00e7in uyard\u0131\u00a0<\/strong><\/p>\n<p style=\"text-align: justify;\">Genelkurmay Karargah\u0131\u2019nda 29 Nisan 2009\u2019da yap\u0131lan toplant\u0131da, Ba\u015fbu\u011f\u2019un Ergenekon silahl\u0131 ter\u00f6r \u00f6rg\u00fct\u00fcyle ilgili de birtak\u0131m a\u00e7\u0131klamalar\u0131n\u0131n oldu\u011fu ifade edilerek, \u201cBildi\u011fim kadar\u0131yla ilgili mahkemenin karar\u0131yla \u00f6zel isimle bu dava an\u0131lamaz. Sayg\u0131 g\u00f6stermeniz laz\u0131m\u201d dedi\u011fine dikkat \u00e7ekildi. Ba\u015fbu\u011f\u2019un Ergenekon ismini s\u00f6yleyen gazeteciyi uyard\u0131\u011f\u0131 belirtilerek, \u201cOysa \u0130stanbul 13. A\u011f\u0131r Ceza Mahkemesi, \u2018iddia olunan\u2019 tabirinin kullan\u0131lmas\u0131na karar vermi\u015fti. Ergenekon kelimesinin kullan\u0131lmas\u0131yla ilgili bir yasaklama getirmemi\u015fti\u201d denildi.<\/p>\n<p style=\"text-align: justify;\">Ba\u015fbu\u011f\u2019un Arena isimli programda, askerlerin haks\u0131z yere su\u00e7lanmas\u0131ndan rahats\u0131z oldu\u011funu s\u00f6yledi\u011fi, Fatih Altayl\u0131 ve Murat Bardak\u00e7\u0131\u2019ya verdi\u011fi r\u00f6portajda, \u201cNe yazd\u0131lar aylarca, Deniz Kuvvetleri Komutan\u0131\u2019na suikast yap\u0131lacakt\u0131&#8230; \u0130\u015fte 5. iddianame \u00e7\u0131kt\u0131. Suikast giri\u015fimiyle ilgili tek bir sat\u0131r var m\u0131? Tek sat\u0131r yok yahu. Bunun hesab\u0131n\u0131 kim verecek, b\u00f6yle rezillik olur mu? Sabr\u0131m\u0131z ta\u015ft\u0131 diyoruz, b\u00fct\u00fcn bunlar benim askerimin moralini bozuyor. Ben askerimin moralini bozan herkesle sava\u015f\u0131r\u0131m\u201d dedi\u011fi belirtildi.<\/p>\n<p style=\"text-align: justify;\">Trabzon\u2019da 17 Aral\u0131k 2009\u2019da Oru\u00e7 Reis F\u0131rkateyninde yap\u0131lan bas\u0131n a\u00e7\u0131klamas\u0131nda, \u201cTSK&#8217;ya kar\u015f\u0131 asimetrik psikolojik harekat y\u00fcr\u00fct\u00fclmektedir\u201d dedi\u011fi, a\u00e7\u0131klamalar\u0131n bas\u0131nda \u201c\u0130lker Ba\u015fbu\u011f\u2019dan s\u00f6zl\u00fc muht\u0131ra geldi\u201d ba\u015fl\u0131\u011f\u0131yla kullan\u0131ld\u0131\u011f\u0131 ifade edildi. Odatv internet sitesinde de a\u00e7\u0131klamalar\u0131n tarihe \u201cAral\u0131k Bildirisi\u201d olarak kaydedilmesi gerekti\u011fi y\u00f6n\u00fcnde haber yap\u0131ld\u0131\u011f\u0131 ifade edildi.<\/p>\n<p style=\"text-align: justify;\">\u0130ddianamede Ergenekon davas\u0131 san\u0131klar\u0131 \u0130brahim \u015eahin ve Fatma Cengiz aras\u0131ndaki konu\u015fmalarda, Ba\u015fbu\u011f\u2019la irtibatl\u0131 olduklar\u0131na dair bilgilerin yer ald\u0131\u011f\u0131 \u00f6ne s\u00fcr\u00fcld\u00fc.<\/p>\n<p style=\"text-align: justify;\">Ba\u015fbu\u011f\u2019un Cumhuriyet \u00c7al\u0131\u015fma Grubu organizesinde Atat\u00fcrk\u00e7\u00fc D\u00fc\u015f\u00fcnce Derne\u011fi\u2019nin sahipli\u011finde 2004\u2019te d\u00fczenlenen panele kat\u0131ld\u0131\u011f\u0131n\u0131n da anla\u015f\u0131ld\u0131\u011f\u0131, Ba\u015fbu\u011f\u2019un davet \u00fczerine bu panele kat\u0131ld\u0131\u011f\u0131n\u0131 s\u00f6yledi\u011fi de ifade edildi.<\/p>\n<p style=\"text-align: justify;\"><strong>Balbay\u2019la g\u00f6r\u00fc\u015fmesi\u00a0<\/strong><\/p>\n<p style=\"text-align: justify;\">\u0130kinci Ergenekon davas\u0131nda yarg\u0131lanan Cumhuriyet gazetesi yazar\u0131 ve CHP \u0130zmir Milletvekili Mustafa Balbay\u2019a ait g\u00fcnl\u00fcklerde, Ba\u015fbu\u011f\u2019un Genelkurmay ikinci ba\u015fkan\u0131 oldu\u011fu d\u00f6nemde Balbay\u2019la g\u00f6r\u00fc\u015fmelerini g\u00f6sterir bilgilerin yer ald\u0131\u011f\u0131, Ba\u015fbu\u011f\u2019un, g\u00f6r\u00fc\u015fmeyi savc\u0131l\u0131k ifadesinde do\u011frulad\u0131\u011f\u0131 belirtildi. 9 Ocak 2004 tarihli g\u00f6r\u00fc\u015fmenin Balbay\u2019\u0131n \u2018K\u00f6\u015fk Zirvesi\u2019nin Sonu\u00e7lar\u0131\u2019 ba\u015fl\u0131kl\u0131 k\u00f6\u015fe yaz\u0131s\u0131yla ilgili oldu\u011fu, yaz\u0131daki kayna\u011f\u0131n TSK&#8217;dan Mustafa Balbay\u2019a s\u0131zd\u0131r\u0131lan K\u0131br\u0131s ile ilgili gizli baz\u0131 belgeler oldu\u011fu ve bu bilgilerin kurumu zor durumda b\u0131rakt\u0131\u011f\u0131, Ba\u015fbu\u011f\u2019un ise Balbay\u2019dan haber kayna\u011f\u0131n\u0131 \u00f6\u011frenmeye \u00e7al\u0131\u015ft\u0131\u011f\u0131 belirtildi. Balbay\u2019\u0131n ise kayna\u011f\u0131n\u0131 s\u00f6ylemedi\u011fi ve elinde bu konu ile ilgili daha \u00e7ok belge oldu\u011funu belirtti\u011fi anlat\u0131ld\u0131. Balbay\u2019\u0131n yaz\u0131s\u0131n\u0131n kendilerini \u00e7ok yaralad\u0131\u011f\u0131n\u0131 ve zarar verdi\u011fini belirten Ba\u015fbu\u011f\u2019un, \u201cSay\u0131n Balbay, biz sizi seviyoruz. Cumhuriyeti seviyoruz. Kendi i\u00e7imizde yapt\u0131\u011f\u0131m\u0131z de\u011ferlendirmelere sizlerin T\u00fcrk Silahl\u0131 Kuvvetleri\u2019nin zarar g\u00f6rmemesi gerekti\u011fine inanan, yurtsever insanlar oldu\u011funuzu konu\u015ftuk. TSK&#8217;ya zarar vermek isteyen bir y\u0131\u011f\u0131n \u00e7evre var. Bunlar\u0131 siz de biliyorsunuz. \u015eimdi kar\u015f\u0131da onlar varken, bizim sizi kar\u015f\u0131m\u0131za almam\u0131z, Cumhuriyetle kar\u015f\u0131 kar\u015f\u0131ya gelmemiz istenmeyen bir durum. Olay\u0131 \u015f\u00f6yle al\u0131n, devam eden bir s\u00fcre\u00e7 var. Bizim \u00e7al\u0131\u015fmalar\u0131m\u0131z var. Ve tam bu s\u0131rada sizin haber \u00e7\u0131k\u0131yor. Ben sizin bunu k\u00f6t\u00fc bir niyetle yapmad\u0131\u011f\u0131n\u0131z\u0131 biliyorum ama, biz \u00e7ok yaraland\u0131k\u201d dedi\u011fi ileri s\u00fcr\u00fcld\u00fc ve \u015fu de\u011ferlendirme yap\u0131ld\u0131:<\/p>\n<p style=\"text-align: justify;\">\u201cBa\u015fbu\u011f\u2019un ba\u011fl\u0131 bulundu\u011fu kurumu zor durumda b\u0131rakan bir bilgi s\u0131zmas\u0131 neticesinde kurumun menfaatlar\u0131n\u0131 savunmamas\u0131, Balbay ve Cumhuriyet gazetesine y\u00f6nelik, g\u00f6r\u00fc\u015fmenin ba\u015f\u0131nda dile getirdi\u011fi hususlar\u0131n \u015f\u00fcphelinin \u00f6rg\u00fctsel ili\u015fki ve irtibat\u0131n\u0131n bir sonucu oldu\u011fu anla\u015f\u0131lm\u0131\u015ft\u0131r.\u201d<\/p>\n<p style=\"text-align: justify;\"><strong>Ba\u015fbu\u011f hakk\u0131ndaki su\u00e7lamalar\u00a0<\/strong><\/p>\n<p style=\"text-align: justify;\">\u201c\u00d6rg\u00fct\u00fcn ama\u00e7lar\u0131 do\u011frultusunda bas\u0131n a\u00e7\u0131klamas\u0131 yapmak. Devam eden Ergenekon silahl\u0131 ter\u00f6r \u00f6rg\u00fct\u00fcne y\u00f6nelik soru\u015fturma ve kovu\u015fturmalar\u0131 etkilemek amac\u0131yla alenen s\u00f6zl\u00fc veya yaz\u0131l\u0131 beyanda bulunmak. Devlet y\u00f6neticilerini bask\u0131 alt\u0131na almak. Devlet otoritesini zaafa u\u011fratmak. Gerekti\u011finde kamu d\u00fczenini bozup \u00fclkede kaos ve d\u00fczensizlik ortam\u0131 olu\u015fturmak. Halk\u0131 devlet y\u00f6neticilerine kar\u015f\u0131 k\u0131\u015fk\u0131rtmak ve anar\u015fi ortam\u0131 olu\u015fturmak. B\u00f6ylece cebir ve \u015fiddet y\u00f6ntemleriyle h\u00fck\u00fcmetin g\u00f6revlerini yapmas\u0131n\u0131 k\u0131smen veya tamamen engellemeye te\u015febb\u00fcs emek. Su\u00e7 tarihi itibariyle konumu ve di\u011fer \u015f\u00fcpheliler \u00fczerindeki etkisiyle ara y\u00f6netici s\u0131fat\u0131yla psikolojik harekat faaliyetini y\u00f6netmek. \u00d6rg\u00fct \u00fcyelerini y\u00f6nlendirmek.\u201d<\/p>\n<p style=\"text-align: justify;\"><a href=\"http:\/\/www.cumhuriyet.com.tr\/?hn=315482\" target=\"_blank\">Kaynak : Cumhuriyet Haber Portal\u0131<\/a><\/p>\n","protected":false},"excerpt":{"rendered":"<p style=\"text-align: center;\">\n<p style=\"text-align: justify;\">\u0130nternet and\u0131c\u0131 soru\u015fturmas\u0131 kapsam\u0131nda tutuklanan eski Genelkurmay Ba\u015fkan\u0131 emekli Orgeneral \u0130lker Ba\u015fbu\u011f hakk\u0131nda haz\u0131rlanan 39 sayfal\u0131k iddianame, \u0130stanbul 13. A\u011f\u0131r Ceza Mahkemesi\u2019nce oybirli\u011fiyle kabul edildi. \u0130ddianamede, Ba\u015fbu\u011f\u2019un Kara Kuvvetleri Komutan\u0131yken, AKP h\u00fck\u00fcmetini devirmeyi planlad\u0131\u011f\u0131, uygun kadroyu Genelkurmay Ba\u015fkanl\u0131\u011f\u0131 d\u00f6neminde elinde olmayan sebeplerle olu\u015fturamad\u0131\u011f\u0131 i\u00e7in plan\u0131n\u0131 hayata ge\u00e7iremedi\u011fi iddia edildi. <\/p>\n","protected":false},"author":1,"featured_media":0,"comment_status":"open","ping_status":"open","sticky":false,"template":"","format":"standard","meta":{"footnotes":""},"categories":[105],"tags":[],"class_list":["post-48849","post","type-post","status-publish","format-standard","hentry","category-gundem","odd"],"_links":{"self":[{"href":"http:\/\/www.korhanyilmaz.com\/index.php?rest_route=\/wp\/v2\/posts\/48849","targetHints":{"allow":["GET"]}}],"collection":[{"href":"http:\/\/www.korhanyilmaz.com\/index.php?rest_route=\/wp\/v2\/posts"}],"about":[{"href":"http:\/\/www.korhanyilmaz.com\/index.php?rest_route=\/wp\/v2\/types\/post"}],"author":[{"embeddable":true,"href":"http:\/\/www.korhanyilmaz.com\/index.php?rest_route=\/wp\/v2\/users\/1"}],"replies":[{"embeddable":true,"href":"http:\/\/www.korhanyilmaz.com\/index.php?rest_route=%2Fwp%2Fv2%2Fcomments&post=48849"}],"version-history":[{"count":0,"href":"http:\/\/www.korhanyilmaz.com\/index.php?rest_route=\/wp\/v2\/posts\/48849\/revisions"}],"wp:attachment":[{"href":"http:\/\/www.korhanyilmaz.com\/index.php?rest_route=%2Fwp%2Fv2%2Fmedia&parent=48849"}],"wp:term":[{"taxonomy":"category","embeddable":true,"href":"http:\/\/www.korhanyilmaz.com\/index.php?rest_route=%2Fwp%2Fv2%2Fcategories&post=48849"},{"taxonomy":"post_tag","embeddable":true,"href":"http:\/\/www.korhanyilmaz.com\/index.php?rest_route=%2Fwp%2Fv2%2Ftags&post=48849"}],"curies":[{"name":"wp","href":"https:\/\/api.w.org\/{rel}","templated":true}]}}