{"id":48845,"date":"2012-02-15T10:55:54","date_gmt":"2012-02-15T08:55:54","guid":{"rendered":"http:\/\/www.korhanyilmaz.com\/?p=48845"},"modified":"2012-02-15T21:23:00","modified_gmt":"2012-02-15T19:23:00","slug":"hsyknin-incelemesine-erginden-onay","status":"publish","type":"post","link":"http:\/\/www.korhanyilmaz.com\/?p=48845","title":{"rendered":"HSYK&#8217;n\u0131n incelemesine Ergin&#8217;den onay"},"content":{"rendered":"<p style=\"text-align: center;\"><a href=\"http:\/\/www.korhanyilmaz.com\/wp-content\/uploads\/2012\/02\/9796.jpg\"  class=\"lightview\"><img loading=\"lazy\" decoding=\"async\" class=\"aligncenter  wp-image-48846\" src=\"http:\/\/www.korhanyilmaz.com\/wp-content\/uploads\/2012\/02\/9796.jpg\" alt=\"\" width=\"364\" height=\"204\" \/><\/a><\/p>\n<p style=\"text-align: justify;\">Adalet Bakan\u0131 Sadullah Ergin, HSYK\u2019n\u0131n M\u0130T mensuplar\u0131n\u0131 ifadeye \u00e7a\u011f\u0131ran Cumhuriyet Savc\u0131s\u0131 Sadrettin Sar\u0131kaya hakk\u0131nda ba\u015flatt\u0131\u011f\u0131 incelemeye izin verebilece\u011fini bildirdi.<!--more--><\/p>\n<p style=\"text-align: justify;\">TBMM Adalet Komisyonunda, gazetecilerin, HSYK\u2019n\u0131n Cumhuriyet Savc\u0131s\u0131 Sar\u0131kaya hakk\u0131nda ba\u015flatt\u0131\u011f\u0131 incelemeye izin verip vermeyece\u011fine ili\u015fkin sorusuna, &#8220;3. Daire\u2019nin bug\u00fcne kadar yapm\u0131\u015f oldu\u011fu de\u011ferlendirmelere genel itibariyle kat\u0131ld\u0131k. \u00c7ok ayk\u0131r\u0131 bir \u015fey yoksa, bug\u00fcne kadarki inceleme ve soru\u015fturma kararlar\u0131n\u0131n t\u00fcm\u00fcne onay vermi\u015f durumday\u0131m. Buna vermemem i\u00e7in \u00f6zel bir sebep yoksa, buna da verece\u011fim demektir&#8221; kar\u015f\u0131l\u0131\u011f\u0131n\u0131 verdi.<\/p>\n<p style=\"text-align: justify;\">Ergin, &#8220;Talebi incelediniz mi?&#8221; sorusuna ise yan\u0131t vermedi.<\/p>\n<p style=\"text-align: justify;\"><a href=\"http:\/\/siyaset.milliyet.com.tr\/hsyk-nin-incelemesine-ergin-den-onay\/siyaset\/siyasetdetay\/15.02.2012\/1502664\/default.htm\" target=\"_blank\">Kaynak : Milliyet.com.tr<\/a><\/p>\n","protected":false},"excerpt":{"rendered":"<p style=\"text-align: center;\">\n<p style=\"text-align: justify;\">Adalet Bakan\u0131 Sadullah Ergin, HSYK\u2019n\u0131n M\u0130T mensuplar\u0131n\u0131 ifadeye \u00e7a\u011f\u0131ran Cumhuriyet Savc\u0131s\u0131 Sadrettin Sar\u0131kaya hakk\u0131nda ba\u015flatt\u0131\u011f\u0131 incelemeye izin verebilece\u011fini bildirdi.<\/p>\n","protected":false},"author":1,"featured_media":0,"comment_status":"open","ping_status":"open","sticky":false,"template":"","format":"standard","meta":{"footnotes":""},"categories":[105],"tags":[118,576,372],"class_list":["post-48845","post","type-post","status-publish","format-standard","hentry","category-gundem","tag-hsyk","tag-mit","tag-sadullah-ergin","odd"],"_links":{"self":[{"href":"http:\/\/www.korhanyilmaz.com\/index.php?rest_route=\/wp\/v2\/posts\/48845","targetHints":{"allow":["GET"]}}],"collection":[{"href":"http:\/\/www.korhanyilmaz.com\/index.php?rest_route=\/wp\/v2\/posts"}],"about":[{"href":"http:\/\/www.korhanyilmaz.com\/index.php?rest_route=\/wp\/v2\/types\/post"}],"author":[{"embeddable":true,"href":"http:\/\/www.korhanyilmaz.com\/index.php?rest_route=\/wp\/v2\/users\/1"}],"replies":[{"embeddable":true,"href":"http:\/\/www.korhanyilmaz.com\/index.php?rest_route=%2Fwp%2Fv2%2Fcomments&post=48845"}],"version-history":[{"count":0,"href":"http:\/\/www.korhanyilmaz.com\/index.php?rest_route=\/wp\/v2\/posts\/48845\/revisions"}],"wp:attachment":[{"href":"http:\/\/www.korhanyilmaz.com\/index.php?rest_route=%2Fwp%2Fv2%2Fmedia&parent=48845"}],"wp:term":[{"taxonomy":"category","embeddable":true,"href":"http:\/\/www.korhanyilmaz.com\/index.php?rest_route=%2Fwp%2Fv2%2Fcategories&post=48845"},{"taxonomy":"post_tag","embeddable":true,"href":"http:\/\/www.korhanyilmaz.com\/index.php?rest_route=%2Fwp%2Fv2%2Ftags&post=48845"}],"curies":[{"name":"wp","href":"https:\/\/api.w.org\/{rel}","templated":true}]}}