{"id":48838,"date":"2012-02-15T08:55:34","date_gmt":"2012-02-15T06:55:34","guid":{"rendered":"http:\/\/www.korhanyilmaz.com\/?p=48838"},"modified":"2012-02-15T10:13:22","modified_gmt":"2012-02-15T08:13:22","slug":"hsyk-ocalan-imzali-belgenin-pesinde","status":"publish","type":"post","link":"http:\/\/www.korhanyilmaz.com\/?p=48838","title":{"rendered":"HSYK, \u00d6calan imzal\u0131 belgenin pe\u015finde"},"content":{"rendered":"<p style=\"text-align: center;\"><a href=\"http:\/\/www.korhanyilmaz.com\/wp-content\/uploads\/2012\/02\/9794.jpg\"  class=\"lightview\"><img loading=\"lazy\" decoding=\"async\" class=\"aligncenter  wp-image-48839\" src=\"http:\/\/www.korhanyilmaz.com\/wp-content\/uploads\/2012\/02\/9794.jpg\" alt=\"\" width=\"307\" height=\"177\" \/><\/a><\/p>\n<p style=\"text-align: justify;\">M\u0130T y\u00f6neticilerini KCK soru\u015fturmas\u0131 kapsam\u0131nda ifadeye \u00e7a\u011f\u0131rmas\u0131n\u0131n ard\u0131ndan g\u00f6revden al\u0131nan Sar\u0131kaya&#8217;ya bir soru\u015fturma da HSYK ba\u015flatt\u0131. Kurul Savc\u0131ya \u00d6calan imzal\u0131 belgeyi soracak.<\/p>\n<p style=\"text-align: justify;\">M\u0130T&#8217;\u00e7ileri ifadeye \u00e7a\u011f\u0131ran Savc\u0131 Sadrettin Sar\u0131kaya&#8217;ya \u00d6calan imzal\u0131 fosforlu kalemle \u00e7izilmi\u015f belgeler sorulacak. HSYK, belgeyi bas\u0131na s\u0131zd\u0131ran\u0131 ar\u0131yor.\u00a0<!--more--><\/p>\n<p style=\"text-align: justify;\">Adalet Bakan\u0131 Sadullah Ergin, HSYK 3. Dairesi\u2019nin teklifini yerinde bulursa Sar\u0131kaya hakk\u0131ndaki iddialar\u0131 incelemek \u00fczere m\u00fcfetti\u015f g\u00f6revlendirilecek. M\u00fcfetti\u015fin raporundaki tespitler Sar\u0131kaya hakk\u0131nda disiplin cezas\u0131 ve \u201csoru\u015fturman\u0131n gizlili\u011fini ihlal\u201d su\u00e7undan ceza davas\u0131 a\u00e7\u0131lmas\u0131na yol a\u00e7abilecek.<\/p>\n<p style=\"text-align: justify;\">Vatan Gazetesi&#8217;nin haberine g\u00f6re M\u0130T y\u00f6neticilerinin Sar\u0131kaya taraf\u0131ndan telefonla ifadeye \u00e7a\u011fr\u0131lmas\u0131ndan sonra patlak veren krizi yak\u0131ndan takip eden HSYK 3. Dairesi, \u00f6zellikle soru\u015fturmaya ili\u015fkin bilgi ve belgelerin bas\u0131nda yay\u0131nlanmas\u0131 \u00fczerinde durdu.<\/p>\n<p style=\"text-align: justify;\">Daire, bas\u0131nda yay\u0131nlanan belgelerin savc\u0131l\u0131ktan s\u0131zd\u0131r\u0131ld\u0131\u011f\u0131na ili\u015fkin adliye kaynaklar\u0131na dayan\u0131larak yap\u0131lan haberleri de inceledi. \u00d6zellikle bas\u0131nda baz\u0131 c\u00fcmlelerin \u201cfosforlu kalemle\u201d \u00e7izilmi\u015f belgelerin kopyalar\u0131n\u0131n yay\u0131nlanmas\u0131n\u0131n, belgelerin savc\u0131l\u0131k\u00e7a s\u0131zd\u0131r\u0131ld\u0131\u011f\u0131 y\u00f6n\u00fcnde \u0130stanbul Ba\u015fsavc\u0131l\u0131\u011f\u0131 yetkililerine atfen yap\u0131lan haberler dikkate al\u0131nd\u0131.<\/p>\n<p style=\"text-align: justify;\">KCK soru\u015fturmas\u0131nda Diyarbak\u0131r\u2019da ele ge\u00e7irilen ve \u00d6calan imzal\u0131 notlar\u0131n bas\u0131na yans\u0131mas\u0131 da Sar\u0131kaya hakk\u0131nda inceleme yap\u0131lmas\u0131 talebinin \u00f6nemli gerek\u00e7elerinden biri oldu.<\/p>\n<p style=\"text-align: justify;\">Hakimler ve Savc\u0131lar Y\u00fcksek Kurulu, M\u0130T M\u00fcste\u015far\u0131 Hakan Fidan ile eski ve g\u00f6revde olan 4 M\u0130T y\u00f6neticisi hakk\u0131nda soru\u015fturma a\u00e7an \u00f6zel yetkili \u0130stanbul Cumhuriyet Savc\u0131s\u0131 Sadrettin Sar\u0131kaya hakk\u0131nda inceleme yap\u0131lmas\u0131 i\u00e7in HSYK Ba\u015fkan\u0131 ve Adalet Bakan\u0131 Sadullah Ergin\u2019e teklifte bulunulmas\u0131na karar vermi\u015fti.<\/p>\n<p style=\"text-align: justify;\">Ergin\u2019in izin vermesi halinde Sar\u0131kaya hakk\u0131nda disiplin ve ceza soru\u015fturmas\u0131 a\u00e7\u0131labilecek. Sar\u0131kaya hakk\u0131nda yap\u0131lan disiplin incelemesi, HSYK Bas\u0131n B\u00fcrosu taraf\u0131ndan yap\u0131lan bir a\u00e7\u0131klama ile duyuruldu. A\u00e7\u0131klamada \u015f\u00f6yle denildi: \u201cKamuoyunda \u2018KCK soru\u015fturmas\u0131\u2019 olarak bilinen soru\u015fturma kapsam\u0131nda Milli \u0130stihbarat Te\u015fkilat\u0131 g\u00f6revlileri hakk\u0131ndaki \u00e7e\u015fitli iddialar i\u00e7eren bilgi ve belgelerin bas\u0131nda yer almas\u0131 nedeniyle soru\u015fturman\u0131n gizlili\u011finin ihlal edildi\u011fi gerek\u00e7esiyle re\u2019sen ba\u015flat\u0131lan inceleme sonucunda; \u0130stanbul Cumhuriyet Savc\u0131s\u0131 Sadrettin Sar\u0131kaya hakk\u0131nda inceleme yap\u0131lmak \u00fczere Kurul M\u00fcfetti\u015fi g\u00f6revlendirilmesi hususunda Kurul Ba\u015fkan\u0131na teklifte bulunulmas\u0131na oy birli\u011fi ile karar verilmi\u015ftir.\u201d<\/p>\n<p style=\"text-align: justify;\"><a href=\"http:\/\/www.ntvmsnbc.com\/id\/25322311\" target=\"_blank\">Kaynak : NTVMSNBC<\/a><\/p>\n","protected":false},"excerpt":{"rendered":"<p style=\"text-align: center;\">\n<p style=\"text-align: justify;\">M\u0130T y\u00f6neticilerini KCK soru\u015fturmas\u0131 kapsam\u0131nda ifadeye \u00e7a\u011f\u0131rmas\u0131n\u0131n ard\u0131ndan g\u00f6revden al\u0131nan Sar\u0131kaya&#8217;ya bir soru\u015fturma da HSYK ba\u015flatt\u0131. Kurul Savc\u0131ya \u00d6calan imzal\u0131 belgeyi soracak.<\/p>\n<p style=\"text-align: justify;\">M\u0130T&#8217;\u00e7ileri ifadeye \u00e7a\u011f\u0131ran Savc\u0131 Sadrettin Sar\u0131kaya&#8217;ya \u00d6calan imzal\u0131 fosforlu kalemle \u00e7izilmi\u015f belgeler sorulacak. HSYK, belgeyi bas\u0131na s\u0131zd\u0131ran\u0131 ar\u0131yor. <\/p>\n","protected":false},"author":1,"featured_media":0,"comment_status":"open","ping_status":"open","sticky":false,"template":"","format":"standard","meta":{"footnotes":""},"categories":[105],"tags":[],"class_list":["post-48838","post","type-post","status-publish","format-standard","hentry","category-gundem","odd"],"_links":{"self":[{"href":"http:\/\/www.korhanyilmaz.com\/index.php?rest_route=\/wp\/v2\/posts\/48838","targetHints":{"allow":["GET"]}}],"collection":[{"href":"http:\/\/www.korhanyilmaz.com\/index.php?rest_route=\/wp\/v2\/posts"}],"about":[{"href":"http:\/\/www.korhanyilmaz.com\/index.php?rest_route=\/wp\/v2\/types\/post"}],"author":[{"embeddable":true,"href":"http:\/\/www.korhanyilmaz.com\/index.php?rest_route=\/wp\/v2\/users\/1"}],"replies":[{"embeddable":true,"href":"http:\/\/www.korhanyilmaz.com\/index.php?rest_route=%2Fwp%2Fv2%2Fcomments&post=48838"}],"version-history":[{"count":0,"href":"http:\/\/www.korhanyilmaz.com\/index.php?rest_route=\/wp\/v2\/posts\/48838\/revisions"}],"wp:attachment":[{"href":"http:\/\/www.korhanyilmaz.com\/index.php?rest_route=%2Fwp%2Fv2%2Fmedia&parent=48838"}],"wp:term":[{"taxonomy":"category","embeddable":true,"href":"http:\/\/www.korhanyilmaz.com\/index.php?rest_route=%2Fwp%2Fv2%2Fcategories&post=48838"},{"taxonomy":"post_tag","embeddable":true,"href":"http:\/\/www.korhanyilmaz.com\/index.php?rest_route=%2Fwp%2Fv2%2Ftags&post=48838"}],"curies":[{"name":"wp","href":"https:\/\/api.w.org\/{rel}","templated":true}]}}