{"id":48834,"date":"2012-02-14T12:07:10","date_gmt":"2012-02-14T10:07:10","guid":{"rendered":"http:\/\/www.korhanyilmaz.com\/?p=48834"},"modified":"2012-02-14T21:04:33","modified_gmt":"2012-02-14T19:04:33","slug":"erkler-kavgasini-dehsetle-izliyoruz","status":"publish","type":"post","link":"http:\/\/www.korhanyilmaz.com\/?p=48834","title":{"rendered":"&#8220;Erkler kavgas\u0131n\u0131 deh\u015fetle izliyoruz&#8221;"},"content":{"rendered":"<p style=\"text-align: center;\"><a href=\"http:\/\/www.korhanyilmaz.com\/wp-content\/uploads\/2012\/02\/9793.jpg\"  class=\"lightview\"><img loading=\"lazy\" decoding=\"async\" class=\"aligncenter  wp-image-48835\" src=\"http:\/\/www.korhanyilmaz.com\/wp-content\/uploads\/2012\/02\/9793.jpg\" alt=\"\" width=\"335\" height=\"239\" \/><\/a><\/p>\n<p style=\"text-align: justify;\">T\u00dcS\u0130AD Ba\u015fkan\u0131 \u00dcmit Boyner yeni y\u00f6netim kurulu ile birlikte 2012 program\u0131n\u0131 a\u00e7\u0131klad\u0131\u011f\u0131 toplant\u0131da devlet i\u00e7indeki erkler kavgas\u0131n\u0131 deh\u015fetle izlediklerini s\u00f6yledi.<\/p>\n<p style=\"text-align: justify;\">\u00a0\u00dcmit Boyner, T\u00dcS\u0130AD&#8217;\u0131n 42.Ola\u011fan Genel Kurulunda ikinci kez ba\u015fkan se\u00e7ilmesinin ard\u0131ndan yeni y\u00f6netimi ile ilk kez bas\u0131n mensuplar\u0131n\u0131n kar\u015f\u0131s\u0131na \u00e7\u0131kt\u0131.<!--more--><\/p>\n<p style=\"text-align: justify;\">Toplant\u0131da Konu\u015fan Boyner, &#8220;Demokrasilerin en \u00f6nemli g\u00fcc\u00fc d\u00fczg\u00fcn ve tarafs\u0131z medya bunu \u00f6nemsiyoruz. T\u00fcrkiye&#8217;de bas\u0131n \u00f6zg\u00fcrl\u00fc\u011f\u00fc ilerleyen g\u00fcnlerde geli\u015fir. Bizlerin kayg\u0131lar\u0131 var sizlerin de kayg\u0131lar\u0131n\u0131za kat\u0131l\u0131yoruz. 40 y\u0131ld\u0131r evirilen bir \u00f6rg\u00fct\u00fcz. Kamu yarar\u0131na \u00e7al\u0131\u015fan bir \u00f6rg\u00fct olarak evirildik. \u00dcyelerimizden ve kamuoyundan ald\u0131\u011f\u0131m\u0131z geri bildirim \u00e7ok \u00f6nemli. T\u00dcS\u0130AD olarak a\u00e7\u0131k m\u00fcreffeh ve demokratik toplum hayalimiz var&#8221; dedi.<\/p>\n<p style=\"text-align: justify;\">\u201cEtraf\u0131m\u0131zdaki co\u011frafya bir yang\u0131n yeri\u201d diyen Boyner &#8220;Demokrasi hukuksuz olmaz. En \u00f6nemli referans hukuk devleti ve adalete duyulan g\u00fcvendir. Devletin g\u00f6rev s\u0131n\u0131rlar\u0131n\u0131n belirlenmesi ve adaletin g\u00fcvencesi i\u00e7in hukuk \u015fart. E\u015fitlik ve \u00f6zg\u00fcrl\u00fck ile devletin g\u00f6rev alan\u0131 belli de\u011fil&#8230; Mevcut sistemde hukukun \u00fcst\u00fcnl\u00fc\u011f\u00fc konusunda M\u0130T ve di\u011fer devlet kurumlar\u0131 hakk\u0131nda yasa \u00e7\u0131karmak durumsal bir s\u00fcre\u00e7 ve yeterli de\u011fil&#8221; dedi.<\/p>\n<p style=\"text-align: justify;\">S\u00f6zlerini \u00f6n\u00fcm\u00fczdeki d\u00f6nem i\u00e7in T\u00dcS\u0130AD\u2019\u0131n ana vizyonunu tekrarlayarak bitiren Boyner, \u201cG\u00fcc\u00fcn hukukunun de\u011fil hukukun g\u00fcc\u00fcn\u00fcn h\u00e2kim oldu\u011fu, m\u00fcreffeh bir T\u00fcrkiye\u201d istediklerini s\u00f6yledi.<\/p>\n<p style=\"text-align: justify;\"><a href=\"http:\/\/www.gazeteport.com.tr\/haber\/79037\/quoterkler_kavgasini_dehsetle_izliyoruzquot\" target=\"_blank\">Kaynak : GAZETEPORT<\/a><\/p>\n","protected":false},"excerpt":{"rendered":"<p style=\"text-align: center;\">\n<p style=\"text-align: justify;\">T\u00dcS\u0130AD Ba\u015fkan\u0131 \u00dcmit Boyner yeni y\u00f6netim kurulu ile birlikte 2012 program\u0131n\u0131 a\u00e7\u0131klad\u0131\u011f\u0131 toplant\u0131da devlet i\u00e7indeki erkler kavgas\u0131n\u0131 deh\u015fetle izlediklerini s\u00f6yledi.<\/p>\n<p style=\"text-align: justify;\"> \u00dcmit Boyner, T\u00dcS\u0130AD&#8217;\u0131n 42.Ola\u011fan Genel Kurulunda ikinci kez ba\u015fkan se\u00e7ilmesinin ard\u0131ndan yeni y\u00f6netimi ile ilk kez bas\u0131n mensuplar\u0131n\u0131n kar\u015f\u0131s\u0131na \u00e7\u0131kt\u0131.<\/p>\n","protected":false},"author":1,"featured_media":0,"comment_status":"open","ping_status":"open","sticky":false,"template":"","format":"standard","meta":{"footnotes":""},"categories":[105],"tags":[],"class_list":["post-48834","post","type-post","status-publish","format-standard","hentry","category-gundem","odd"],"_links":{"self":[{"href":"http:\/\/www.korhanyilmaz.com\/index.php?rest_route=\/wp\/v2\/posts\/48834","targetHints":{"allow":["GET"]}}],"collection":[{"href":"http:\/\/www.korhanyilmaz.com\/index.php?rest_route=\/wp\/v2\/posts"}],"about":[{"href":"http:\/\/www.korhanyilmaz.com\/index.php?rest_route=\/wp\/v2\/types\/post"}],"author":[{"embeddable":true,"href":"http:\/\/www.korhanyilmaz.com\/index.php?rest_route=\/wp\/v2\/users\/1"}],"replies":[{"embeddable":true,"href":"http:\/\/www.korhanyilmaz.com\/index.php?rest_route=%2Fwp%2Fv2%2Fcomments&post=48834"}],"version-history":[{"count":0,"href":"http:\/\/www.korhanyilmaz.com\/index.php?rest_route=\/wp\/v2\/posts\/48834\/revisions"}],"wp:attachment":[{"href":"http:\/\/www.korhanyilmaz.com\/index.php?rest_route=%2Fwp%2Fv2%2Fmedia&parent=48834"}],"wp:term":[{"taxonomy":"category","embeddable":true,"href":"http:\/\/www.korhanyilmaz.com\/index.php?rest_route=%2Fwp%2Fv2%2Fcategories&post=48834"},{"taxonomy":"post_tag","embeddable":true,"href":"http:\/\/www.korhanyilmaz.com\/index.php?rest_route=%2Fwp%2Fv2%2Ftags&post=48834"}],"curies":[{"name":"wp","href":"https:\/\/api.w.org\/{rel}","templated":true}]}}