{"id":48831,"date":"2012-02-14T19:19:18","date_gmt":"2012-02-14T17:19:18","guid":{"rendered":"http:\/\/www.korhanyilmaz.com\/?p=48831"},"modified":"2012-02-14T20:19:39","modified_gmt":"2012-02-14T18:19:39","slug":"gensoru-verilsin-onerisi","status":"publish","type":"post","link":"http:\/\/www.korhanyilmaz.com\/?p=48831","title":{"rendered":"&#8216;Gensoru verilsin&#8217; \u00f6nerisi"},"content":{"rendered":"<p style=\"text-align: center;\"><a href=\"http:\/\/www.korhanyilmaz.com\/wp-content\/uploads\/2012\/02\/9792.jpg\"  class=\"lightview\"><img loading=\"lazy\" decoding=\"async\" class=\"aligncenter  wp-image-48832\" src=\"http:\/\/www.korhanyilmaz.com\/wp-content\/uploads\/2012\/02\/9792.jpg\" alt=\"\" width=\"322\" height=\"241\" \/><\/a><\/p>\n<p style=\"text-align: justify;\">CHP&#8217;nin hukuk\u00e7u milletvekillerinin kat\u0131ld\u0131\u011f\u0131 toplant\u0131da Ba\u015fbakan Recep Tayyip Erdo\u011fan hakk\u0131nda gensoru verilmesi \u00f6nerildi.<\/p>\n<p style=\"text-align: justify;\">Ankara- CHP&#8217;nin hukuk\u00e7u milletvekillerinin kat\u0131ld\u0131\u011f\u0131 toplant\u0131da M\u0130T Kanununda de\u011fi\u015fiklik \u00f6ng\u00f6ren teklif masaya yat\u0131r\u0131ld\u0131.<\/p>\n<p style=\"text-align: justify;\">Edinilen bilgiye g\u00f6re baz\u0131 hukuk\u00e7u vekiller, ya\u015fan\u0131lan geli\u015fmelerin ard\u0131ndan Ba\u015fbakan Erdo\u011fan hakk\u0131nda gensoru verilmesi ve su\u00e7 duyurusu yap\u0131lmas\u0131n\u0131 \u00f6nerdi.<!--more--><\/p>\n<p style=\"text-align: justify;\">M\u0130T M\u00fcste\u015far\u0131&#8217;n\u0131n ifade \u00e7a\u011fr\u0131lmas\u0131yla ya\u015fanan s\u00fcre\u00e7, Ba\u015fbakan&#8217;\u0131n a\u00e7\u0131klamalar\u0131 nedeniyle gensorunun verilmesi gerekti\u011finin ifade edildi\u011fi \u00f6\u011frenildi.<\/p>\n<p style=\"text-align: justify;\">Edinilen bilgiye g\u00f6re baz\u0131 vekiller, &#8220;Ba\u015fbakan hakk\u0131nda gensoru verilmelidir. M\u0130T M\u00fcste\u015far\u0131 e\u011fer su\u00e7 i\u015flemi\u015fse, b\u00f6yle bir g\u00f6revi vermi\u015fse Ba\u015fbakan&#8217;da su\u00e7 i\u015flemi\u015ftir. Ya g\u00f6revden al\u0131nmal\u0131 ya da g\u00f6rev verilmemeliydi. Ayr\u0131ca su\u00e7 say\u0131lan bir g\u00f6rev verilmemeliydi&#8221; dedi.<\/p>\n<p style=\"text-align: justify;\">Toplant\u0131da Ba\u015fbakan hakk\u0131nda su\u00e7 duyurusu yap\u0131lmas\u0131n\u0131n da tart\u0131\u015f\u0131ld\u0131\u011f\u0131 \u00f6\u011frenildi. Ancak Ba\u015fbakan hakk\u0131nda gensoru verilmesi konusunu parti y\u00f6netimi karar verecek.<\/p>\n<p style=\"text-align: justify;\"><a href=\"http:\/\/www.cumhuriyet.com.tr\/?hn=315342\" target=\"_blank\">Kaynak : Cumhuriyet Haber Portal\u0131<\/a><\/p>\n","protected":false},"excerpt":{"rendered":"<p style=\"text-align: center;\">\n<p style=\"text-align: justify;\">CHP&#8217;nin hukuk\u00e7u milletvekillerinin kat\u0131ld\u0131\u011f\u0131 toplant\u0131da Ba\u015fbakan Recep Tayyip Erdo\u011fan hakk\u0131nda gensoru verilmesi \u00f6nerildi.<\/p>\n<p style=\"text-align: justify;\">Ankara- CHP&#8217;nin hukuk\u00e7u milletvekillerinin kat\u0131ld\u0131\u011f\u0131 toplant\u0131da M\u0130T Kanununda de\u011fi\u015fiklik \u00f6ng\u00f6ren teklif masaya yat\u0131r\u0131ld\u0131.<\/p>\n<p style=\"text-align: justify;\">Edinilen bilgiye g\u00f6re baz\u0131 hukuk\u00e7u vekiller, ya\u015fan\u0131lan geli\u015fmelerin ard\u0131ndan Ba\u015fbakan Erdo\u011fan hakk\u0131nda gensoru verilmesi ve su\u00e7 duyurusu yap\u0131lmas\u0131n\u0131 \u00f6nerdi.<\/p>\n","protected":false},"author":1,"featured_media":0,"comment_status":"open","ping_status":"open","sticky":false,"template":"","format":"standard","meta":{"footnotes":""},"categories":[105],"tags":[],"class_list":["post-48831","post","type-post","status-publish","format-standard","hentry","category-gundem","odd"],"_links":{"self":[{"href":"http:\/\/www.korhanyilmaz.com\/index.php?rest_route=\/wp\/v2\/posts\/48831","targetHints":{"allow":["GET"]}}],"collection":[{"href":"http:\/\/www.korhanyilmaz.com\/index.php?rest_route=\/wp\/v2\/posts"}],"about":[{"href":"http:\/\/www.korhanyilmaz.com\/index.php?rest_route=\/wp\/v2\/types\/post"}],"author":[{"embeddable":true,"href":"http:\/\/www.korhanyilmaz.com\/index.php?rest_route=\/wp\/v2\/users\/1"}],"replies":[{"embeddable":true,"href":"http:\/\/www.korhanyilmaz.com\/index.php?rest_route=%2Fwp%2Fv2%2Fcomments&post=48831"}],"version-history":[{"count":0,"href":"http:\/\/www.korhanyilmaz.com\/index.php?rest_route=\/wp\/v2\/posts\/48831\/revisions"}],"wp:attachment":[{"href":"http:\/\/www.korhanyilmaz.com\/index.php?rest_route=%2Fwp%2Fv2%2Fmedia&parent=48831"}],"wp:term":[{"taxonomy":"category","embeddable":true,"href":"http:\/\/www.korhanyilmaz.com\/index.php?rest_route=%2Fwp%2Fv2%2Fcategories&post=48831"},{"taxonomy":"post_tag","embeddable":true,"href":"http:\/\/www.korhanyilmaz.com\/index.php?rest_route=%2Fwp%2Fv2%2Ftags&post=48831"}],"curies":[{"name":"wp","href":"https:\/\/api.w.org\/{rel}","templated":true}]}}