{"id":48826,"date":"2012-02-14T18:58:29","date_gmt":"2012-02-14T16:58:29","guid":{"rendered":"http:\/\/www.korhanyilmaz.com\/?p=48826"},"modified":"2012-02-14T20:15:18","modified_gmt":"2012-02-14T18:15:18","slug":"cemaat-fenerle-basa-cikamaz","status":"publish","type":"post","link":"http:\/\/www.korhanyilmaz.com\/?p=48826","title":{"rendered":"&#8220;Cemaat Fener&#8217;le ba\u015fa \u00e7\u0131kamaz&#8221;"},"content":{"rendered":"<p style=\"text-align: center;\"><a href=\"http:\/\/www.korhanyilmaz.com\/wp-content\/uploads\/2012\/02\/9791.jpg\"  class=\"lightview\"><img loading=\"lazy\" decoding=\"async\" class=\"aligncenter  wp-image-48827\" src=\"http:\/\/www.korhanyilmaz.com\/wp-content\/uploads\/2012\/02\/9791.jpg\" alt=\"\" width=\"364\" height=\"272\" \/><\/a><\/p>\n<p style=\"text-align: justify;\">Fenerbah\u00e7eli taraftarlar, &#8220;Futbolda \u015eike Davas\u0131&#8221;nda, kul\u00fcp ba\u015fkan\u0131 Aziz Y\u0131ld\u0131r\u0131m ve y\u00f6neticilere destek vermek i\u00e7in Silivri&#8217;ye ak\u0131n etti. Taraftarlar\u0131n, &#8220;Hakl\u0131y\u0131z, kazanaca\u011f\u0131z&#8221; ve &#8220;Cemaat Fener&#8217;le ba\u015fa \u00e7\u0131kamaz&#8221; yaz\u0131l\u0131 pankartlar a\u00e7malar\u0131 dikkat \u00e7ekti.\u00a0<!--more--><\/p>\n<p style=\"text-align: justify;\">Ankara- Sar\u0131-lacivertli taraftarlar, Kad\u0131k\u00f6y&#8217;de eski Sal\u0131 Pazar\u0131 alan\u0131nda toplanarak otob\u00fcsler ve \u00f6zel ara\u00e7lar\u0131yla yapt\u0131klar\u0131 konvoyla Silivri Ceza ve \u0130nfaz Kurumu Yerle\u015fkesi&#8217;ne ula\u015ft\u0131lar. Kad\u0131k\u00f6y&#8217;de sabah\u0131n erken saatlerinde toplanan taraftarlar buradan 20 otob\u00fcs ve onlara e\u015flik eden \u00e7ok say\u0131da \u00f6zel arac\u0131n yer ald\u0131\u011f\u0131 konvoyla, Fatih Sultan Mehmet K\u00f6pr\u00fcs\u00fc&#8217;n\u00fc takiben Mahmutbey gi\u015felerinde Avrupa yakas\u0131ndan da kat\u0131l\u0131mc\u0131larla bulu\u015fup Silivri&#8217;ye gelerek ceza ve infaz kurumu yerle\u015fkesi \u00f6n\u00fcnde topland\u0131lar.<\/p>\n<p style=\"text-align: justify;\">Eski Sal\u0131 Pazar\u0131&#8217;ndan \u00e7\u0131kmadan \u00f6nce tezah\u00fcratlar yapan ve me\u015fale yakan taraftarlar, Mahmutbey gi\u015felerini ge\u00e7meden \u00f6nce de ara\u00e7lar\u0131ndan \u00e7\u0131karak me\u015faleler yakt\u0131lar.<\/p>\n<p style=\"text-align: justify;\">Taraftarlar 38 metre uzunlu\u011funda \u00fczerinde Fenerbah\u00e7e Kul\u00fcb\u00fcn\u00fcn ilk armas\u0131n\u0131n bulundu\u011fu ve &#8221;Al\u0131n terimiz \u015ferefimizdir&#8221; yaz\u0131l\u0131 &#8221;\u0130stanbul Anadolu Yakas\u0131 GFB&#8221; imzal\u0131 bir pankart a\u00e7t\u0131.<\/p>\n<p style=\"text-align: justify;\">&#8221;Sana kalkan ellere kalkan olaca\u011f\u0131z&#8221;, &#8221;Sevgi eylem gerektirir&#8221;, &#8221;Sevdam\u0131z\u0131n pe\u015findeyiz. Silivriliyiz Fenerbah\u00e7eliz&#8221;, &#8221;Sana s\u00f6z yine baharlar gelecek&#8221; &#8221;Sevdam\u0131za kelep\u00e7e vuramazs\u0131n\u0131z&#8221;, &#8221;Her \u015feyin fark\u0131nday\u0131z, sonuna kadar yan\u0131nday\u0131z&#8221; yaz\u0131l\u0131 \u00e7ok say\u0131da pankart ve d\u00f6vizler ta\u015f\u0131yan taraftarlar, &#8221;\u0130rtica ile M\u00fccadele Eylem Plan\u0131&#8221; davas\u0131 kapsam\u0131ndaki iddialara ili\u015fkin tutuklanan eski Genelkurmay Ba\u015fkan\u0131 emekli Orgeneral \u0130lker Ba\u015fbu\u011f lehine, futbol yorumcusu Erman Toro\u011flu ile baz\u0131 bas\u0131n kurulu\u015flar\u0131 aleyhine tezah\u00fcrat yapt\u0131lar.<\/p>\n<p style=\"text-align: justify;\">Silivri Ceza ve \u0130nfaz Kurulu Yerle\u015fkesi \u00f6n\u00fcnde ve \u00e7evresinde jandarma ekipleri geni\u015f g\u00fcvenlik \u00f6nlemleri ald\u0131. Taraftarlar, duru\u015fma salonunun kar\u015f\u0131s\u0131nda kendileri i\u00e7in olu\u015fturulan alanda bekliyor.<\/p>\n<p style=\"text-align: justify;\"><a href=\"http:\/\/www.cumhuriyet.com.tr\/?hn=315232\" target=\"_blank\">Kaynak : Cumhuriyet Haber Portal\u0131<\/a><\/p>\n","protected":false},"excerpt":{"rendered":"<p style=\"text-align: center;\">\n<p style=\"text-align: justify;\">Fenerbah\u00e7eli taraftarlar, &#8220;Futbolda \u015eike Davas\u0131&#8221;nda, kul\u00fcp ba\u015fkan\u0131 Aziz Y\u0131ld\u0131r\u0131m ve y\u00f6neticilere destek vermek i\u00e7in Silivri&#8217;ye ak\u0131n etti. Taraftarlar\u0131n, &#8220;Hakl\u0131y\u0131z, kazanaca\u011f\u0131z&#8221; ve &#8220;Cemaat Fener&#8217;le ba\u015fa \u00e7\u0131kamaz&#8221; yaz\u0131l\u0131 pankartlar a\u00e7malar\u0131 dikkat \u00e7ekti. <\/p>\n","protected":false},"author":1,"featured_media":0,"comment_status":"open","ping_status":"open","sticky":false,"template":"","format":"standard","meta":{"footnotes":""},"categories":[42],"tags":[],"class_list":["post-48826","post","type-post","status-publish","format-standard","hentry","category-spor","odd"],"_links":{"self":[{"href":"http:\/\/www.korhanyilmaz.com\/index.php?rest_route=\/wp\/v2\/posts\/48826","targetHints":{"allow":["GET"]}}],"collection":[{"href":"http:\/\/www.korhanyilmaz.com\/index.php?rest_route=\/wp\/v2\/posts"}],"about":[{"href":"http:\/\/www.korhanyilmaz.com\/index.php?rest_route=\/wp\/v2\/types\/post"}],"author":[{"embeddable":true,"href":"http:\/\/www.korhanyilmaz.com\/index.php?rest_route=\/wp\/v2\/users\/1"}],"replies":[{"embeddable":true,"href":"http:\/\/www.korhanyilmaz.com\/index.php?rest_route=%2Fwp%2Fv2%2Fcomments&post=48826"}],"version-history":[{"count":0,"href":"http:\/\/www.korhanyilmaz.com\/index.php?rest_route=\/wp\/v2\/posts\/48826\/revisions"}],"wp:attachment":[{"href":"http:\/\/www.korhanyilmaz.com\/index.php?rest_route=%2Fwp%2Fv2%2Fmedia&parent=48826"}],"wp:term":[{"taxonomy":"category","embeddable":true,"href":"http:\/\/www.korhanyilmaz.com\/index.php?rest_route=%2Fwp%2Fv2%2Fcategories&post=48826"},{"taxonomy":"post_tag","embeddable":true,"href":"http:\/\/www.korhanyilmaz.com\/index.php?rest_route=%2Fwp%2Fv2%2Ftags&post=48826"}],"curies":[{"name":"wp","href":"https:\/\/api.w.org\/{rel}","templated":true}]}}