{"id":48822,"date":"2012-02-14T19:05:15","date_gmt":"2012-02-14T17:05:15","guid":{"rendered":"http:\/\/www.korhanyilmaz.com\/?p=48822"},"modified":"2012-02-14T20:10:36","modified_gmt":"2012-02-14T18:10:36","slug":"erdogana-cete-kurma-yetkisi-verilir-mi","status":"publish","type":"post","link":"http:\/\/www.korhanyilmaz.com\/?p=48822","title":{"rendered":"&#8220;Erdo\u011fan&#8217;a \u00e7ete kurma yetkisi verilir mi?&#8221;"},"content":{"rendered":"<p style=\"text-align: center;\"><a href=\"http:\/\/www.korhanyilmaz.com\/wp-content\/uploads\/2012\/02\/9790.jpg\"  class=\"lightview\"><img loading=\"lazy\" decoding=\"async\" class=\"aligncenter  wp-image-48823\" src=\"http:\/\/www.korhanyilmaz.com\/wp-content\/uploads\/2012\/02\/9790.jpg\" alt=\"\" width=\"329\" height=\"245\" \/><\/a><\/p>\n<p style=\"text-align: justify;\">M\u0130T Kanununda de\u011fi\u015fiklik \u00f6ng\u00f6ren teklifin, Ba\u015fbakan&#8217;a \u00e7ete kurma yetkisi verece\u011fini iddia eden CHP Genel Ba\u015fkan\u0131 Kemal K\u0131l\u0131\u00e7daro\u011flu, &#8220;Ba\u015fbakan \u00e7etesine \u015funu s\u00f6yleyebilir; &#8216;Gidin Cumhurba\u015fkan\u0131n\u0131 \u00f6ld\u00fcr\u00fcn&#8217;, bu yasa \u00e7\u0131karsa bu imkan\u0131 var. &#8216;Gidin \u00f6ld\u00fcr\u00fcn, nas\u0131lsa ben sizi g\u00f6revlendirdim&#8217; diyecek, \u00f6zel g\u00f6revle g\u00f6revlendirdim diyecek&#8221; dedi.\u00a0<!--more--><\/p>\n<p style=\"text-align: justify;\">Ankara- Partisinin grup toplant\u0131s\u0131nda konu\u015fan CHP Genel Ba\u015fkan\u0131 Kemal K\u0131l\u0131\u00e7daro\u011flu, M\u0130T Kanununda de\u011fi\u015fiklik \u00f6ng\u00f6ren teklifi sert bir bi\u00e7imde ele\u015ftirdi.<\/p>\n<p style=\"text-align: justify;\"><strong>Tetik\u00e7i ele\u015ftirisi\u00a0<\/strong><\/p>\n<p style=\"text-align: justify;\">&#8220;Say\u0131n Recep Tayyip Erdo\u011fan devletin baz\u0131 kurumlar\u0131n\u0131 kendi \u00f6zel tetik\u00e7isi konumuna getirdi&#8221; diyen CHP Genel Ba\u015fkan\u0131, \u015f\u00f6yle devam etti: &#8220;Recep Tayyip Erdo\u011fan&#8217;\u0131n anlayamad\u0131\u011f\u0131 ger\u00e7ek \u015fudur; devletin kurumlar\u0131n\u0131 tetik\u00e7ili\u011fe al\u0131\u015ft\u0131r\u0131rsan onlar\u0131 tetik\u00e7i olarak kullan\u0131rsan, yar\u0131n bu namlular\u0131n kime d\u00f6nd\u00fc\u011f\u00fcn\u00fc sen hesap edemezsin, getirdi\u011fin nokta budur. O namlular yar\u0131n sana yar\u0131n vatanda\u015fa yar\u0131n ba\u015fka bir y\u00f6ne d\u00f6necektir, sen bunun fark\u0131nda de\u011filsin. Devletin kurumlar\u0131n\u0131 nas\u0131l kendi tetik\u00e7i kurumunmu\u015f gibi kullanabilirsin. Yarg\u0131s\u0131yla, g\u00fcvenlik kurumlar\u0131yla illegaliteye batm\u0131\u015f, gayr\u0131 me\u015fru hale gelmi\u015f bir devleti uzun s\u00fcre ayakta tutamazs\u0131n. B\u00f6yle bir yap\u0131lanma T\u00fcrkiye Cumhuriyetine yap\u0131lm\u0131\u015f en b\u00fcy\u00fck ihanettir. Devlet dedi\u011fimiz me\u015frudur, me\u015fru alanda m\u00fccadele eder.&#8221;<\/p>\n<p style=\"text-align: justify;\"><strong>&#8216;Ba\u015fbakan yard\u0131mc\u0131s\u0131 ishali kelamda bulunmu\u015f&#8217;\u00a0<\/strong><\/p>\n<p style=\"text-align: justify;\">&#8220;\u0130llegaliteden medet umanlar \u015funu unutmas\u0131nlar, bir g\u00fcn gelir o yer alt\u0131 d\u00fczeni sizi de \u00e7arpar, o yer alt\u0131 d\u00fczenine bir g\u00fcn gelir teslim olursunuz&#8221; diyen CHP Genel Ba\u015fkan\u0131 \u015f\u00f6yle devam etti: &#8220;Bak\u0131n bunlardan birisi ne s\u00f6yl\u00fcyor, &#8216;su\u00e7a bula\u015fmadan \u00f6rg\u00fcte s\u0131zmak m\u00fcmk\u00fcn de\u011fildir&#8217;. Bunu s\u00f6yleyen bir bakan illegaliteye me\u015frula\u015ft\u0131r\u0131yor, su\u00e7a bula\u015fmay\u0131 me\u015fru hale getiriyor. Bu bilgisiz arkada\u015fa \u015funu s\u00f6ylemek isterim, cahil arkada\u015fa, devlet dedi\u011finiz me\u015fru kurumdur, devlet illegal bir \u00f6rg\u00fct de\u011fildir. Sen illegaliteyi a\u00e7\u0131ktan dile getiriyorsun. Bu Ba\u015fbakan Yard\u0131mc\u0131s\u0131 ishali kelamda bulunmu\u015f, b\u00f6yle demek laz\u0131m. Buradan bu Ba\u015fbakan Yard\u0131mc\u0131s\u0131 arkada\u015fa sormak isterim, su\u00e7a bula\u015fmadan \u00f6rg\u00fcte s\u0131zmak m\u00fcmk\u00fcn de\u011fildir diyorsun, ben sana \u015fu soruyu soruyorum, su\u00e7a bula\u015fmadan kabineye girmek m\u00fcmk\u00fcn m\u00fc, de\u011fil mi? \u00c7ete mant\u0131\u011f\u0131yla bakarsan senin Bakanlar Kuruluna girmen i\u00e7in de su\u00e7a bula\u015fman gerekiyor. Ve siz bu sorunun alt\u0131nda kal\u0131rs\u0131n\u0131z.&#8221;<\/p>\n<p style=\"text-align: justify;\"><strong>Ba\u015fbakan&#8217;a seslendi\u00a0<\/strong><\/p>\n<p style=\"text-align: justify;\">Ba\u015fbakana Erdo\u011fan&#8217;a, &#8220;Siyasi hayat\u0131n\u0131n en b\u00fcy\u00fck hatas\u0131n\u0131 yapmak \u00fczeresin&#8221; diye seslenen CHP Genel Ba\u015fkan\u0131, \u00f6zel temsilciyi savc\u0131lar\u0131n elinden kurtarmak i\u00e7in \u00f6zel yasa getirmenin devleti illegal konuma getirece\u011fini s\u00f6yleyerek \u015f\u00f6yle konu\u015ftu: &#8220;Siz bunu yaparsan\u0131z b\u00fcy\u00fck bir hukuksuzlu\u011fa imza atm\u0131\u015f olacaks\u0131n\u0131z. Bunlar\u0131 kurtaray\u0131m derken devleti gayr\u0131 me\u015fru hale getiriyorsunuz. Bu sorumlu\u011fa ortak olmaman gerekiyor.&#8221;<\/p>\n<p style=\"text-align: justify;\"><strong>&#8216;Kim \u00e7eteleri atayacak? Ba\u015fbakan atayacak&#8217;<\/strong><\/p>\n<p style=\"text-align: justify;\">Kanun teklifini okuyan K\u0131l\u0131\u00e7daro\u011flu, &#8220;&#8216;Ba\u015fbakan taraf\u0131ndan \u00f6zel bir g\u00f6revi ifa etmek \u00fczere g\u00f6revlendirilenler&#8217; dedi\u011finiz andan itibaren Ba\u015fbakan taraf\u0131ndan g\u00f6revlendirilen \u00e7ete akl\u0131n\u0131za gelir. Bu, devletin \u00e7etele\u015fmesi demektir, devletin i\u00e7inde \u00e7etelerin varl\u0131\u011f\u0131 demektir, kim \u00e7eteleri atayacak? Ba\u015fbakan atayacak. Recep Tayyip Erdo\u011fan&#8217;a T\u00fcrkiye Cumhuriyetinde \u00e7ete kurma yetkisi verilir mi? Hangi demokraside vard\u0131r bir ba\u015fbakana \u00e7ete kurma yetkisi vermek&#8221; diye sordu.<\/p>\n<p style=\"text-align: justify;\"><strong>&#8216;Veren kim? Bir \u00e7ete reisi&#8217;\u00a0<\/strong><\/p>\n<p style=\"text-align: justify;\">&#8220;Bak\u0131n g\u00f6revlendirilenler diyor. Birden fazla g\u00f6revlendirme yapabilir&#8221; diyen K\u0131l\u0131\u00e7daro\u011flu, \u015f\u00f6yle dedi: &#8220;Bu ki\u015filerin yetkilerine bak\u0131yoruz, yetkileri sonsuz. Her t\u00fcrl\u00fc yasad\u0131\u015f\u0131 i\u015fi yapabilirler, peki sorumluluklar\u0131 var m\u0131, hay\u0131r hi\u00e7bir sorumluluklar\u0131 yok. O g\u00fcvencenin kayna\u011f\u0131 da Ba\u015fbakan Recep Tayyip Erdo\u011fan&#8217;d\u0131r. Milletvekillerine verilmeyen bir g\u00fcvence bu \u00e7eteye veriliyor, milletvekillerine verilmeyen bir dokunulmazl\u0131k bu \u00e7eteye veriliyor. Veren kim; bir \u00e7ete reisi.&#8221;<\/p>\n<p style=\"text-align: justify;\"><strong>&#8216;Cumhurba\u015fkan\u0131na suikast soru\u015fturma konusu olmayacak&#8217;\u00a0<\/strong><\/p>\n<p style=\"text-align: justify;\">&#8220;Bu \u00e7eteye verilen yetkileri okuyorum size&#8221; diye konu\u015fan CHP Genel Ba\u015fkan\u0131 K\u0131l\u0131\u00e7daro\u011flu, Cumhurba\u015fkan\u0131na suikast ve fili sald\u0131r\u0131n\u0131n soru\u015fturma konusu olmayaca\u011f\u0131n\u0131 belirterek, \u015f\u00f6yle dedi: &#8220;Hangi su\u00e7u i\u015flerse haklar\u0131nda bir \u015fey yap\u0131lmayacak. Su\u00e7 i\u015flemek amac\u0131yla \u00f6rg\u00fct kurarlarsa bunlar yarg\u0131lanmayacak. Devletin birli\u011fini ve \u00fclke b\u00fct\u00fcnl\u00fc\u011f\u00fcn\u00fc bozmak soru\u015fturma konusu olmayacak. Devlete kar\u015f\u0131 sava\u015fa tahrik soru\u015fturma konusu olmayacak. D\u00fc\u015fman devlete maddi ve manevi yard\u0131m soru\u015fturma konusu olmayacak. Cumhurba\u015fkan\u0131na suikast ve fili sald\u0131r\u0131 soru\u015fturma konusu olmayacak. Silahl\u0131 \u00f6rg\u00fct soru\u015fturma konusu olmayacak. Say\u0131n Cumhurba\u015fkan\u0131n\u0131n dokunulmazl\u0131\u011f\u0131n\u0131n tek istisnas\u0131 vatana ihanet. Ama bu \u00e7ete vatana ihanet etse soru\u015fturma konusu olmayacak. Cumhurba\u015fkan\u0131na sa\u011flanm\u0131\u015f haklardan daha fazlas\u0131 bu \u00e7eteye sa\u011flanm\u0131\u015f olacak. Bunun alt\u0131na kim imza atacak, parlamentoda hangi milletvekili parma\u011f\u0131n\u0131 kald\u0131racak, vatan hainli\u011fi de\u011fil midir bu?&#8221;<\/p>\n<p style=\"text-align: justify;\"><strong>&#8216;Ba\u015fbakan \u00e7etesine \u015funu s\u00f6yleyebilir; &#8216;Gidin Cumhurba\u015fkan\u0131n\u0131 \u00f6ld\u00fcr\u00fcn&#8217;\u00a0<\/strong><\/p>\n<p style=\"text-align: justify;\">&#8220;Ba\u015fbakan \u00e7etesine \u015funu s\u00f6yleyebilir, gidin cumhurba\u015fkan\u0131n\u0131 \u00f6ld\u00fcr\u00fcn, bu yasa \u00e7\u0131karsa bu imkan\u0131 var&#8221; diyen CHP Genel Ba\u015fkan\u0131, \u015funlar\u0131 kaydetti: &#8220;Gidin \u00f6ld\u00fcr\u00fcn, nas\u0131lsa ben sizi g\u00f6revlendirdim diyecek, \u00f6zel g\u00f6revle g\u00f6revlendirdim diyecek, benim iznim olmadan da kimse senin hakk\u0131nda soru\u015fturma a\u00e7amayacak senin hakk\u0131nda, b\u00f6yle bir anlay\u0131\u015f olabilir mi. Bu m\u00fcmk\u00fcn m\u00fc, m\u00fcmk\u00fcn, B\u00f6yle bir anlay\u0131\u015f olmaz. Biz hep b\u00f6yle \u015feyler olmaz dedik ama nelerin oldu\u011funu hep beraber g\u00f6rd\u00fck. Ba\u015fbakana \u00e7ete kurma yetkisi vereceksin, sonra Ba\u015fbakan&#8217;\u0131n insaf\u0131na terk edeceksin hangisini kullan\u0131p kullanmad\u0131\u011f\u0131 konusunda. Bir insan devletin g\u00fcvencesi olabilir mi? Devletin g\u00fcvencesi hukuktur. Ba\u015fbakan&#8217;a git \u00e7ete kur, istedi\u011fini yap, onun dokunulmazl\u0131\u011f\u0131 olacak, milletvekilinin olmayacak, onlar\u0131n dokunulmazl\u0131\u011f\u0131 olacak, cumhurba\u015fkan\u0131n\u0131n bile olmayacak. Denebilir ki b\u00f6yle bir \u015fey m\u00fcmk\u00fcn de\u011fil, ba\u015fbakan bunu yapmaz, yapmayacaksa bu yetkileri niye veriyoruz o zaman, vermeyin, hukuk var, hukukun \u00fcst\u00fcnl\u00fc\u011f\u00fc var. hukuk devletinde b\u00f6yle sa\u00e7mal\u0131klar olmaz. Diyebilirsiniz ki, Ba\u015fbakan bu t\u00fcr \u015feylere pek girmez. Girer efendim girer, a\u00e7\u0131k\u00e7a il ba\u015fkanlar\u0131 toplant\u0131s\u0131nda ana muhalefet liderine, &#8216;K\u0131l\u0131\u00e7daro\u011flu art\u0131k mercek alt\u0131ndas\u0131n&#8217; dedi. Yar\u0131n talimat vereceksin, git \u015funlar\u0131 da imha et diyeceksin, ad\u0131m ad\u0131m ne yapt\u0131\u011f\u0131m\u0131z\u0131 takip ediyorsun, bir eksi\u011fin vard\u0131, gere\u011fini yapmak i\u00e7in \u00e7ete kurma yetkisi, onu da sana veriyorlar, gere\u011fini yapacaks\u0131n.&#8221;<\/p>\n<p style=\"text-align: justify;\"><strong>&#8216;K\u0131rm\u0131z\u0131 \u0131\u015f\u0131\u011f\u0131 kald\u0131rmak kadar aptalca bir teklif&#8217;\u00a0<\/strong><\/p>\n<p style=\"text-align: justify;\">S\u00f6z konusu teklifin &#8220;aptalca&#8221; oldu\u011funu savunan K\u0131l\u0131\u00e7daro\u011flu, &#8220;Bu yasa teklifi \u00e7ok aptalca bir teklif. Bu trafik \u0131\u015f\u0131klar\u0131nda k\u0131rm\u0131z\u0131 \u0131\u015f\u0131\u011f\u0131 kald\u0131rmak kadar aptalca bir tekliftir. B\u00f6yle bir rezalete kim imza atar. Hukuk bu cinayetin s\u00f6zc\u00fcs\u00fc olamaz. Teklifi kanunla\u015ft\u0131rma devleti ve sistemi illegal hale getirmek, gayr\u0131 me\u015fru hale getirmek demektir&#8221; dedi.<\/p>\n<p style=\"text-align: justify;\"><strong>&#8216;Faili me\u00e7hul cinayetlerden sonra g\u00f6zler Erdo\u011fan&#8217;a \u00e7evrilecek&#8217;\u00a0<\/strong><\/p>\n<p style=\"text-align: justify;\">M\u0130T Kanununda de\u011fi\u015fiklik \u00f6ng\u00f6ren teklife kimsenin el kald\u0131rmamas\u0131n\u0131 isteyen CHP Genel Ba\u015fkan\u0131, &#8220;Bu utanca kimse el kald\u0131rmamal\u0131. Buradan a\u00e7\u0131k\u00e7a s\u00f6yl\u00fcyorum, bu yasa teklifi kabul edilirse ortaya \u00e7\u0131kacak b\u00fct\u00fcn faili me\u00e7hul cinayetlerden sonra g\u00f6zler Recep Tayyip Erdo\u011fan&#8217;a \u00e7evrilecektir. B\u00fct\u00fcn faili me\u00e7hul cinayetlerin tek sorumlusu olacakt\u0131r o, \u00e7\u00fcnk\u00fc sadece onun \u00e7etesi olacakt\u0131r&#8221; diye konu\u015ftu.<\/p>\n<p style=\"text-align: justify;\"><strong>Ba\u015fbakan&#8217;a \u00e7a\u011fr\u0131da bulundu\u00a0<\/strong><\/p>\n<p style=\"text-align: justify;\">Ba\u015fbakan&#8217;a \u00e7a\u011fr\u0131da bulunan K\u0131l\u0131\u00e7daro\u011flu, &#8220;&#8216;\u00d6zel yetkili mahkemelerin savc\u0131lar\u0131na yarg\u0131\u00e7lar\u0131na g\u00fcvenmiyorum&#8217; diyorsan bu sorunu \u00e7\u00f6zmek i\u00e7in g\u00fcnah ke\u00e7ileri yaratarak devleti illegal yap\u0131n\u0131n i\u00e7ine bo\u011farak yapmay\u0131n, gelin hep beraber \u00f6zel yetkili mahkemeleri kald\u0131ral\u0131m. Elbirli\u011fi ile \u00f6zel yetkili garabetini bitirelim. Bunlar s\u0131k\u0131y\u00f6netim, operasyon mahkemeleridir. Yar\u0131n namlunun kime d\u00f6nece\u011fi belli olmaz, sen devletin kurumlar\u0131n\u0131 tetik\u00e7i olarak kullan\u0131rsan yar\u0131n bu namlular sana d\u00f6necek bunu unutma diyorum&#8221; uyar\u0131s\u0131nda bulundu.<\/p>\n<p style=\"text-align: justify;\"><strong>Savc\u0131n\u0131n g\u00f6revden al\u0131nmas\u0131\u00a0<\/strong><\/p>\n<p style=\"text-align: justify;\">M\u0130T M\u00fcste\u015far\u0131n\u0131 ifadeye \u00e7a\u011f\u0131ran savc\u0131n\u0131n g\u00f6revden al\u0131nmas\u0131na da de\u011finen CHP Genel Ba\u015fkan\u0131, &#8220;Devletin savc\u0131s\u0131 \u015funu s\u00f6yl\u00fcyor. Ciddi su\u00e7 delilleri oldu\u011funu. Ama siz bu savc\u0131y\u0131 g\u00f6revden al\u0131yorsunuz, savc\u0131ya delilleri getiren polisleri de g\u00f6revden al\u0131yorsunuz. Ne oldu, yerine gelen Cumhuriyet Ba\u015fsavc\u0131 vekili \u015fu a\u00e7\u0131klamay\u0131 yapt\u0131. &#8216;Soru\u015fturma ciddidir'&#8221; dedi.<\/p>\n<p style=\"text-align: justify;\"><strong>&#8216;O gitmeyecek kendisi pa\u00e7ay\u0131 kurtaracak&#8217;\u00a0<\/strong><\/p>\n<p style=\"text-align: justify;\">Su\u00e7lanan ki\u015fin\u0131n s\u0131radan bir ki\u015fi olmad\u0131\u011f\u0131n\u0131, M\u0130T M\u00fcste\u015far\u0131 oldu\u011funu vurgulayan K\u0131l\u0131\u00e7daro\u011flu, &#8220;Siz M\u0130T M\u00fcste\u015far\u0131n\u0131 orada tutarak ne yapacaks\u0131n\u0131z? Bu soru\u015fturmay\u0131 engellemek i\u00e7in \u00f6zel yasa \u00e7\u0131karacaks\u0131n\u0131z. Ki\u015fiye \u00f6zg\u00fc yasa olmaz. Anla\u015f\u0131l\u0131yor ki, Ba\u015fbakan olay\u0131n kendisine ula\u015fmas\u0131ndan korkuyor, o gitmeyecek kendisi pa\u00e7ay\u0131 kurtaracak&#8221; dedi.<\/p>\n<p style=\"text-align: justify;\"><strong>Ar\u0131n\u00e7&#8217;\u0131n &#8216;deve g\u00fcre\u015fi&#8217; s\u00f6z\u00fcne yan\u0131t\u00a0<\/strong><\/p>\n<p style=\"text-align: justify;\">CHP Genel Ba\u015fkan\u0131 Kemal K\u0131l\u0131\u00e7daro\u011flu, s\u00f6zlerine Ba\u015fbakan Yard\u0131mc\u0131s\u0131 B\u00fclent Ar\u0131n\u00e7&#8217;\u0131n &#8220;deve g\u00fcre\u015fi&#8221; s\u00f6z\u00fcne yan\u0131t vererek ba\u015flad\u0131. Hafta sonu Milas&#8217;ta deve g\u00fcre\u015fi \u015fenli\u011fine kat\u0131ld\u0131\u011f\u0131n\u0131 hat\u0131rlatan K\u0131l\u0131\u00e7daro\u011flu, &#8220;Ama ak\u0131llar\u0131 fikirleri deveyi havuduyla g\u00f6t\u00fcrmek olanlar devede kald\u0131lar&#8221; dedi. Belediyeleri ziyaret etti\u011fini ifade eden CHP Genel Ba\u015fkan\u0131, &#8220;iki belediye ba\u015fkan\u0131m\u0131z\u0131 AKP&#8217;liler g\u00f6revden alm\u0131\u015flar. Onlara a\u00e7\u0131k\u00e7a \u015funu s\u00f6yl\u00fcyorlar; &#8216;Gelin AKP&#8217;ye ge\u00e7in bu soru\u015fturmalar\u0131n hi\u00e7bir birisi olmaz&#8217;. Onlar da direniyorlar. Dedim ya bizim derdimiz ba\u015fka, onlar\u0131n derdi ba\u015fka. Onlar devede kalm\u0131\u015flar. \u00c7\u00fcnk\u00fc deveyi havuduyla g\u00f6t\u00fcrme k\u00fclt\u00fcr\u00fcnden geliyorlar&#8221; diye konu\u015ftu.<\/p>\n<p style=\"text-align: justify;\"><strong>Orduspor&#8217;a te\u015fekk\u00fcr etti\u00a0<\/strong><\/p>\n<p style=\"text-align: justify;\">Orduspor&#8217;a ve Ordululara te\u015fekk\u00fcr eden K\u0131l\u0131\u00e7daro\u011flu, &#8220;Onlar ge\u00e7en Pazar g\u00fcn\u00fc T\u00fcrk halk\u0131n\u0131n duygular\u0131na terc\u00fcman oldular. 9 bin ki\u015fi stadyumda Atat\u00fcrk&#8217;\u00fcn Gen\u00e7li\u011fe Hitabesini okudu. B\u00fct\u00fcn Ordulular\u0131n \u015ferefli al\u0131nlar\u0131ndan \u00f6p\u00fcyorum&#8221; dedi. Ordulular\u0131n Atat\u00fcrk&#8217;e Gen\u00e7li\u011fe Hitabesi&#8217;ni okurken televizyonda seslerinin kesildi\u011fini kaydeden CHP Genel Ba\u015fkan\u0131, \u015f\u00f6yle devam etti: &#8220;Ordulular g\u00fczel bir \u015fey yapt\u0131lar ama bunun yan\u0131nda \u00f6nemli bir ay\u0131ba imza at\u0131ld\u0131. Ordulular Atat\u00fcrk&#8217;\u00fcn Gen\u00e7li\u011fe Hitabesini okurken televizyonlarda onlar\u0131n sesi kesildi. Niye kesilir? K\u00fcf\u00fcr m\u00fc say\u0131yorsunuz siz Atat\u00fcrk&#8217;\u00fcn Gen\u00e7li\u011fe Hitabesini? Hangi gerek\u00e7eyle yap\u0131yorsunuz? Hadi Recep Tayyip Erdo\u011fan&#8217;\u0131 anlad\u0131k, Atat\u00fcrk&#8217;\u00fcn Gen\u00e7li\u011fe Hitabesinden ho\u015flanmaz. AKP&#8217;li bakanlar\u0131, onlar\u0131n s\u00f6zc\u00fclerini anlad\u0131k, Atat\u00fcrk&#8217;\u00fcn Gen\u00e7li\u011fe Hitabesi nas\u0131rlar\u0131na dokunmu\u015f gibi onlar\u0131 \u00fcrk\u00fct\u00fcr. Peki siz T\u00fcrkiye Cumhuriyeti yurtta\u015flar\u0131ndan ne istiyorsunuz? Onlar hayk\u0131r\u0131rken Ordu&#8217;da hayk\u0131r\u0131rken siz onlar\u0131n sesini niye kesersiniz televizyonlardan? Bu yay\u0131n kurulu\u015funu hepinizin \u00f6n\u00fcnde k\u0131n\u0131yorum.&#8221;<\/p>\n<p style=\"text-align: justify;\"><strong>&#8216;Kolu kanad\u0131 k\u0131r\u0131lm\u0131\u015f demokrasi&#8217;\u00a0<\/strong><\/p>\n<p style=\"text-align: justify;\">Gelinen noktan\u0131n postmodern dikta y\u00f6netimi oldu\u011funu, 10 y\u0131ll\u0131k s\u00fcre sonucunda buraya gelindi\u011fini kaydeden CHP Genel Ba\u015fkan\u0131, &#8220;10 y\u0131l i\u00e7inde geldi\u011fimiz nokta daha geli\u015fmi\u015f bir demokrasi de\u011fil, kolu kanad\u0131 k\u0131r\u0131lm\u0131\u015f demokrasi ile kar\u015f\u0131 kar\u015f\u0131yay\u0131z. \u00c7at\u0131rdayan bir devlet ile kar\u015f\u0131 kar\u015f\u0131yay\u0131z. Ba\u015fbakan \u00f6nce benden olanlar benden olmayan diye \u00fclkeyi ikiye b\u00f6ld\u00fc, halk\u0131 ikiye b\u00f6ld\u00fc, \u015fimdi benden yana olan devlet kurumlar\u0131 benim kar\u015f\u0131mda olan devlet kurumlar\u0131 diye ikiye b\u00f6l\u00fcyor. B\u00f6l\u00fcc\u00fcd\u00fcr dedik, ses \u00e7\u0131km\u0131yor, \u00e7\u00fcnk\u00fc b\u00f6l\u00fcc\u00fc oldu\u011funu kabul ediyor. O su\u00e7lamay\u0131 kabul ediyor. \u00c7\u00fcnk\u00fc biliyor ki o su\u00e7laman\u0131n alt\u0131nda kald\u0131, \u00fclkeyi b\u00f6ld\u00fc, \u015fimdi devletin kurumlar\u0131n\u0131 b\u00f6lmeye \u00e7al\u0131\u015f\u0131yor&#8221; dedi.<\/p>\n<p style=\"text-align: justify;\"><strong>&#8216;Biz \u015fu kurum ya da bu kurumdan yana de\u011filiz&#8217;\u00a0<\/strong><\/p>\n<p style=\"text-align: justify;\">CHP&#8217;yi \u0131srarla anlamayanlar\u0131n oldu\u011funa dikkat \u00e7eken CHP Genel Ba\u015fkan\u0131, &#8220;A\u00e7\u0131k\u00e7a s\u00f6yl\u00fcyorum. Biz \u015fu kurum ya da bu kurumdan yana de\u011filiz. Biz \u015fu unvandan yana bu unvandan yana de\u011filiz. Biz demokrasiden yanay\u0131z, biz adaletten yanay\u0131z, sa\u011f\u0131r olanlar\u0131n tamam\u0131 duysun.Kim olursa olsun, unvan\u0131 ne olursa olsun, r\u00fctbesi ne olursa olsun makam\u0131 ne olursa olsun hukukun \u00fcst\u00fcnl\u00fc\u011f\u00fc herkes i\u00e7in ge\u00e7erlidir&#8221; \u015feklinde konu\u015ftu.<\/p>\n<p style=\"text-align: justify;\"><strong>&#8216;Bu \u00fcniversite mi, Orta\u00e7a\u011f&#8217;\u0131n medresesi mi?&#8217;\u00a0<\/strong><\/p>\n<p style=\"text-align: justify;\">Barolara, \u00fcniversitelere, sivil toplum kurulu\u015flar\u0131na seslenen K\u0131l\u0131\u00e7daro\u011flu, &#8220;Buradan sesleniyorum, barolara sesleniyorum, sivil toplum kurulu\u015flar\u0131na sesleniyorum, sessiz kalan AKP&#8217;nin yardak\u00e7\u0131l\u0131\u011f\u0131n\u0131 yapan \u00fcniversitenin rekt\u00f6rlerine sesleniyorum. Niye sesiniz \u00e7\u0131km\u0131yor sizin? Korkunun ecele faydas\u0131 yok, s\u00f6yleyeceksiniz hem \u00fcniversitede rekt\u00f6r olacaks\u0131n\u0131z oturup koltu\u011funuza sesinizi \u00e7\u0131karmayacaks\u0131n\u0131z. Neden korkuyorsunuz siz? \u00dcniversite \u00f6\u011frencisinin ensesinde boza pi\u015firmeye al\u0131\u015ft\u0131n\u0131z. Sen onlar\u0131n ensesinde boza pi\u015firiyorsun. Hukuk ayaklar alt\u0131nda, \u00fcniversite olarak sesin \u00e7\u0131km\u0131yor. Hangi \u00fcniversite? Sormadan edemiyorum. Bunlar \u00fcniversite mi, Orta\u00e7a\u011f\u0131n medresesi mi&#8221; diye sordu.<\/p>\n<p style=\"text-align: justify;\"><strong>&#8216;F\u0131rd\u00f6nd\u00fc d\u00f6nenler bocalad\u0131&#8217;\u00a0<\/strong><\/p>\n<p style=\"text-align: justify;\">\u00d6zel yetkili mahkemelerin kald\u0131r\u0131lmas\u0131 gerekti\u011finin alt\u0131n\u0131 \u00e7izen CHP Genel Ba\u015fkan\u0131, &#8220;G\u00fcn\u00fcbirlik ucuz siyaset yapanlar. F\u0131rd\u00f6nd\u00fc d\u00f6nenler birden bire bocalad\u0131. Biri birilerine d\u00fc\u015ft\u00fcler. Bu ilkesizler bu utanmazlar i\u015fi g\u00fcc\u00fc b\u0131rakm\u0131\u015flar tek g\u00f6revleri var CHP&#8217;ye sald\u0131rmak. Efendim CHP&#8217;nin g\u00f6revi neymi\u015f, kulaklar\u0131n sa\u011f\u0131r m\u0131, s\u00f6yl\u00fcyoruz, defalarca s\u00f6yledik, illa CHP&#8217;ye sald\u0131racaklar. \u00c7\u00fcnk\u00fc AKP onlar\u0131n kutsal mekan\u0131, oraya sald\u0131ram\u0131yorlar, oraya biat etmi\u015f durumdalar. Onun i\u00e7in bu ilkesizlere bu utanmazlara a\u00e7\u0131k\u00e7a s\u00f6yl\u00fcyorum CHP&#8217;ye ne yazarsan\u0131z yaz\u0131n ne s\u00f6ylerseniz s\u00f6yleyin asla y\u0131ld\u0131ramayacaks\u0131n\u0131z, do\u011fru bildi\u011fimizi her yerde s\u00f6yleyece\u011fiz&#8221; diye konu\u015ftu.<\/p>\n<p style=\"text-align: justify;\">CHP Genel Ba\u015fkan\u0131, konu\u015fmas\u0131na \u015f\u00f6yle devam etti: &#8220;Bu akl\u0131evveller \u00e7\u0131k\u0131p diyorlar ki bizim akl\u0131m\u0131z yetmiyor diyor, akl\u0131m\u0131z alm\u0131yor diyor, senin akl\u0131n devede zaten, senin akl\u0131n ermez. Ba\u015fkas\u0131n\u0131n ba\u015f\u0131na gelirken akl\u0131n eriyor yanda\u015f\u0131n\u0131n ba\u015f\u0131na gelirken akl\u0131n ermiyor. Neden o s\u0131rada akl\u0131n deveye gitmi\u015f. Deveyi havuduyla nas\u0131l g\u00f6t\u00fcrece\u011fim. \u0130stedi\u011finiz kadar sald\u0131r\u0131n y\u00fcrekli bir CHP her zaman vard\u0131r ve olacakt\u0131r. CHP&#8217;yi susturamazs\u0131n\u0131z. CHP demokrasiyi savunacak. Sen CHP&#8217;yi anlayamazs\u0131n, senin akl\u0131n ermez o i\u015flere. CHP ulusal Kurtulu\u015f Sava\u015f\u0131n\u0131 veren kadrolar taraf\u0131ndan kurulmu\u015ftur. CHP&#8217;yi kuranlar\u0131n akl\u0131nda deveyi havuduyla g\u00f6t\u00fcrmek yoktur.&#8221;<\/p>\n<p style=\"text-align: justify;\"><strong>&#8216;Cemil \u00c7i\u00e7ek kal\u0131b\u0131n\u0131n adam\u0131 de\u011fil&#8217;\u00a0<\/strong><\/p>\n<p style=\"text-align: justify;\">TBMM Ba\u015fkan\u0131 Cemil \u00c7i\u00e7ek&#8217;in, \u0130\u00e7t\u00fcz\u00fck g\u00f6r\u00fc\u015fmelerindeki tavr\u0131n\u0131 ele\u015ftiren CHP Genel Ba\u015fkan\u0131, &#8220;Say\u0131n \u00c7i\u00e7ek son olayda iyi bir s\u0131nav vermedi. Cemil \u00c7i\u00e7ek kal\u0131b\u0131n\u0131n adam\u0131 de\u011fildir. TBMM Ba\u015fkanl\u0131\u011f\u0131n\u0131 yeteri kadar yapmad\u0131&#8221; dedi.<\/p>\n<p style=\"text-align: justify;\"><strong>&#8216;CHP milletvekilleri k\u00fcrs\u00fcn\u00fcn \u015ferefini kurtard\u0131&#8217;\u00a0<\/strong><\/p>\n<p style=\"text-align: justify;\">Meclis Genel Kurulu&#8217;nda, \u0130\u00e7t\u00fcz\u00fck g\u00f6r\u00fc\u015fmeleri s\u0131ras\u0131nda ya\u015fananlara y\u00f6nelik CHP Genel Ba\u015fkan\u0131, &#8220;CHP milletvekilleri o k\u00fcrs\u00fcn\u00fcn \u015ferefini kurtarm\u0131\u015flard\u0131r&#8221; dedi. K\u0131l\u0131\u00e7daro\u011flu, \u015f\u00f6yle dedi: &#8220;Milletin k\u00fcrs\u00fcs\u00fcn\u00fc \u00e7\u0131karacaklar\u0131 bir \u0130\u00e7t\u00fcz\u00fckle i\u015fgal etmek istediler. Sadece AKP&#8217;lilerin konu\u015faca\u011f\u0131 bir k\u00fcrs\u00fc haline getirmek istediler. Cemil \u00c7i\u00e7ek&#8217;e s\u00f6yl\u00fcyorum, Recep Tayyip Erdo\u011fan&#8217;a s\u00f6yl\u00fcyorum, b\u00fct\u00fcn AKP&#8217;lilere s\u00f6yl\u00fcyorum Polatl\u0131&#8217;da top sesleri gelirken bu Meclis&#8217;te k\u00fcrs\u00fcn\u00fcn sesi kesilmemi\u015ftir. Siz kesemezsiniz. CHP milletvekilleri o k\u00fcrs\u00fcn\u00fcn \u015ferefini kurtarm\u0131\u015flard\u0131r. O k\u00fcrs\u00fcde herkesin \u00f6zg\u00fcrce konu\u015fmas\u0131n\u0131n yolunu a\u00e7m\u0131\u015flard\u0131r. Sonra gecenin ge\u00e7 saatlerinde AKP milletvekillerini \u00f6rg\u00fctleyerek CHP milletvekillerine sald\u0131rtt\u0131lar. Hangi demokrasi anlay\u0131\u015f\u0131 bu, kaba g\u00fc\u00e7. Kaba g\u00fc\u00e7le sonu\u00e7 alaca\u011f\u0131n\u0131 san\u0131yorlar. B\u00fct\u00fcn milletvekillerinizle gelin sizin kaba g\u00fcc\u00fcn\u00fcz bize yetmez.&#8221;<\/p>\n<p style=\"text-align: justify;\">\u0130stanbul Milletvekili Mahmut Tanal&#8217;\u0131n parma\u011f\u0131n\u0131n k\u0131r\u0131ld\u0131\u011f\u0131n\u0131 kaydeden K\u0131l\u0131\u00e7daro\u011flu, &#8220;O utan\u00e7 onlara yeter&#8221; dedi. Salondan gelen seslere de CHP Genel Ba\u015fkan\u0131, &#8220;Eee utanmazlar ona bir \u015fey diyemem&#8221; diye kar\u015f\u0131l\u0131k verdi.<\/p>\n<p style=\"text-align: justify;\"><strong>&#8216;K\u00fcrs\u00fcn\u00fcn hakk\u0131 korunmu\u015ftur&#8217;\u00a0<\/strong><\/p>\n<p style=\"text-align: justify;\">&#8220;K\u00fcrs\u00fcn\u00fcn hakk\u0131 korunmu\u015ftur&#8221; diyen K\u0131l\u0131\u00e7daro\u011flu, \u015f\u00f6yle devam etti: &#8220;Demokrasi korunmu\u015ftur. Milletin k\u00fcrs\u00fcs\u00fcnden milletin vekillerinin \u00f6zg\u00fcrce konu\u015fmas\u0131 sa\u011flanm\u0131\u015ft\u0131r. AKP&#8217;nin milletvekilleri de a\u00e7\u0131k y\u00fcreklilikle s\u00f6yl\u00fcyorum, p\u00fcsk\u00fcrt\u00fclm\u00fc\u015ft\u00fcr.<\/p>\n<p style=\"text-align: justify;\">CHP milletvekilleri halk\u0131n k\u00fcrs\u00fcs\u00fcn\u00fc koruyan CHP milletvekillerini o k\u00fcrs\u00fcye \u00e7\u0131kan halk\u0131n k\u00fcrs\u00fcs\u00fcne sahip \u00e7\u0131kan b\u00fct\u00fcn milletvekili arkada\u015flar\u0131m\u0131 y\u00fcrekten kutluyorum, onlar demokrasi ad\u0131na k\u00fcrs\u00fcye sahip \u00e7\u0131kt\u0131lar, halk ad\u0131na sahip \u00e7\u0131kt\u0131lar \u00f6zg\u00fcrl\u00fckler ad\u0131na sahip \u00e7\u0131kt\u0131lar. \u0130stedikleri kadar gelsinler yine sahip \u00e7\u0131kaca\u011f\u0131z.&#8221;<\/p>\n<p style=\"text-align: justify;\"><a href=\"http:\/\/www.cumhuriyet.com.tr\/?hn=315284\" target=\"_blank\">Kaynak : Cumhuriyet Haber Portal\u0131<\/a><\/p>\n","protected":false},"excerpt":{"rendered":"<p style=\"text-align: center;\">\n<p style=\"text-align: justify;\">M\u0130T Kanununda de\u011fi\u015fiklik \u00f6ng\u00f6ren teklifin, Ba\u015fbakan&#8217;a \u00e7ete kurma yetkisi verece\u011fini iddia eden CHP Genel Ba\u015fkan\u0131 Kemal K\u0131l\u0131\u00e7daro\u011flu, &#8220;Ba\u015fbakan \u00e7etesine \u015funu s\u00f6yleyebilir; &#8216;Gidin Cumhurba\u015fkan\u0131n\u0131 \u00f6ld\u00fcr\u00fcn&#8217;, bu yasa \u00e7\u0131karsa bu imkan\u0131 var. &#8216;Gidin \u00f6ld\u00fcr\u00fcn, nas\u0131lsa ben sizi g\u00f6revlendirdim&#8217; diyecek, \u00f6zel g\u00f6revle g\u00f6revlendirdim diyecek&#8221; dedi. <\/p>\n","protected":false},"author":1,"featured_media":0,"comment_status":"open","ping_status":"open","sticky":false,"template":"","format":"standard","meta":{"footnotes":""},"categories":[105],"tags":[],"class_list":["post-48822","post","type-post","status-publish","format-standard","hentry","category-gundem","odd"],"_links":{"self":[{"href":"http:\/\/www.korhanyilmaz.com\/index.php?rest_route=\/wp\/v2\/posts\/48822","targetHints":{"allow":["GET"]}}],"collection":[{"href":"http:\/\/www.korhanyilmaz.com\/index.php?rest_route=\/wp\/v2\/posts"}],"about":[{"href":"http:\/\/www.korhanyilmaz.com\/index.php?rest_route=\/wp\/v2\/types\/post"}],"author":[{"embeddable":true,"href":"http:\/\/www.korhanyilmaz.com\/index.php?rest_route=\/wp\/v2\/users\/1"}],"replies":[{"embeddable":true,"href":"http:\/\/www.korhanyilmaz.com\/index.php?rest_route=%2Fwp%2Fv2%2Fcomments&post=48822"}],"version-history":[{"count":0,"href":"http:\/\/www.korhanyilmaz.com\/index.php?rest_route=\/wp\/v2\/posts\/48822\/revisions"}],"wp:attachment":[{"href":"http:\/\/www.korhanyilmaz.com\/index.php?rest_route=%2Fwp%2Fv2%2Fmedia&parent=48822"}],"wp:term":[{"taxonomy":"category","embeddable":true,"href":"http:\/\/www.korhanyilmaz.com\/index.php?rest_route=%2Fwp%2Fv2%2Fcategories&post=48822"},{"taxonomy":"post_tag","embeddable":true,"href":"http:\/\/www.korhanyilmaz.com\/index.php?rest_route=%2Fwp%2Fv2%2Ftags&post=48822"}],"curies":[{"name":"wp","href":"https:\/\/api.w.org\/{rel}","templated":true}]}}