{"id":48818,"date":"2012-02-14T18:32:52","date_gmt":"2012-02-14T16:32:52","guid":{"rendered":"http:\/\/www.korhanyilmaz.com\/?p=48818"},"modified":"2012-02-14T20:15:47","modified_gmt":"2012-02-14T18:15:47","slug":"turkiye-goz-boyamadan-oteye-gitmiyor","status":"publish","type":"post","link":"http:\/\/www.korhanyilmaz.com\/?p=48818","title":{"rendered":"&#8220;T\u00fcrkiye, g\u00f6z boyamadan \u00f6teye gitmiyor&#8221;"},"content":{"rendered":"<p style=\"text-align: center;\"><a href=\"http:\/\/www.korhanyilmaz.com\/wp-content\/uploads\/2012\/02\/9789.jpg\"  class=\"lightview\"><img loading=\"lazy\" decoding=\"async\" class=\"aligncenter  wp-image-48819\" src=\"http:\/\/www.korhanyilmaz.com\/wp-content\/uploads\/2012\/02\/9789.jpg\" alt=\"\" width=\"304\" height=\"228\" \/><\/a><\/p>\n<p style=\"text-align: justify;\">T\u00fcrkiye&#8217;nin ifade \u00f6zg\u00fcrl\u00fc\u011f\u00fc ve insan haklar\u0131 alan\u0131nda &#8220;g\u00f6z boyama&#8221;n\u0131n \u00f6tesine gitmeyen \u00e7al\u0131\u015fmalar yapt\u0131\u011f\u0131 ele\u015ftirileri yap\u0131l\u0131yor. \u0130nsan Haklar\u0131 \u0130zleme \u00d6rg\u00fct\u00fc, T\u00fcrk h\u00fck\u00fcmeti taraf\u0131ndan sunulan yarg\u0131 reformu paketinin ifade \u00f6zg\u00fcrl\u00fc\u011f\u00fc ve keyfi tutuklamalar gibi kilit konular\u0131 \u00e7\u00f6zmedi\u011fini belirtirken, \u00f6rg\u00fct\u00fcn T\u00fcrkiye ara\u015ft\u0131rmac\u0131s\u0131 Emma Sinclair-Webb, &#8220;T\u00fcrkiye&#8217;nin kar\u015f\u0131 kar\u015f\u0131ya oldu\u011fu b\u00fcy\u00fck insan haklar\u0131 sorunlar\u0131 d\u00fc\u015f\u00fcn\u00fcld\u00fc\u011f\u00fc zaman, bu reform paketi g\u00f6z boyamadan \u00f6teye gitmiyor&#8221; g\u00f6r\u00fc\u015f\u00fcn\u00fc dile getirdi.\u00a0<!--more--><\/p>\n<p style=\"text-align: justify;\">New York- ABD&#8217;li \u0130nsan Haklar\u0131 \u0130zleme \u00d6rg\u00fct\u00fc, T\u00fcrk h\u00fck\u00fcmeti taraf\u0131ndan sunulan b\u00fcy\u00fck yarg\u0131 reformu paketinin ifade \u00f6zg\u00fcrl\u00fc\u011f\u00fc ve keyfi tutuklamalar gibi kilit konular\u0131 \u00e7\u00f6zmedi\u011fini belirterek, reform paketinin AB ve Avrupa Konseyi&#8217;nden T\u00fcrkiye&#8217;ye y\u00f6nelik sert ele\u015ftirilerin geldi\u011fi bir d\u00f6nemde sunuldu\u011funun alt\u0131n\u0131 \u00e7izdi.<\/p>\n<p style=\"text-align: justify;\">\u00d6rg\u00fct\u00fcn T\u00fcrkiye ara\u015ft\u0131rmac\u0131s\u0131 Emma Sinclair-Webb, &#8220;T\u00fcrkiye&#8217;nin kar\u015f\u0131 kar\u015f\u0131ya oldu\u011fu b\u00fcy\u00fck insan haklar\u0131 sorunlar\u0131 d\u00fc\u015f\u00fcn\u00fcld\u00fc\u011f\u00fc zaman, bu reform paketi g\u00f6z boyamadan \u00f6teye gitmiyor&#8221; dedi.<\/p>\n<p style=\"text-align: justify;\">Sinclair-Webb, &#8220;E\u011fer h\u00fck\u00fcmet reform konusunda ciddiyse, daha cesur olmal\u0131 ve ifade \u00f6zg\u00fcrl\u00fc\u011f\u00fcn\u00fc k\u0131s\u0131tlayan yasalar\u0131 kald\u0131rmal\u0131 ya da net bir \u015fekilde bunlar\u0131n uygulanmas\u0131n\u0131 \u015fiddeti do\u011frudan te\u015fvik eden ki\u015filerle s\u0131n\u0131rlamal\u0131&#8221; ifadelerini kulland\u0131.<\/p>\n<p style=\"text-align: justify;\">\u00d6rg\u00fct, sunulan de\u011fi\u015fikliklerin gazeteciler ve K\u00fcrt aktivistlere kar\u015f\u0131 k\u00f6t\u00fcye kullan\u0131lan ter\u00f6rle m\u00fccadele yasas\u0131nda ba\u015far\u0131s\u0131z oldu\u011funu vurgularken baz\u0131 olumlu ad\u0131mlar\u0131n da at\u0131ld\u0131\u011f\u0131n\u0131 da kaydetti.<\/p>\n<p style=\"text-align: justify;\">Emma Sinclair-Webb ayr\u0131ca, &#8220;E\u011fer T\u00fcrk h\u00fck\u00fcmeti insan haklar\u0131n\u0131 korumak i\u00e7in yarg\u0131 reformu konusunda samimiyse, bundan sonra sunulan bu yar\u0131m tedbirleri g\u00f6zden ge\u00e7irmeli ve i\u015fi bitirmeli&#8221; dedi.<\/p>\n<p style=\"text-align: justify;\"><a href=\"http:\/\/www.cumhuriyet.com.tr\/?hn=315356\" target=\"_blank\">Kaynak : Cumhuriyet Haber Portal\u0131<\/a><\/p>\n","protected":false},"excerpt":{"rendered":"<p style=\"text-align: center;\">\n<p style=\"text-align: justify;\">T\u00fcrkiye&#8217;nin ifade \u00f6zg\u00fcrl\u00fc\u011f\u00fc ve insan haklar\u0131 alan\u0131nda &#8220;g\u00f6z boyama&#8221;n\u0131n \u00f6tesine gitmeyen \u00e7al\u0131\u015fmalar yapt\u0131\u011f\u0131 ele\u015ftirileri yap\u0131l\u0131yor. \u0130nsan Haklar\u0131 \u0130zleme \u00d6rg\u00fct\u00fc, T\u00fcrk h\u00fck\u00fcmeti taraf\u0131ndan sunulan yarg\u0131 reformu paketinin ifade \u00f6zg\u00fcrl\u00fc\u011f\u00fc ve keyfi tutuklamalar gibi kilit konular\u0131 \u00e7\u00f6zmedi\u011fini belirtirken, \u00f6rg\u00fct\u00fcn T\u00fcrkiye ara\u015ft\u0131rmac\u0131s\u0131 Emma Sinclair-Webb, &#8220;T\u00fcrkiye&#8217;nin kar\u015f\u0131 kar\u015f\u0131ya oldu\u011fu b\u00fcy\u00fck insan haklar\u0131 sorunlar\u0131 d\u00fc\u015f\u00fcn\u00fcld\u00fc\u011f\u00fc <\/p>\n","protected":false},"author":1,"featured_media":0,"comment_status":"open","ping_status":"open","sticky":false,"template":"","format":"standard","meta":{"footnotes":""},"categories":[3],"tags":[],"class_list":["post-48818","post","type-post","status-publish","format-standard","hentry","category-dunya","odd"],"_links":{"self":[{"href":"http:\/\/www.korhanyilmaz.com\/index.php?rest_route=\/wp\/v2\/posts\/48818","targetHints":{"allow":["GET"]}}],"collection":[{"href":"http:\/\/www.korhanyilmaz.com\/index.php?rest_route=\/wp\/v2\/posts"}],"about":[{"href":"http:\/\/www.korhanyilmaz.com\/index.php?rest_route=\/wp\/v2\/types\/post"}],"author":[{"embeddable":true,"href":"http:\/\/www.korhanyilmaz.com\/index.php?rest_route=\/wp\/v2\/users\/1"}],"replies":[{"embeddable":true,"href":"http:\/\/www.korhanyilmaz.com\/index.php?rest_route=%2Fwp%2Fv2%2Fcomments&post=48818"}],"version-history":[{"count":0,"href":"http:\/\/www.korhanyilmaz.com\/index.php?rest_route=\/wp\/v2\/posts\/48818\/revisions"}],"wp:attachment":[{"href":"http:\/\/www.korhanyilmaz.com\/index.php?rest_route=%2Fwp%2Fv2%2Fmedia&parent=48818"}],"wp:term":[{"taxonomy":"category","embeddable":true,"href":"http:\/\/www.korhanyilmaz.com\/index.php?rest_route=%2Fwp%2Fv2%2Fcategories&post=48818"},{"taxonomy":"post_tag","embeddable":true,"href":"http:\/\/www.korhanyilmaz.com\/index.php?rest_route=%2Fwp%2Fv2%2Ftags&post=48818"}],"curies":[{"name":"wp","href":"https:\/\/api.w.org\/{rel}","templated":true}]}}