{"id":48814,"date":"2012-02-14T19:07:21","date_gmt":"2012-02-14T17:07:21","guid":{"rendered":"http:\/\/www.korhanyilmaz.com\/?p=48814"},"modified":"2012-02-14T19:59:41","modified_gmt":"2012-02-14T17:59:41","slug":"kendi-ceteni-koru-yasasi","status":"publish","type":"post","link":"http:\/\/www.korhanyilmaz.com\/?p=48814","title":{"rendered":"&#8220;Kendi \u00e7eteni koru yasas\u0131&#8230;&#8221;"},"content":{"rendered":"<p style=\"text-align: center;\"><a href=\"http:\/\/www.korhanyilmaz.com\/wp-content\/uploads\/2012\/02\/9788.jpg\"  class=\"lightview\"><img loading=\"lazy\" decoding=\"async\" class=\"aligncenter  wp-image-48815\" src=\"http:\/\/www.korhanyilmaz.com\/wp-content\/uploads\/2012\/02\/9788.jpg\" alt=\"\" width=\"322\" height=\"241\" \/><\/a><\/p>\n<p style=\"text-align: justify;\">Meclis Adalet Komisyonu&#8217;nda M\u0130T M\u00fcste\u015far\u0131n\u0131n soru\u015fturulmas\u0131n\u0131 Ba\u015fbakan&#8217;\u0131n iznine ba\u011flayan de\u011fi\u015fiklik teklifinin g\u00f6r\u00fc\u015fmeleri tart\u0131\u015fmalara neden oldu. Yer kavgas\u0131 ile ba\u015flayan toplant\u0131da MHP Grup Ba\u015fkanvekili Oktay Vural, &#8220;\u00dcst\u00fcnlerin hukukuna k\u0131l\u0131f aran\u0131yor&#8221;, CHP Grup Ba\u015fkanvekili Emine \u00dclker Tarhan, &#8220;Bu kendi \u00e7eteni koru yasas\u0131d\u0131r&#8221; dedi. BDP Grup Ba\u015fkanvekili Hasip Kaplan, cezaevindekilerin, &#8220;Heval Hakan ne zaman gelecek?&#8221; diye sordu\u011funu belirtirken milletvekilleri aras\u0131nda da &#8220;Ba\u015fbakan&#8217;\u0131n soru\u015fturmalara izin vermeyece\u011fini nereden biliyorsunuz&#8221; s\u00f6zleri \u00fczerine &#8220;Sultan S\u00fcleyman tabi, istedi\u011fine izin verecek&#8221; tart\u0131\u015fmas\u0131 ya\u015fand\u0131.\u00a0<!--more--><\/p>\n<p style=\"text-align: justify;\">Ankara- Teklifin g\u00f6r\u00fc\u015f\u00fclece\u011fi Adalet Komisyonu toplant\u0131 salonunun k\u00fc\u00e7\u00fck olmas\u0131 tart\u0131\u015fmalara neden oldu. BDP \u0130stanbul Milletvekili S\u0131rr\u0131 S\u00fcreyya \u00d6nder oturacak yer bulamay\u0131nca, &#8220;Nerede bu devlet&#8221; dedi. BDP Mu\u015f Milletvekili S\u0131rr\u0131 Sak\u0131k, &#8220;Genel Kurul&#8217;da yapal\u0131m&#8221; diye \u00f6nerdi. Bu arada salona giren BDP Grup Ba\u015fkanvekili Hasip Kaplan da, &#8220;D\u00fcnyan\u0131n 16. ekonomisi ama bir salon bulam\u0131yoruz. B\u00f6yle y\u00f6netilemez. Milleti, Meclis&#8217;i susturmak niyetiniz. Do\u011fru d\u00fczg\u00fcn salonda yap\u0131n. B\u00f6yle rezalet olur mu?&#8221; diye tepki g\u00f6sterdi.<\/p>\n<p style=\"text-align: justify;\">Kaplan&#8217;a Ba\u015fkanvekili Hakk\u0131 K\u00f6yl\u00fc&#8217;n\u00fcn sorunu \u00e7\u00f6zece\u011fi s\u00f6ylendi. Bu arada kameralar\u0131n \u00e7\u0131kmas\u0131 istendi. BDP Mersin Milletvekili Ertu\u011frul K\u00fcrk\u00e7\u00fc ise, &#8220;Kameralar engel de\u011fil. Bas\u0131n \u00e7\u0131kmas\u0131n. Ba\u015fkan \u00e7\u0131ks\u0131n biz onun yerine otural\u0131m&#8221; dedi.<\/p>\n<p style=\"text-align: justify;\">Bu arada Kaplan&#8217;\u0131n &#8220;B\u00f6yle kaliteli yasa m\u0131 olur?&#8221; s\u00f6zlerine AKP Karaman Milletvekili Mevl\u00fct Akg\u00fcn, &#8220;\u015eov yapma. Ne diyorsun sen. Niye ba\u011f\u0131r\u0131yorsun&#8221; diye tepki g\u00f6sterdi. Komisyondaki yer tart\u0131\u015fmas\u0131 toplant\u0131n\u0131n K\u0130T Komisyonu salonuna al\u0131nmas\u0131yla bitirildi.<\/p>\n<p style=\"text-align: justify;\">K\u0130T Komisyonu&#8217;nun geni\u015f salonunda devam eden toplant\u0131, &#8220;Daha b\u00fcy\u00fck yere ge\u00e7elim&#8221;, &#8220;Spor salonunda yapal\u0131m&#8221; esprilerine neden oldu.<\/p>\n<p style=\"text-align: justify;\"><strong>&#8220;Biz kazma sap\u0131y\u0131z&#8221;\u00a0<\/strong><\/p>\n<p style=\"text-align: justify;\">Toplant\u0131n\u0131n a\u00e7\u0131l\u0131\u015f\u0131nda komisyon ba\u015fkanvekili Hakk\u0131 K\u00f6yl\u00fc bu kez de komisyon \u00fcyesi milletvekillerinin oturamad\u0131\u011f\u0131n\u0131 s\u00f6yledi. K\u00f6yl\u00fc&#8217;n\u00fcn s\u00f6zlerine Kaplan, &#8220;\u0130\u00e7t\u00fcz\u00fckte \u00f6yle bir h\u00fck\u00fcm yok&#8221; diye yan\u0131t verdi. K\u00f6yl\u00fc de &#8220;Aksine de h\u00fck\u00fcm yok&#8221; deyince Kaplan, aya\u011fa kalkarak, &#8220;Zorbal\u0131k yapamazs\u0131n\u0131z. Beni kald\u0131ramazs\u0131n\u0131z&#8221; diye ba\u011f\u0131rd\u0131. K\u00f6yl\u00fc, &#8220;Size kalk\u0131n dedim mi?&#8221; diye tepki g\u00f6sterdi. Bu arada &#8220;Ben ayakta dururum&#8221; diyerek yerinden kalkan S\u0131rr\u0131 S\u00fcreyya \u00d6nder, &#8220;Binnaz Han\u0131m da kalks\u0131n komisyon \u00fcyesi de\u011fil, S\u00fcheyl Bey siz de de\u011filsiniz&#8221; diye oturan milletvekillerine laf att\u0131. Batum, &#8220;Biz milletvekiliyiz&#8221; diye kar\u015f\u0131l\u0131k verince, \u00d6nder, &#8220;Biz kazma sap\u0131y\u0131z&#8221; diye esprili kar\u015f\u0131l\u0131k verdi.<\/p>\n<p style=\"text-align: justify;\"><strong>Usul tart\u0131\u015fmas\u0131nda elbisesine bahis\u00a0<\/strong><\/p>\n<p style=\"text-align: justify;\">CHP Mersin Milletvekili Ali R\u0131za \u00d6zt\u00fcrk usul hakk\u0131nda s\u00f6z isteyerek komisyonun ba\u015fkanvekili taraf\u0131ndan toplant\u0131ya \u00e7a\u011fr\u0131lamayaca\u011f\u0131n\u0131 s\u00f6yledi. Benzer bir sorunun Plan B\u00fct\u00e7e Komisyonunda ya\u015fand\u0131\u011f\u0131n\u0131 ve toplant\u0131 \u00e7a\u011fr\u0131s\u0131n\u0131n daha sonra yok say\u0131ld\u0131\u011f\u0131n\u0131 s\u00f6yleyen \u00d6zt\u00fcrk&#8217;\u00fcn s\u00f6zlerine, teklifin sahibi Recep \u00d6zel, &#8220;Ba\u015fkan 2 ay gelmeyince komisyon toplanamayacak m\u0131? Trib\u00fcnlere d\u00f6n\u00fck bir itiraz&#8221; diye kar\u015f\u0131 \u00e7\u0131kt\u0131. &#8220;Toplant\u0131 yok h\u00fckm\u00fcndedir. Sizin \u00e7a\u011f\u0131rmaya yetkiniz yoktur. Say\u0131n \u00d6zel sen yeterince trib\u00fcnlere oynuyorsun&#8221; diye \u00d6zel&#8217;e kar\u015f\u0131l\u0131k veren \u00d6zt\u00fcrk, Plan B\u00fct\u00e7e Komisyonu \u00f6rne\u011fine itiraz eden \u00d6zel&#8217;e s\u00f6yledi\u011fi yanl\u0131\u015fsa tak\u0131m elbise alma vaadinde bulundu. K\u00f6yl\u00fc itirazlar\u0131 reddederek toplant\u0131y\u0131 s\u00fcrd\u00fcrd\u00fc.<\/p>\n<p style=\"text-align: justify;\"><strong>&#8220;Teklifim leylekler gibi u\u00e7mu\u015f gitmi\u015f&#8221;\u00a0<\/strong><\/p>\n<p style=\"text-align: justify;\">BDP Grup Ba\u015fkanvekili Hasip Kaplan, CMK ve \u00d6zel Yetkili Mahkemelerle ilgili bir teklifi oldu\u011funu ve bunun birle\u015ftirilerek g\u00f6r\u00fc\u015f\u00fclmesini istedi. Komisyon Ba\u015fkanvekili K\u00f6yl\u00fc tekliften haberdar olmad\u0131\u011f\u0131n\u0131 s\u00f6yledi. Kaplan, &#8220;CMK \u00f6zel yetkili mahkeme teklifim g\u00fcndemlerde yok. Nereye u\u00e7urdunuz teklifimi. 7 Ekim de vermi\u015ftim. U\u00e7mu\u015f, buharla\u015fm\u0131\u015f, leylekler gibi u\u00e7mu\u015f gitmi\u015f. Kanun teklifi aran\u0131yor. Benim kanun teklifim kaybolmu\u015f. Bunu bulup birle\u015ftirin, sonra g\u00f6r\u00fc\u015felim&#8221; diye ba\u011f\u0131rd\u0131. K\u00f6yl\u00fc, &#8220;Bulaca\u011f\u0131z efendim&#8221; diye Kaplan&#8217;\u0131 yat\u0131\u015ft\u0131rmak istedi. Kaplan, &#8220;Yok \u015fimdi istiyorum&#8221; diye kar\u015f\u0131l\u0131k verdi.<\/p>\n<p style=\"text-align: justify;\"><strong>&#8220;\u00dcst\u00fcnlerin hukukuna k\u0131l\u0131f aran\u0131yor&#8221;\u00a0<\/strong><\/p>\n<p style=\"text-align: justify;\">Toplant\u0131da ilk s\u00f6z\u00fc MHP Grup Ba\u015fkanvekili Oktay Vural ald\u0131. Devlet millet hayat\u0131na hukuk d\u00fczenine etki edecek bir d\u00fczenlemenin bir milletvekilinin teklifi ile getirilemeyece\u011fini s\u00f6yleyen Vural, M\u0130T&#8217;in ifadeye \u00e7a\u011f\u0131r\u0131lmas\u0131yla ilgili iddialar\u0131 hat\u0131rlatt\u0131. KCK yap\u0131lanmas\u0131n\u0131n devletin denetim g\u00f6zetimi e\u015fli\u011finde tamamland\u0131\u011f\u0131 iddias\u0131n\u0131 an\u0131msatan Vural, bu teklifin getirilmesinin de pazarl\u0131k yap\u0131ld\u0131\u011f\u0131, su\u00e7lamalar\u0131n do\u011fru oldu\u011fu kanaatini g\u00fc\u00e7lendirdi\u011fini s\u00f6yledi. Ba\u015fbakan Yard\u0131mc\u0131s\u0131 Bekir Bozda\u011f&#8217;\u0131n &#8220;Su\u00e7 yok vazife var&#8221; s\u00f6zlerini &#8220;T\u00fcyler \u00fcrpertici&#8221; olarak nitelendiren Vural, &#8220;B\u00f6yle bir vazifeyi kim veriyor? Bakan nas\u0131l bir vazife yap\u0131ld\u0131\u011f\u0131n\u0131 a\u00e7\u0131klas\u0131n. Anayasada &#8216;kimse hukuk d\u0131\u015f\u0131na \u00e7\u0131kamaz&#8217; deniliyor. Y\u00fcr\u00fctmenin birine \u00f6zel g\u00f6rev vermesi nas\u0131l hukuki olabilir. Hukuk devletinde kimseye imtiyaz tan\u0131namaz&#8221; dedi. Hukukun \u00fcst\u00fcnl\u00fc\u011f\u00fcn\u00fcn gidip \u00fcst\u00fcnlerin hukukuna k\u0131l\u0131f arand\u0131\u011f\u0131n\u0131 ileri s\u00fcren Vural, teklifin geri \u00e7ekilmesini istedi. Vural, &#8220;Bir tak\u0131m \u00f6zel taleplerle T\u00fcrkiye&#8217;de her faili belli olmayan olay\u0131n arkas\u0131nda devletin ilgili te\u015fkilatlar\u0131 oldu\u011fu kanaati olu\u015fur. Bu teklifi al\u0131n. M\u0130T m\u00fcste\u015far\u0131 gidip ifade vermelidir. Hukuk d\u0131\u015f\u0131na \u00e7\u0131k\u0131lmad\u0131\u011f\u0131 iddia ediliyorsa onlar\u0131n yarg\u0131dan ka\u00e7mas\u0131na gerek yoktur&#8221; dedi.<\/p>\n<p style=\"text-align: justify;\">Bir Veysi Kaynak olay\u0131 ile kar\u015f\u0131 kar\u015f\u0131ya olundu\u011funu s\u00f6yleyen Vural, &#8220;\u0130\u015flenen su\u00e7lar\u0131n \u00fcst\u00fcn\u00fcn \u00f6rt\u00fclmesini istemiyorsan\u0131z bu teklifi \u00e7ekin. Say\u0131n Bakan siz de toplant\u0131dan ayr\u0131larak bu teklifin g\u00f6r\u00fc\u015f\u00fclmesini engelleyin&#8221; \u00e7a\u011fr\u0131s\u0131nda bulundu.<\/p>\n<p style=\"text-align: justify;\"><strong>&#8220;Kendi \u00e7eteni koru&#8221; yasas\u0131\u00a0<\/strong><\/p>\n<p style=\"text-align: justify;\">CHP Grup Ba\u015fkanvekili Emine \u00dclker Tarhan, M\u0130T m\u00fcste\u015far\u0131na verilen g\u00f6revi bilmediklerini ama \u00fcst\u00fcn\u00fcn \u00f6rt\u00fclmeye \u00e7al\u0131\u015f\u0131ld\u0131\u011f\u0131n\u0131 herkesin g\u00f6rd\u00fc\u011f\u00fcn\u00fc ileri s\u00fcrd\u00fc. Getirilen teklifin yasa tekni\u011fine uygun olmad\u0131\u011f\u0131n\u0131, CMK uygulamalar\u0131n\u0131 etkileyecek bir garabet i\u00e7in kalem oynat\u0131ld\u0131\u011f\u0131n\u0131 ileri s\u00fcren Tarhan teklif i\u00e7in, &#8220;Objektif s\u0131n\u0131rlama yok. Ki\u015filere \u00f6zeldir. Ba\u015fbakan\u0131n kurdu\u011fu, kurmaya \u00e7al\u0131\u015ft\u0131\u011f\u0131 \u00f6rg\u00fctleri korumaya y\u00f6neliktir. Devlet i\u00e7in kur\u015fun atmaya me\u015fruiyet sa\u011flayacakt\u0131r. Kendini koruma teklifidir. Gladio&#8217;ya ne g\u00f6rev vermi\u015f merak ediyoruz. \u00d6zel Yetkili Mahkemelerin tek g\u00f6revinin muhalifleri ezmek oldu\u011fu bu d\u00fczenleme ile ortaya \u00e7\u0131k\u0131yor. Anayasan\u0131n 137-138&#8217;inci maddeleri ihlal ediliyor. Kamuoyunun g\u00fcndemindeki bir soru\u015fturmaya do\u011frudan m\u00fcdahale ediliyor. Ki\u015filere a\u00e7\u0131k\u00e7a su\u00e7 i\u015fleme imtiyaz\u0131 tan\u0131n\u0131yor. Ba\u015fbakan&#8217;\u0131 da Hakan Fidan&#8217;\u0131n da \u015faibeli k\u0131l\u0131nmas\u0131n\u0131 sa\u011fl\u0131yor. Bu \u015fekilde Ba\u015fkan\u0131 korursan\u0131z Ba\u015fbakan sonsuza kadar \u015faibeli kal\u0131r&#8221; dedi.<\/p>\n<p style=\"text-align: justify;\">Bu teklifle Uludere ve Dink cinayeti faillerinin de korunabilece\u011fini s\u00f6yleyen Tarhan, &#8220;Bu kendi \u00e7eteni koru yasas\u0131d\u0131r. Baz\u0131 olaylar\u0131 \u00f6rtme yasas\u0131d\u0131r. \u0130ktidar\u0131n kozmik odas\u0131n\u0131n kapat\u0131lmas\u0131 yarg\u0131n\u0131n oraya sokulmamas\u0131 yasas\u0131d\u0131r. Devleti \u00e7ete devlet haline getirir, devleti hukukun d\u0131\u015f\u0131na \u00e7\u0131kart\u0131r. Derhal geri al\u0131nmal\u0131. \u00c7ete devletinde ya\u015fanmas\u0131ndan b\u0131kt\u0131k bunun tescil edilmesini kabul etmeyiz&#8221; dedi.<\/p>\n<p style=\"text-align: justify;\"><strong>&#8220;Cezaevindekiler &#8216;Heval Hakan&#8217;\u0131 bekliyor&#8221;\u00a0<\/strong><\/p>\n<p style=\"text-align: justify;\">BDP Grup Ba\u015fkanvekili Hasip Kaplan, teklifte \u00f6zel g\u00f6revlendirmenin s\u0131n\u0131rlar\u0131n\u0131n belli olmamas\u0131n\u0131 ele\u015ftirdi. Kaplan, &#8220;Elinde belge olan istedi\u011fi gibi cinayet i\u015fler iznini de Ba\u015fbakan verecek. Ba\u015fbakan bunu yapacak diye s\u00f6ylemem, d\u00fc\u015f\u00fcnmem ama bu bir yetkidir ve bu yasa ge\u00e7ti\u011finde karanl\u0131k cinayetlerin arkas\u0131nda bu korunan ki\u015filer aranacak&#8221; dedi. K\u00fcrt Sorunu&#8217;nun karanl\u0131k dehlizlerin, karanl\u0131k g\u00f6r\u00fc\u015fmelerin, istihbaratlar\u0131n giri\u015fimiyle de\u011fil bu Meclis&#8217;te \u00e7\u00f6z\u00fclmesi gerekti\u011fini s\u00f6yleyen Kaplan, &#8220;Siyasi irade sorumluluk alamad\u0131\u011f\u0131 i\u00e7in \u00e7\u00f6z\u00fclemedi. B\u00fct\u00fcn partiler bu \u00e7at\u0131\u015fmadan \u00f6lenlerden sorumluyuz&#8221; dedi. B\u00fct\u00fcn gruplar\u0131n yer alaca\u011f\u0131 \u00f6zel bir kanunla bir heyetin yetkilendirilmesi \u00f6nerisinde bulunan Kaplan, bu heyetin M\u0130T dahil g\u00f6r\u00fc\u015fmeler yapabilir, sorumsuz bir yap\u0131da kurulmas\u0131 talebinde bulundu. Tart\u0131\u015fma konusu olan g\u00f6r\u00fc\u015fmelerde sadece M\u0130T de\u011fil, Genelkurmay, Emniyet, Jandarma, \u0130\u00e7i\u015fleri-Adalet Bakanl\u0131klar\u0131 ve Milli Savunma Bakanl\u0131\u011f\u0131ndan da yetkililer oldu\u011funu iddia eden Kaplan, &#8220;Karay\u0131lan &#8216;M\u0130T&#8217;le g\u00f6r\u00fc\u015fmedik, devletle g\u00f6r\u00fc\u015ft\u00fck, heyette bir ki\u015fi yoktu&#8217; diyor. Di\u011ferlerini kim koruyacak peki?&#8221; diye sordu.<\/p>\n<p style=\"text-align: justify;\">Teklifin geri \u00e7ekilmesini, \u00d6zel Yetkili Mahkemelerin kald\u0131r\u0131lmas\u0131 gerekti\u011fini s\u00f6yleyen Kaplan, &#8220;Bahar geliyor ben korkuyorum. Bahar\u0131n gelmesi demek \u00e7at\u0131\u015fma, korku, cenaze demek. Ki\u015fileri kurtararak, h\u00fck\u00fcmeti koruyup kollayarak, bunun sonunu getiremeyiz&#8221; dedi. Cezaevinde yapt\u0131\u011f\u0131 g\u00f6r\u00fc\u015fmelerde &#8220;Heval Hakan ne zaman gelecek&#8221; diye soruldu\u011funu s\u00f6yleyen Kaplan, \u00e7\u00f6z\u00fcme kapal\u0131 olmad\u0131klar\u0131n\u0131 s\u00f6yledi. &#8220;Hukuk, adalet, izin, ferman, fetva sizin&#8221; diye seslenen Kaplan, &#8220;Bu konuda \u0131\u015f\u0131k g\u00f6r\u00fcrsek bahar silahlar\u0131 susturur, olmazsa cenazelerin alt\u0131nda iktidar\u0131 muhalefeti ile ezilece\u011fiz. Bu sorunu 30 y\u0131lda \u00e7\u00f6zemedi\u011fimiz i\u00e7in de bizi millet yarg\u0131layacakt\u0131r&#8221; dedi.<\/p>\n<p style=\"text-align: justify;\"><strong>Sultan S\u00fcleyman tepkisi\u00a0<\/strong><\/p>\n<p style=\"text-align: justify;\">CHP Konya Milletvekili Atilla Kart, &#8220;\u00c7atl\u0131lar\u0131n yan\u0131na CIA uzmanlar\u0131n\u0131 da katm\u0131\u015f olacaks\u0131n\u0131z. Onlar\u0131 da kurumsal olarak himaye etmeye ba\u015flayacaks\u0131n\u0131z&#8221; diye ele\u015ftirirken CHP \u0130zmir Milletvekili R\u0131za T\u00fcrmen, teklif ile Ba\u015fbakana su\u00e7 i\u015fleme yetkisi verildi\u011fini ileri s\u00fcrd\u00fc. T\u00fcrmen konu\u015furken AKP&#8217;li bir milletvekili, &#8220;Ba\u015fbakan&#8217;\u0131n soru\u015fturmalara izin vermeyece\u011fini nereden biliyorsunuz&#8221; diye kar\u015f\u0131l\u0131k verdi. Bunun \u00fczerine bir ba\u015fka milletvekili, &#8220;Sultan S\u00fcleyman tabi, istedi\u011fine izin verecek&#8221; diye tepki g\u00f6sterdi. CHP Eski\u015fehir Milletvekili S\u00fcheyl Batum da teklifi &#8220;Ba\u015fbakana ba\u011fl\u0131 \u00f6zel bir \u00e7ete kurma yetkisi veren teklif&#8221; olarak nitelendirdi. Bunun benzerinin d\u00fcnyada olmad\u0131\u011f\u0131n\u0131 ileri s\u00fcren Batum, su\u00e7 duyurusunda bulunduklar\u0131n\u0131 hat\u0131rlatarak Fidan&#8217;\u0131n yarg\u0131lanmas\u0131 gerekti\u011fini s\u00f6yledi.<\/p>\n<p style=\"text-align: justify;\">&#8220;M\u0130T&#8217;\u00e7ileri imtiyazl\u0131 kitle haline getiriyoruz&#8221; diyen Batum, &#8220;Hakan Fidan&#8217;\u0131 korumak i\u00e7in anayasaya ayk\u0131r\u0131 bir i\u015flemi yapmayaca\u011f\u0131n\u0131za inan\u0131yorum&#8221; dedi.<\/p>\n<p style=\"text-align: justify;\"><strong>&#8220;Ter\u00f6r \u00f6rg\u00fctlerine girip su\u00e7 i\u015flemek yok&#8221;\u00a0<\/strong><\/p>\n<p style=\"text-align: justify;\">Ba\u015fbakan Yard\u0131mc\u0131s\u0131 Bekir Bozda\u011f, &#8220;Su\u00e7 yok vazife var&#8221; ve &#8220;KCK&#8217;ya s\u0131zan M\u0130T elemanlar\u0131n\u0131n su\u00e7 i\u015fleyebilece\u011fi&#8221; y\u00f6n\u00fcndeki s\u00f6zlerine gelen ele\u015ftirileri yan\u0131tlad\u0131. Yapt\u0131\u011f\u0131 a\u00e7\u0131klaman\u0131n yanl\u0131\u015f anla\u015f\u0131ld\u0131\u011f\u0131n\u0131, aktar\u0131ld\u0131\u011f\u0131n\u0131 s\u00f6yleyen Bakan Bozda\u011f,<\/p>\n<p style=\"text-align: justify;\"><strong>&#8220;Ter\u00f6r \u00f6rg\u00fctlerine istihbarat ama\u00e7l\u0131 s\u0131zarken su\u00e7 i\u015flemeden s\u0131zmak m\u00fcmk\u00fcn de\u011fil.<\/strong><\/p>\n<p style=\"text-align: justify;\">Ancak asker, polise kur\u015fun s\u0131k\u0131lmas\u0131, canl\u0131 bomba olunmas\u0131 ter\u00f6r eylemine kat\u0131l\u0131nmas\u0131 m\u00fcmk\u00fcn de\u011fildir&#8221; dedi\u011fini aktard\u0131. Ter\u00f6r \u00f6rg\u00fct\u00fcne s\u0131z\u0131ld\u0131\u011f\u0131nda sadece \u00f6rg\u00fcte \u00fcye olma su\u00e7u i\u015flendi\u011fini anlatan Bozda\u011f&#8217;\u0131n s\u00f6zlerine MHP Milletvekili Ali Uzun\u0131rmak &#8220;Yalan&#8221; diye tepki g\u00f6sterdi. S\u00f6zlerinin ter\u00f6r \u00f6rg\u00fct\u00fcne kat\u0131lanlar\u0131n ter\u00f6r eylemlerine kat\u0131l\u0131p yurtta\u015fa eylem yapt\u0131\u011f\u0131 \u015feklinde yorumlanamayaca\u011f\u0131n\u0131 belirten Bozda\u011f, M\u0130T&#8217;in 26. Maddesini hat\u0131rlatarak ilk kez geliyormu\u015f gibi yorumlanmas\u0131n\u0131 ele\u015ftirdi. Bozda\u011f&#8217;\u0131n bu s\u00f6zlerine &#8220;O zaman niye de\u011fi\u015ftiriyorsunuz? Ba\u015fbakan\u0131 kurtarmaya \u00e7al\u0131\u015f\u0131yorsunuz&#8221; diye tepki g\u00f6sterildi. Bozda\u011f, &#8220;G\u00f6z\u00fcm\u00fcn i\u00e7ine baka baka \u00e7arp\u0131tmay\u0131n, dedi\u011fimin arkas\u0131nday\u0131m. Ter\u00f6r \u00f6rg\u00fctlerine girip su\u00e7 i\u015fleme yok. Ter\u00f6r \u00f6rg\u00fct\u00fc \u00fcyeli\u011fi su\u00e7u i\u015flenir, o kadar&#8221; dedi.<\/p>\n<p style=\"text-align: justify;\"><strong>&#8220;\u00c7ocuk mu kand\u0131r\u0131yorsunuz adam kalbine gidiyor&#8221;\u00a0<\/strong><\/p>\n<p style=\"text-align: justify;\">CHP Milletvekili Dilek Akag\u00fcn Y\u0131lmaz, Bakan Bozda\u011f&#8217;a &#8220;Ne t\u00fcrden su\u00e7lar i\u015flenebilir&#8221; diye sordu. Y\u0131lmaz&#8217;\u0131n sorusuna Komisyon Ba\u015fkanvekili Hakk\u0131 K\u00f6yl\u00fc, &#8220;Y\u00fcr\u00fcy\u00fc\u015fe girerek, \u00f6rg\u00fcte \u00fcyelik su\u00e7u i\u015fleyenler&#8221; yan\u0131t\u0131 verdi. Bir milletvekili bunun \u00fczerine, &#8220;\u00c7ocuk mu kand\u0131r\u0131yorsunuz adam kalbine gidiyor&#8221; diye tepki g\u00f6sterdi. Nereye kadar eylem yap\u0131ld\u0131\u011f\u0131n\u0131 a\u00e7\u0131klad\u0131\u011f\u0131n\u0131 s\u00f6yleyen Bozda\u011f, yurtta\u015fa y\u00f6nelik eylem yapman\u0131n su\u00e7 oldu\u011funu s\u00f6yledi\u011fini an\u0131msatarak, &#8220;B\u00f6yle bir \u015fey de yoktur. Su\u00e7 i\u015fleyen de cezas\u0131n\u0131 \u00e7ekecektir&#8221; dedi.<\/p>\n<p style=\"text-align: justify;\"><a href=\"http:\/\/www.cumhuriyet.com.tr\/?hn=315358\" target=\"_blank\">Kaynak : Cumhuriyet Haber Portal\u0131<\/a><\/p>\n","protected":false},"excerpt":{"rendered":"<p style=\"text-align: center;\">\n<p style=\"text-align: justify;\">Meclis Adalet Komisyonu&#8217;nda M\u0130T M\u00fcste\u015far\u0131n\u0131n soru\u015fturulmas\u0131n\u0131 Ba\u015fbakan&#8217;\u0131n iznine ba\u011flayan de\u011fi\u015fiklik teklifinin g\u00f6r\u00fc\u015fmeleri tart\u0131\u015fmalara neden oldu. Yer kavgas\u0131 ile ba\u015flayan toplant\u0131da MHP Grup Ba\u015fkanvekili Oktay Vural, &#8220;\u00dcst\u00fcnlerin hukukuna k\u0131l\u0131f aran\u0131yor&#8221;, CHP Grup Ba\u015fkanvekili Emine \u00dclker Tarhan, &#8220;Bu kendi \u00e7eteni koru yasas\u0131d\u0131r&#8221; dedi. BDP Grup Ba\u015fkanvekili Hasip Kaplan, cezaevindekilerin, &#8220;Heval Hakan ne <\/p>\n","protected":false},"author":1,"featured_media":0,"comment_status":"open","ping_status":"open","sticky":false,"template":"","format":"standard","meta":{"footnotes":""},"categories":[105],"tags":[],"class_list":["post-48814","post","type-post","status-publish","format-standard","hentry","category-gundem","odd"],"_links":{"self":[{"href":"http:\/\/www.korhanyilmaz.com\/index.php?rest_route=\/wp\/v2\/posts\/48814","targetHints":{"allow":["GET"]}}],"collection":[{"href":"http:\/\/www.korhanyilmaz.com\/index.php?rest_route=\/wp\/v2\/posts"}],"about":[{"href":"http:\/\/www.korhanyilmaz.com\/index.php?rest_route=\/wp\/v2\/types\/post"}],"author":[{"embeddable":true,"href":"http:\/\/www.korhanyilmaz.com\/index.php?rest_route=\/wp\/v2\/users\/1"}],"replies":[{"embeddable":true,"href":"http:\/\/www.korhanyilmaz.com\/index.php?rest_route=%2Fwp%2Fv2%2Fcomments&post=48814"}],"version-history":[{"count":0,"href":"http:\/\/www.korhanyilmaz.com\/index.php?rest_route=\/wp\/v2\/posts\/48814\/revisions"}],"wp:attachment":[{"href":"http:\/\/www.korhanyilmaz.com\/index.php?rest_route=%2Fwp%2Fv2%2Fmedia&parent=48814"}],"wp:term":[{"taxonomy":"category","embeddable":true,"href":"http:\/\/www.korhanyilmaz.com\/index.php?rest_route=%2Fwp%2Fv2%2Fcategories&post=48814"},{"taxonomy":"post_tag","embeddable":true,"href":"http:\/\/www.korhanyilmaz.com\/index.php?rest_route=%2Fwp%2Fv2%2Ftags&post=48814"}],"curies":[{"name":"wp","href":"https:\/\/api.w.org\/{rel}","templated":true}]}}