{"id":48807,"date":"2012-02-14T15:49:44","date_gmt":"2012-02-14T13:49:44","guid":{"rendered":"http:\/\/www.korhanyilmaz.com\/?p=48807"},"modified":"2012-02-14T19:49:48","modified_gmt":"2012-02-14T17:49:48","slug":"mit-yasasi-gorusmesi-gergin-basladi","status":"publish","type":"post","link":"http:\/\/www.korhanyilmaz.com\/?p=48807","title":{"rendered":"M\u0130T yasas\u0131 g\u00f6r\u00fc\u015fmesi gergin ba\u015flad\u0131"},"content":{"rendered":"<p style=\"text-align: justify;\"><a href=\"http:\/\/www.korhanyilmaz.com\/wp-content\/uploads\/2012\/02\/9786.jpg\"  class=\"lightview\"><img loading=\"lazy\" decoding=\"async\" class=\"aligncenter size-full wp-image-48808\" title=\"\" src=\"http:\/\/www.korhanyilmaz.com\/wp-content\/uploads\/2012\/02\/9786.jpg\" alt=\"\" width=\"292\" height=\"201\" \/><\/a><\/p>\n<p style=\"text-align: justify;\">M\u0130T Kanunu&#8217;nda de\u011fi\u015fiklik yap\u0131lmas\u0131n\u0131 \u00f6ng\u00f6ren kanun teklifi, TBMM Adalet Komisyonunda g\u00f6r\u00fc\u015f\u00fclmeye ba\u015fland\u0131. Komisyonun topland\u0131\u011f\u0131 salonun k\u00fc\u00e7\u00fck olmas\u0131 nedeniyle Komisyon Ba\u015fkan\u0131 ile BDP&#8217;li Hasip Kaplan ve CHP&#8217;li Ali R\u0131za \u00d6zt\u00fcrk aras\u0131nda tart\u0131\u015fma ya\u015fand\u0131.<\/p>\n<p style=\"text-align: justify;\">Komisyon, Ba\u015fkanvekili Hakk\u0131 K\u00f6yl\u00fc&#8217;n\u00fcn ba\u015fkanl\u0131\u011f\u0131nda topland\u0131. BDP Grup Ba\u015fkanvekili Hasip Kaplan, salonun \u00e7ok k\u00fc\u00e7\u00fck oldu\u011funu ifade ederek, de\u011fi\u015ftirilmesini istedi.\u00a0<!--more--><\/p>\n<p style=\"text-align: justify;\">Milletvekillerinin ayakta kald\u0131\u011f\u0131n\u0131 belirten Kaplan, &#8220;Ne yapmaya \u00e7al\u0131\u015f\u0131yorsunuz? D\u00fcnyan\u0131n 16. b\u00fcy\u00fck ekonomisinin Meclisine bu yak\u0131\u015f\u0131yor mu? Meclis mi susturmaya \u00e7al\u0131\u015f\u0131yorsunuz? B\u00f6yle rezalet olur mu?&#8221; diye ba\u011f\u0131rd\u0131.<\/p>\n<p style=\"text-align: justify;\">Kameramanlar\u0131n salondan \u00e7\u0131kmas\u0131n\u0131 isteyen K\u00f6yl\u00fc, daha sonra tekrar bir durum de\u011ferlendirmesi yap\u0131labilece\u011fini belirtti.<\/p>\n<p style=\"text-align: justify;\">Bu s\u00f6zler \u00fczerine CHP Mersin Milletvekili Ali R\u0131za \u00d6zt\u00fcrk, &#8220;G\u00f6rm\u00fcyor musun Say\u0131n Ba\u015fkan? Neyin de\u011ferlendirmesini yapacaks\u0131n?&#8221; diye konu\u015ftu.<\/p>\n<p style=\"text-align: justify;\">Baz\u0131 AK Parti milletvekilleri de &#8220;Ne ba\u011f\u0131r\u0131yorsun? Her yerde ba\u011f\u0131r\u0131yorsun. Susarsan \u00e7\u00f6z\u00fcm bulunacak&#8221; \u015feklinde Kaplan&#8217;a tepki g\u00f6sterdi.<\/p>\n<p style=\"text-align: justify;\">Tart\u0131\u015fmalar\u0131n ard\u0131ndan Komisyon Ba\u015fkanvekili K\u00f6yl\u00fc, toplant\u0131n\u0131n TBMM K\u0130T Komisyonu toplant\u0131 salonunda devam etmesine karar verdi.<\/p>\n<p style=\"text-align: justify;\">H\u00fck\u00fcmet ad\u0131na Ba\u015fbakan Yard\u0131mc\u0131s\u0131 Bekir Bozda\u011f&#8217;\u0131n kat\u0131ld\u0131\u011f\u0131 kanun teklifinin g\u00f6r\u00fc\u015fmelerine, K\u0130T Komisyonu toplant\u0131 salonunda ba\u015fland\u0131.<\/p>\n<p style=\"text-align: justify;\"><a href=\"http:\/\/www.cnnturk.com\/2012\/turkiye\/02\/14\/mit.yasasi.gorusmesi.gergin.basladi\/649128.0\/index.html\" target=\"_blank\">Kaynak : CNN T\u00dcRK<\/a><\/p>\n","protected":false},"excerpt":{"rendered":"<p style=\"text-align: justify;\">\n<p style=\"text-align: justify;\">M\u0130T Kanunu&#8217;nda de\u011fi\u015fiklik yap\u0131lmas\u0131n\u0131 \u00f6ng\u00f6ren kanun teklifi, TBMM Adalet Komisyonunda g\u00f6r\u00fc\u015f\u00fclmeye ba\u015fland\u0131. Komisyonun topland\u0131\u011f\u0131 salonun k\u00fc\u00e7\u00fck olmas\u0131 nedeniyle Komisyon Ba\u015fkan\u0131 ile BDP&#8217;li Hasip Kaplan ve CHP&#8217;li Ali R\u0131za \u00d6zt\u00fcrk aras\u0131nda tart\u0131\u015fma ya\u015fand\u0131.<\/p>\n<p style=\"text-align: justify;\">Komisyon, Ba\u015fkanvekili Hakk\u0131 K\u00f6yl\u00fc&#8217;n\u00fcn ba\u015fkanl\u0131\u011f\u0131nda topland\u0131. BDP Grup Ba\u015fkanvekili Hasip Kaplan, salonun \u00e7ok k\u00fc\u00e7\u00fck oldu\u011funu ifade <\/p>\n","protected":false},"author":1,"featured_media":0,"comment_status":"open","ping_status":"open","sticky":false,"template":"","format":"standard","meta":{"footnotes":""},"categories":[105],"tags":[],"class_list":["post-48807","post","type-post","status-publish","format-standard","hentry","category-gundem","odd"],"_links":{"self":[{"href":"http:\/\/www.korhanyilmaz.com\/index.php?rest_route=\/wp\/v2\/posts\/48807","targetHints":{"allow":["GET"]}}],"collection":[{"href":"http:\/\/www.korhanyilmaz.com\/index.php?rest_route=\/wp\/v2\/posts"}],"about":[{"href":"http:\/\/www.korhanyilmaz.com\/index.php?rest_route=\/wp\/v2\/types\/post"}],"author":[{"embeddable":true,"href":"http:\/\/www.korhanyilmaz.com\/index.php?rest_route=\/wp\/v2\/users\/1"}],"replies":[{"embeddable":true,"href":"http:\/\/www.korhanyilmaz.com\/index.php?rest_route=%2Fwp%2Fv2%2Fcomments&post=48807"}],"version-history":[{"count":0,"href":"http:\/\/www.korhanyilmaz.com\/index.php?rest_route=\/wp\/v2\/posts\/48807\/revisions"}],"wp:attachment":[{"href":"http:\/\/www.korhanyilmaz.com\/index.php?rest_route=%2Fwp%2Fv2%2Fmedia&parent=48807"}],"wp:term":[{"taxonomy":"category","embeddable":true,"href":"http:\/\/www.korhanyilmaz.com\/index.php?rest_route=%2Fwp%2Fv2%2Fcategories&post=48807"},{"taxonomy":"post_tag","embeddable":true,"href":"http:\/\/www.korhanyilmaz.com\/index.php?rest_route=%2Fwp%2Fv2%2Ftags&post=48807"}],"curies":[{"name":"wp","href":"https:\/\/api.w.org\/{rel}","templated":true}]}}