{"id":48803,"date":"2012-02-14T14:40:29","date_gmt":"2012-02-14T12:40:29","guid":{"rendered":"http:\/\/www.korhanyilmaz.com\/?p=48803"},"modified":"2012-02-14T19:46:03","modified_gmt":"2012-02-14T17:46:03","slug":"basbugun-yuce-divan-talebine-ret","status":"publish","type":"post","link":"http:\/\/www.korhanyilmaz.com\/?p=48803","title":{"rendered":"Ba\u015fbu\u011f&#8217;un Y\u00fcce Divan talebine ret"},"content":{"rendered":"<p style=\"text-align: center;\"><a href=\"http:\/\/www.korhanyilmaz.com\/wp-content\/uploads\/2012\/02\/9785.jpg\"  class=\"lightview\"><img loading=\"lazy\" decoding=\"async\" class=\"aligncenter  wp-image-48804\" src=\"http:\/\/www.korhanyilmaz.com\/wp-content\/uploads\/2012\/02\/9785.jpg\" alt=\"\" width=\"307\" height=\"236\" \/><\/a><\/p>\n<p style=\"text-align: justify;\">Yarg\u0131tay Cumhuriyet Ba\u015fsavc\u0131l\u0131\u011f\u0131, eski Genelkurmay Ba\u015fkan\u0131 emekli Orgeneral \u0130lker Ba\u015fbu\u011f&#8217;un, hakk\u0131ndaki dosyan\u0131n Yarg\u0131tay Cumhuriyet Ba\u015fsavc\u0131l\u0131\u011f\u0131&#8217;nca istenmesi ve yarg\u0131laman\u0131n Y\u00fcce Divan&#8217;da yap\u0131lmas\u0131 talebini reddetti.<\/p>\n<p style=\"text-align: justify;\">Ba\u015fbu\u011f&#8217;un avukat\u0131 \u0130lkay Sezer, 20 Ocak 2012&#8217;de Yarg\u0131tay Cumhuriyet Ba\u015fsavc\u0131l\u0131\u011f\u0131na m\u00fcracaat ederek, &#8220;T\u00fcrkiye&#8217;deki sayg\u0131n ve de\u011ferli hukuk\u00e7ular\u0131n belirtti\u011fi \u015fekilde, telafisi m\u00fcmk\u00fcn olmayacak zararlara meydan verilmemesi i\u00e7in anayasan\u0131n 148. maddesi gere\u011fince Ba\u015fbu\u011f hakk\u0131ndaki soru\u015fturma dosyas\u0131n\u0131n derhal istenmesini&#8221; talep etti.\u00a0<!--more--><\/p>\n<p style=\"text-align: justify;\">Sezer, 2 \u015eubat 2012&#8217;de de Yarg\u0131tay Cumhuriyet Ba\u015fsavc\u0131l\u0131\u011f\u0131na ayr\u0131ca bir hukuki m\u00fctalaa sunarak, Ba\u015fbu\u011f hakk\u0131ndaki yarg\u0131laman\u0131n Y\u00fcce Divan&#8217;da yap\u0131lmas\u0131na karar verilmesini istedi.<\/p>\n<p style=\"text-align: justify;\">Yarg\u0131tay Cumhuriyet Ba\u015fsavc\u0131l\u0131\u011f\u0131, Ba\u015fbu\u011f&#8217;un avukat\u0131 Sezer&#8217;in talebini reddetti.<\/p>\n<p style=\"text-align: justify;\">Ba\u015fsavc\u0131l\u0131\u011f\u0131n ret gerek\u00e7esinde, asker ki\u015filerle ilgili soru\u015fturma yetkisinin Yarg\u0131tay Cumhuriyet Ba\u015fsavc\u0131l\u0131\u011f\u0131nda olmad\u0131\u011f\u0131 belirtildi.<\/p>\n<p style=\"text-align: justify;\">Ba\u015fbu\u011f&#8217;un, \u0130stanbul Cumhuriyet Ba\u015fsavc\u0131l\u0131\u011f\u0131n\u0131n y\u00fcr\u00fctt\u00fc\u011f\u00fc soru\u015fturma kapsam\u0131nda &#8220;T\u00fcrkiye Cumhuriyeti h\u00fck\u00fcmetini ortadan kald\u0131rmaya ve g\u00f6revini yapmas\u0131n\u0131 engellemeye te\u015febb\u00fcs&#8221; ve &#8220;silahl\u0131 ter\u00f6r \u00f6rg\u00fct\u00fc kurma ve y\u00f6netme&#8221; su\u00e7lar\u0131ndan tutukland\u0131\u011f\u0131 an\u0131msat\u0131lan ret gerek\u00e7esinde, Ba\u015fbu\u011f&#8217;a isnat edilen eylemlerin &#8220;ter\u00f6r su\u00e7u&#8221; olarak nitelendirildi\u011fi belirtildi.<\/p>\n<p style=\"text-align: justify;\">Ba\u015fsavc\u0131l\u0131k, Ba\u015fbu\u011f hakk\u0131ndaki yarg\u0131lama yetkisinin \u00f6zel yetkili mahkemede oldu\u011fu gerek\u00e7esiyle dosyan\u0131n \u00f6zel yetkili mahkemeye g\u00f6nderilmesine karar verdi.<\/p>\n<p style=\"text-align: justify;\">Bu karar\u0131n ard\u0131ndan bir a\u00e7\u0131klama yapan \u0130lker Ba\u015fbu\u011f&#8217;un avukat\u0131 \u0130lkay Sezer, &#8220;Yarg\u0131tay Cumhuriyet Ba\u015fsavc\u0131l\u0131\u011f\u0131n\u0131n karar\u0131n\u0131n soru\u015fturman\u0131n y\u00fcr\u00fct\u00fclmesi usul\u00fcne ili\u015fkindir. Yarg\u0131tay Cumhuriyet Ba\u015fsavc\u0131l\u0131\u011f\u0131, soru\u015fturmaya ili\u015fkin bu karar\u0131na gerek\u00e7e olarak mevzuatta a\u00e7\u0131k h\u00fck\u00fcm bulunmamas\u0131n\u0131 g\u00f6stermi\u015ftir. Karar, yarg\u0131laman\u0131n Y\u00fcce Divan&#8217;da yap\u0131lmas\u0131 talebimizin reddi anlam\u0131nda de\u011fildir. Anayasan\u0131n a\u00e7\u0131k h\u00fck\u00fcmleri gere\u011fi g\u00f6rev ve yetkiye dair itirazlar\u0131m\u0131z yarg\u0131lama a\u015famas\u0131nda da belirtilecektir&#8221; diye konu\u015ftu.<\/p>\n<p style=\"text-align: justify;\"><a href=\"http:\/\/www.cnnturk.com\/2012\/turkiye\/02\/14\/basbugun.yuce.divan.talebine.ret\/649089.0\/index.html\" target=\"_blank\">Kaynak : CNN T\u00dcRK<\/a><\/p>\n","protected":false},"excerpt":{"rendered":"<p style=\"text-align: center;\">\n<p style=\"text-align: justify;\">Yarg\u0131tay Cumhuriyet Ba\u015fsavc\u0131l\u0131\u011f\u0131, eski Genelkurmay Ba\u015fkan\u0131 emekli Orgeneral \u0130lker Ba\u015fbu\u011f&#8217;un, hakk\u0131ndaki dosyan\u0131n Yarg\u0131tay Cumhuriyet Ba\u015fsavc\u0131l\u0131\u011f\u0131&#8217;nca istenmesi ve yarg\u0131laman\u0131n Y\u00fcce Divan&#8217;da yap\u0131lmas\u0131 talebini reddetti.<\/p>\n<p style=\"text-align: justify;\">Ba\u015fbu\u011f&#8217;un avukat\u0131 \u0130lkay Sezer, 20 Ocak 2012&#8217;de Yarg\u0131tay Cumhuriyet Ba\u015fsavc\u0131l\u0131\u011f\u0131na m\u00fcracaat ederek, &#8220;T\u00fcrkiye&#8217;deki sayg\u0131n ve de\u011ferli hukuk\u00e7ular\u0131n belirtti\u011fi \u015fekilde, telafisi m\u00fcmk\u00fcn olmayacak zararlara meydan verilmemesi <\/p>\n","protected":false},"author":1,"featured_media":0,"comment_status":"open","ping_status":"open","sticky":false,"template":"","format":"standard","meta":{"footnotes":""},"categories":[105],"tags":[],"class_list":["post-48803","post","type-post","status-publish","format-standard","hentry","category-gundem","odd"],"_links":{"self":[{"href":"http:\/\/www.korhanyilmaz.com\/index.php?rest_route=\/wp\/v2\/posts\/48803","targetHints":{"allow":["GET"]}}],"collection":[{"href":"http:\/\/www.korhanyilmaz.com\/index.php?rest_route=\/wp\/v2\/posts"}],"about":[{"href":"http:\/\/www.korhanyilmaz.com\/index.php?rest_route=\/wp\/v2\/types\/post"}],"author":[{"embeddable":true,"href":"http:\/\/www.korhanyilmaz.com\/index.php?rest_route=\/wp\/v2\/users\/1"}],"replies":[{"embeddable":true,"href":"http:\/\/www.korhanyilmaz.com\/index.php?rest_route=%2Fwp%2Fv2%2Fcomments&post=48803"}],"version-history":[{"count":0,"href":"http:\/\/www.korhanyilmaz.com\/index.php?rest_route=\/wp\/v2\/posts\/48803\/revisions"}],"wp:attachment":[{"href":"http:\/\/www.korhanyilmaz.com\/index.php?rest_route=%2Fwp%2Fv2%2Fmedia&parent=48803"}],"wp:term":[{"taxonomy":"category","embeddable":true,"href":"http:\/\/www.korhanyilmaz.com\/index.php?rest_route=%2Fwp%2Fv2%2Fcategories&post=48803"},{"taxonomy":"post_tag","embeddable":true,"href":"http:\/\/www.korhanyilmaz.com\/index.php?rest_route=%2Fwp%2Fv2%2Ftags&post=48803"}],"curies":[{"name":"wp","href":"https:\/\/api.w.org\/{rel}","templated":true}]}}