{"id":48800,"date":"2012-02-13T21:21:51","date_gmt":"2012-02-13T19:21:51","guid":{"rendered":"http:\/\/www.korhanyilmaz.com\/?p=48800"},"modified":"2012-02-14T09:22:06","modified_gmt":"2012-02-14T07:22:06","slug":"gorevin-disina-ciktilar","status":"publish","type":"post","link":"http:\/\/www.korhanyilmaz.com\/?p=48800","title":{"rendered":"\u2018G\u00f6revin d\u0131\u015f\u0131na \u00e7\u0131kt\u0131lar\u2019"},"content":{"rendered":"<p style=\"text-align: center;\"><a href=\"http:\/\/www.korhanyilmaz.com\/wp-content\/uploads\/2012\/02\/9784.jpg\"  class=\"lightview\"><img loading=\"lazy\" decoding=\"async\" class=\"aligncenter  wp-image-48801\" src=\"http:\/\/www.korhanyilmaz.com\/wp-content\/uploads\/2012\/02\/9784.jpg\" alt=\"\" width=\"315\" height=\"220\" \/><\/a><\/p>\n<p style=\"text-align: justify;\">Soru\u015fturman\u0131n arkas\u0131nda durdu.<\/p>\n<p style=\"text-align: justify;\">\u0130stanbul \u00d6zel Yetkili Cumhuriyet Ba\u015fsavc\u0131 Vekili Fikret Se\u00e7en, d\u00fcn sabah soru\u015fturma savc\u0131lar\u0131 Bayraktar ve \u00d6zcan\u2019la bir s\u00fcre g\u00f6r\u00fc\u015ft\u00fc. Ard\u0131ndan da KCK soru\u015fturmas\u0131 kapsam\u0131nda M\u0130T\u2019\u00e7ilerin ifadeye \u00e7a\u011f\u0131r\u0131lmas\u0131yla ilgili yaz\u0131l\u0131 bir a\u00e7\u0131klama yapt\u0131. \u0130\u015fte Ba\u015fsavc\u0131 Vekili\u2019nin 6 maddelik a\u00e7\u0131klamas\u0131&#8230;\u00a0<!--more--><\/p>\n<p style=\"text-align: justify;\">M\u0130T\u2019\u00e7ilerin ifadeye \u00e7a\u011fr\u0131lmas\u0131n\u0131n ard\u0131ndan t\u0131rmanan krizle ilgili bir a\u00e7\u0131klama da \u0130stanbul \u00d6zel Yetkili Cumhuriyet Ba\u015fsavc\u0131 Vekili Fikret Se\u00e7en\u2019den geldi. Sabah saatlerinde ilk olarak soru\u015fturma savc\u0131s\u0131 Bilal Bayraktar ve Adem \u00d6zcan ile bir s\u00fcre g\u00f6r\u00fc\u015fen Se\u00e7en, ard\u0131ndan yapt\u0131\u011f\u0131 yaz\u0131l\u0131 a\u00e7\u0131klamada bir soru\u015fturma s\u0131ras\u0131nda baz\u0131 kamu g\u00f6revlilerinin ifadeye \u00e7a\u011f\u0131r\u0131lmalar\u0131 sonras\u0131nda bir k\u0131s\u0131m yaz\u0131l\u0131 ve g\u00f6rsel bas\u0131nda ger\u00e7ek d\u0131\u015f\u0131 haber ve yorumlara yer verilmesi nedeniyle kamuoyunu do\u011fru bilgilendirmek i\u00e7in a\u00e7\u0131klama yap\u0131lmas\u0131na ihtiya\u00e7 duyuldu\u011funu ifade etti. \u0130\u015fte 6 maddelik a\u00e7\u0131klama:<\/p>\n<p style=\"text-align: justify;\"><strong>Ter\u00f6r\u00fcn verdi\u011fi zararlar\u00a0<\/strong><\/p>\n<p style=\"text-align: justify;\">\u201c5271 say\u0131l\u0131 Ceza Muhakemesi Kanunu \u2019nun 250. maddesi uyar\u0131nca ter\u00f6r su\u00e7lar\u0131n\u0131 da soru\u015fturmakla g\u00f6revlendirilen Cumhuriyet Ba\u015fsavc\u0131 Vekilli\u011fimiz, uzun y\u0131llardan beri s\u00fcrmekte olan ter\u00f6r\u00fcn devletimize ve milletimize vermekte oldu\u011fu zararlar\u0131 \u00e7ok yak\u0131ndan bilmekte ve izlemektedir. Bu nedenle ter\u00f6rle m\u00fccadelenin hukuksal boyutunu di\u011fer kurumlarla birlikte Ba\u015fsavc\u0131 Vekilli\u011fi de aktif bir \u015fekilde y\u00fcr\u00fctmektedir. Bu \u00e7er\u00e7evede, Cumhuriyet Ba\u015fsavc\u0131 Vekilli\u011fimiz yasal zeminle ve yasalar\u0131n verdi\u011fi yetki \u00e7er\u00e7evesinde adli g\u00f6revini y\u00fcr\u00fct\u00fcrken elinde dosya ve soru\u015fturmadan elde edilen delillerle ba\u011fl\u0131 olup, yap\u0131lan her i\u015fleme kar\u015f\u0131 yasal yollara ba\u015fvurulabilece\u011fini ve ayr\u0131ca bunlar\u0131n yasalar \u00e7er\u00e7evesinde denetime tabi oldu\u011fu bilincinde olarak g\u00f6revini yapmaktad\u0131r.\u201d<\/p>\n<p style=\"text-align: justify;\"><strong>Yanl\u0131\u015f anlamlar y\u00fckleniyor\u00a0<\/strong><\/p>\n<p style=\"text-align: justify;\">\u201cCumhuriyet Ba\u015fsavc\u0131l\u0131\u011f\u0131 Vekilli\u011fimizce y\u00fcr\u00fct\u00fclmekte olan bir soru\u015fturmaya son g\u00fcnlerde yanl\u0131\u015f anlamlar y\u00fckletilmeye \u00e7al\u0131\u015f\u0131ld\u0131\u011f\u0131 g\u00f6r\u00fclmekte ve bu tutum \u00fcz\u00fcnt\u00fc ile kar\u015f\u0131lanmaktad\u0131r. S\u00f6z\u00fc edilen soru\u015fturma kapsam\u0131nda, yasama ve yarg\u0131 ile birlikte devletin 3 temel erkinden biri olan y\u00fcr\u00fctme organ\u0131 taraf\u0131ndan ter\u00f6r\u00fcn \u00f6nlenmesi, bitirilmesi, \u00fclkemizin her yerinde huzur ve g\u00fcvenin temin edilmesi amac\u0131yla y\u00fcr\u00fct\u00fclen iyi niyetli giri\u015fimlerin Cumhuriyet Ba\u015fsavc\u0131 Vekilli\u011fimizce soru\u015fturma konusu yap\u0131ld\u0131\u011f\u0131 iddias\u0131 ger\u00e7e\u011fi yans\u0131mamaktad\u0131r. Y\u00fcr\u00fctme organ\u0131 taraf\u0131ndan ter\u00f6r\u00fcn sona erdirilmesi amac\u0131yla belirlenen ve icra edilen tercih ve politikalar\u0131n soru\u015fturma konusu yap\u0131lmas\u0131 hi\u00e7bir \u015fekilde s\u00f6z konusu de\u011fildir. \u201d<\/p>\n<p style=\"text-align: justify;\"><strong>Deliller elde edilmi\u015ftir\u00a0<\/strong><\/p>\n<p style=\"text-align: justify;\">\u201cBu soru\u015fturma, Cumhuriyet Ba\u015fsavc\u0131 Vekilli\u011fimizce KCK ter\u00f6r \u00f6rg\u00fct\u00fcne y\u00f6nelik olarak yap\u0131lan bir soru\u015fturma s\u0131ras\u0131nda, baz\u0131 devlet g\u00f6revlilerinin kendilerine y\u00fcr\u00fctme organ\u0131 taraf\u0131ndan verilen g\u00f6revinin d\u0131\u015f\u0131na \u00e7\u0131karak hareket ettikleri, bu suretle \u00f6rg\u00fct\u00fcn eylemlerini ger\u00e7ekle\u015ftirilmesine yard\u0131m ettikleri \u015f\u00fcphesini do\u011furacak deliller elde edilmesi nedeniyle ba\u015flat\u0131lm\u0131\u015f olup sadece bu g\u00f6revlerin eylemlerine y\u00f6neliktir. \u201d<\/p>\n<p style=\"text-align: justify;\"><a href=\"http:\/\/haber.gazetevatan.com\/gorevin-disina-ciktilar\/430784\/1\/Gundem\" target=\"_blank\">Kaynak : VATAN Gazetesi<\/a><\/p>\n","protected":false},"excerpt":{"rendered":"<p style=\"text-align: center;\">\n<p style=\"text-align: justify;\">Soru\u015fturman\u0131n arkas\u0131nda durdu.<\/p>\n<p style=\"text-align: justify;\">\u0130stanbul \u00d6zel Yetkili Cumhuriyet Ba\u015fsavc\u0131 Vekili Fikret Se\u00e7en, d\u00fcn sabah soru\u015fturma savc\u0131lar\u0131 Bayraktar ve \u00d6zcan\u2019la bir s\u00fcre g\u00f6r\u00fc\u015ft\u00fc. Ard\u0131ndan da KCK soru\u015fturmas\u0131 kapsam\u0131nda M\u0130T\u2019\u00e7ilerin ifadeye \u00e7a\u011f\u0131r\u0131lmas\u0131yla ilgili yaz\u0131l\u0131 bir a\u00e7\u0131klama yapt\u0131. \u0130\u015fte Ba\u015fsavc\u0131 Vekili\u2019nin 6 maddelik a\u00e7\u0131klamas\u0131&#8230; <\/p>\n","protected":false},"author":1,"featured_media":0,"comment_status":"open","ping_status":"open","sticky":false,"template":"","format":"standard","meta":{"footnotes":""},"categories":[105],"tags":[],"class_list":["post-48800","post","type-post","status-publish","format-standard","hentry","category-gundem","odd"],"_links":{"self":[{"href":"http:\/\/www.korhanyilmaz.com\/index.php?rest_route=\/wp\/v2\/posts\/48800","targetHints":{"allow":["GET"]}}],"collection":[{"href":"http:\/\/www.korhanyilmaz.com\/index.php?rest_route=\/wp\/v2\/posts"}],"about":[{"href":"http:\/\/www.korhanyilmaz.com\/index.php?rest_route=\/wp\/v2\/types\/post"}],"author":[{"embeddable":true,"href":"http:\/\/www.korhanyilmaz.com\/index.php?rest_route=\/wp\/v2\/users\/1"}],"replies":[{"embeddable":true,"href":"http:\/\/www.korhanyilmaz.com\/index.php?rest_route=%2Fwp%2Fv2%2Fcomments&post=48800"}],"version-history":[{"count":0,"href":"http:\/\/www.korhanyilmaz.com\/index.php?rest_route=\/wp\/v2\/posts\/48800\/revisions"}],"wp:attachment":[{"href":"http:\/\/www.korhanyilmaz.com\/index.php?rest_route=%2Fwp%2Fv2%2Fmedia&parent=48800"}],"wp:term":[{"taxonomy":"category","embeddable":true,"href":"http:\/\/www.korhanyilmaz.com\/index.php?rest_route=%2Fwp%2Fv2%2Fcategories&post=48800"},{"taxonomy":"post_tag","embeddable":true,"href":"http:\/\/www.korhanyilmaz.com\/index.php?rest_route=%2Fwp%2Fv2%2Ftags&post=48800"}],"curies":[{"name":"wp","href":"https:\/\/api.w.org\/{rel}","templated":true}]}}