{"id":48797,"date":"2012-02-13T11:06:49","date_gmt":"2012-02-13T09:06:49","guid":{"rendered":"http:\/\/www.korhanyilmaz.com\/?p=48797"},"modified":"2012-02-14T09:16:49","modified_gmt":"2012-02-14T07:16:49","slug":"bu-ben-miyim","status":"publish","type":"post","link":"http:\/\/www.korhanyilmaz.com\/?p=48797","title":{"rendered":"&#8216;Bu ben miyim?&#8217;"},"content":{"rendered":"<p style=\"text-align: center;\"><a href=\"http:\/\/www.korhanyilmaz.com\/wp-content\/uploads\/2012\/02\/9783.jpg\"  class=\"lightview\"><img loading=\"lazy\" decoding=\"async\" class=\"aligncenter  wp-image-48798\" src=\"http:\/\/www.korhanyilmaz.com\/wp-content\/uploads\/2012\/02\/9783.jpg\" alt=\"\" width=\"420\" height=\"210\" \/><\/a><\/p>\n<p style=\"text-align: justify;\">T\u00fcrkiye\u2019de ilk y\u00fcz nakli yap\u0131lan ki\u015fi olan 19 ya\u015f\u0131ndaki U\u011fur Acar ameliyattan 23 g\u00fcn sonra aynada yeni y\u00fcz\u00fcyle tan\u0131\u015ft\u0131, \u201cBundan daha iyisi olamaz\u201d dedi<\/p>\n<p style=\"text-align: justify;\">U\u015fak\u2019ta tren \u00e7arpmas\u0131 sonucu beyin \u00f6l\u00fcm\u00fc ger\u00e7ekle\u015fen ve ailesi taraf\u0131ndan organlar\u0131 ba\u011f\u0131\u015flanan 39 ya\u015f\u0131ndaki Ahmet Kaya\u2019n\u0131n y\u00fcz\u00fcn\u00fcn nakledildi\u011fi U\u011fur Acar\u2019\u0131n yeni foto\u011fraf ve g\u00f6r\u00fcnt\u00fcleri yay\u0131nland\u0131. Ge\u00e7en 21 Ocak\u2019ta yap\u0131lan ameliyat\u0131n \u00fczerinden 23 g\u00fcn ge\u00e7tikten sonra da\u011f\u0131t\u0131lan foto\u011fraflarda Acar\u2019\u0131n y\u00fcz\u00fcndeki \u00f6demin inmi\u015f oldu\u011fu g\u00f6r\u00fcl\u00fcyor.<!--more--><\/p>\n<p style=\"text-align: justify;\">Sakallar\u0131 uzayan U\u011fur Acar\u2019\u0131n t\u0131ra\u015f s\u0131ras\u0131nda \u00e7ekilen foto\u011fraflar\u0131nda Acar\u2019\u0131n ayna ile ilk tan\u0131\u015fmas\u0131 da g\u00f6r\u00fcl\u00fcyor. Acar\u2019\u0131n ilk t\u0131ra\u015f\u0131n\u0131 operasyonun mimar\u0131 Prof. Dr. \u00d6mer \u00d6zkan\u2019\u0131n k\u00f6p\u00fck ve jiletle yapt\u0131\u011f\u0131 belirtildi. Taburcu olduktan sonra ilk olarak ameliyat haz\u0131rl\u0131\u011f\u0131 i\u00e7inde olan annesini ziyaret etmek istedi\u011fini belirten U\u011fur Acar, \u015funlar\u0131 s\u00f6yledi, \u201cDaha sonra ba\u011f\u0131\u015f\u00e7\u0131 Ahmet Kaya\u2019n\u0131n ailesini ziyaret etmek istiyorum. K\u00f6y\u00fcme gidece\u011fim. Nas\u0131l olursam olay\u0131m, bu hayatta ya\u015f\u0131yorum. \u015eimdi biraz farkl\u0131l\u0131\u011f\u0131m oldu. B\u00fct\u00fcn T\u00fcrk doktorlar\u0131na bu farkl\u0131l\u0131k i\u00e7in te\u015fekk\u00fcr ederim.\u201d<\/p>\n<p style=\"text-align: justify;\">\u00a0U\u011fur Acar\u2019\u0131n sa\u011fl\u0131k durumunun \u00e7ok iyi oldu\u011funu bildiren Prof. Dr. \u00d6mer \u00d6zkan, \u015funlar\u0131 s\u00f6yledi:<\/p>\n<p style=\"text-align: justify;\">\u201cU\u011fur ilk t\u0131ra\u015f\u0131n\u0131 oldu. U\u011fur gerek psikolojik, gerekse fiziksel anlamda \u00e7ok g\u00fc\u00e7l\u00fc bir gen\u00e7. Onun azimli ve bu denli g\u00fc\u00e7l\u00fc olmas\u0131 bizim de i\u015flerimizi kolayla\u015ft\u0131r\u0131yor. B\u00f6yle bir hastaya sahip oldu\u011fumuz i\u00e7in \u00e7ok \u015fansl\u0131y\u0131z. Doku reddi olmas\u0131n diye ila\u00e7lar\u0131m\u0131z\u0131 veriyoruz. Birinci aydan itibaren h\u0131zla ila\u00e7lar\u0131 azaltaca\u011f\u0131z. Asl\u0131nda \u015fu andan itibaren do\u011fal ya\u015fam\u0131na devam edebilir. Tedbir ama\u00e7l\u0131 bir s\u00fcre daha yak\u0131n kontrolde tutmak istiyoruz. G\u00fclme, a\u011flama gibi mimik hareketlerini yapabilmesi i\u00e7in ise alt\u0131 aya ihtiyac\u0131m\u0131z var. Hemen hemen b\u00fct\u00fcn mimik hareketlerini kullanmas\u0131n\u0131 bekliyoruz. Bu tabii U\u011fur\u2019un iyile\u015fme s\u00fcreci ve alaca\u011f\u0131 fizik tedavi ile ilgili. Bu ayn\u0131 zamanda ameliyat s\u0131ras\u0131nda ba\u011flad\u0131\u011f\u0131m\u0131z sinirlerin iyile\u015fmesi ile de ba\u011flant\u0131l\u0131, biz \u00e7ok \u00fcmitliyiz.\u201d<\/p>\n<p style=\"text-align: justify;\"><strong>20 g\u00fcn sonra taburcu\u00a0<\/strong><\/p>\n<p style=\"text-align: justify;\">Prof. Dr. \u00d6zkan ameliyat\u0131n birinci ay\u0131 dolunca U\u011fur Acar\u2019\u0131 bas\u0131n mensuplar\u0131n\u0131n kar\u015f\u0131s\u0131na \u00e7\u0131kararak T\u00fcrkiye\u2019nin ilk nakil y\u00fcz\u00fcn\u00fc kamuoyu ile tan\u0131\u015ft\u0131racaklar\u0131n\u0131 s\u00f6yledi. Prof.Dr. \u00d6zkan, \u201cHer \u015fey b\u00f6yle g\u00fczel devam ederse 45\u2019inci g\u00fcnde taburcu etmeyi d\u00fc\u015f\u00fcn\u00fcyoruz\u201d dedi.<\/p>\n<p style=\"text-align: justify;\"><strong>Kendini \u00e7ok be\u011fendi\u00a0<\/strong><\/p>\n<p style=\"text-align: justify;\">Aynaya bakt\u0131ktan sonra ilk kez yeni y\u00fcz\u00fcn\u00fc g\u00f6ren U\u011fur Acar, \u201cB\u00fct\u00fcn T\u00fcrk doktorlar\u0131na ba\u015far\u0131lar diliyorum. Bundan daha iyisi olamaz\u201d diyerek ba\u015f parma\u011f\u0131n\u0131 kald\u0131r\u0131p \u2019Tamam\u2019 i\u015fareti yapt\u0131.<\/p>\n<p style=\"text-align: justify;\">Prof.Dr. \u00d6mer \u00d6zkan, sinirlerinin 6 ay sonra hareket edece\u011fini s\u00f6yleyince U\u011fur Acar, \u201cBiz sinirlenmeyiz zaten\u201d diyerek yapt\u0131\u011f\u0131 espri ile herkesi g\u00fcld\u00fcrd\u00fc. U\u011fur Acar\u2019\u0131n karde\u015fi Ali Acar ise, \u201c23 g\u00fcnd\u00fcr ba\u015f\u0131ndayd\u0131m. Ba\u011f\u0131\u015f yapan aileye te\u015fekk\u00fcr ediyorum. Bundan sonra ben de organlar\u0131m\u0131 ba\u011f\u0131\u015flayaca\u011f\u0131m. Karde\u015fime bak\u0131yorum, benden de yak\u0131\u015f\u0131kl\u0131 oldu. Bundan sonra \u00e7\u0131kt\u0131\u011f\u0131m\u0131zda karde\u015fimle bir hamama gidece\u011fiz. Sonra bir kahvalt\u0131 yapmak istiyorum. Ameliyata girdi\u011fi zaman konu\u015fmuyordu, bana ne yapmak istediklerini yaz\u0131yordu\u201d dedi. Verici Ahmet Kaya\u2019n\u0131n Antalya\u2019da ya\u015fayan yengesi Fatma Kaya, \u201cHer \u015feyiyle ayn\u0131 Ahmet. \u015eu anda \u015foktay\u0131m, t\u00fcylerim diken oldu. Hi\u00e7bir \u015feyi tarif edemiyorum\u201d dedi.<\/p>\n<p style=\"text-align: justify;\"><strong>\u2018U\u011fur, ayn\u0131 babama benziyor\u2019\u00a0<\/strong><\/p>\n<p style=\"text-align: justify;\">Y\u00fcz, bacak ve 2 kolu ba\u011f\u0131\u015flanan Ahmet Kaya\u2019n\u0131n k\u0131z\u0131 Emine Kaya, y\u00fcz nakli yap\u0131lan U\u011fur Acar\u2019\u0131n foto\u011fraf\u0131 ve ilk sakal t\u0131ra\u015f\u0131 olu\u015f an\u0131na ili\u015fkin, \u201cU\u011fur Acar t\u0131pk\u0131 babam gibi olmu\u015f, iki foto\u011fraf\u0131 yan yana koydu\u011fumuzda ay\u0131rt etmek m\u00fcmk\u00fcn de\u011fil\u201d dedi. Babas\u0131 Ahmet Kaya\u2019n\u0131n foto\u011fraf\u0131n\u0131 g\u00f6stererek U\u011fur Acar\u2019\u0131n foto\u011fraf\u0131yla k\u0131yaslayan Emine Kaya, iki foto\u011fraf aras\u0131ndaki benzerlikleri anlatt\u0131: \u201cBug\u00fcn U\u011fur Acar\u2019\u0131n foto\u011fraf\u0131n\u0131 g\u00f6rd\u00fc\u011f\u00fcmde \u015fok oldum. G\u00f6zlerime inanamad\u0131m. Babama \u00e7ok benziyor. Babam\u0131n foto\u011fraf\u0131 ile U\u011fur Acar\u2019\u0131n foto\u011fraf\u0131n\u0131 yan yana koyunca ay\u0131rt etmek m\u00fcmk\u00fcn de\u011fil. Kendimi toplad\u0131ktan sora U\u011fur Acar\u2019\u0131 g\u00f6rmek isterim. Sanki babam \u00f6lmemi\u015f gibi. Burnu, g\u00f6zleri, her \u015feyi \u00e7ok benziyor\u201d Ahmet Kaya\u2019n\u0131n ablas\u0131 Fadime \u00c7il ise U\u011fur Acar\u2019\u0131n yeni y\u00fcz\u00fcn\u00fcn karde\u015fine \u00e7ok benzedi\u011fini belirterek, \u201cBug\u00fcn karar\u0131m\u0131z\u0131n ne kadar do\u011fru oldu\u011funu bir kez daha anlad\u0131m\u201d dedi.<\/p>\n<p style=\"text-align: justify;\"><strong>D\u00dcNYADA Y\u00dcZ NAKL\u0130N\u0130N 7 YILLIK TAR\u0130H\u0130&#8230;\u00a0<\/strong><\/p>\n<p style=\"text-align: justify;\">\u0130lk k\u0131smi nakil Fransa\u2019da, ilk tam y\u00fcz nakli ise \u0130spanya\u2019da yap\u0131ld\u0131!<\/p>\n<p style=\"text-align: justify;\">D\u00fcnyada ilk y\u00fcz nakli Fransa\u2019da Dr. Jean-Michel Dubernard taraf\u0131ndan \u0130sabelle Dinoire isimli bir hastaya yap\u0131ld\u0131. Labrador cinsi bir k\u00f6pe\u011fin sald\u0131r\u0131s\u0131 sonucu y\u00fcz\u00fc par\u00e7alanan kad\u0131na kadavradan al\u0131nan deri ve doku par\u00e7alar\u0131yla ve k\u0131smi olarak yap\u0131lan y\u00fcz nakli 27 Kas\u0131m 2005 y\u0131l\u0131nda ger\u00e7ekle\u015fti. Bu ameliyatla birlikte korkun\u00e7 kazalar ge\u00e7iren ve y\u00fczleri tan\u0131nmayacak hale gelen bir\u00e7ok hasta y\u00fcz nakli umuduyla ya\u015fama ba\u011fland\u0131.<\/p>\n<p style=\"text-align: justify;\"><strong>\u0130spanya\u2019daki ilk nakil 2010\u2019da\u00a0<\/strong><\/p>\n<p style=\"text-align: justify;\">D\u00fcnyada ilk tam y\u00fcz nakli ise \u0130spanya\u2019da ger\u00e7ekle\u015ftirildi. Deri ve sinirlerde doku bozukluklar\u0131na yol a\u00e7an \u201cneurofibromatosis\u201d adl\u0131 hastal\u0131\u011fa yakalanan Rafael\u2019e d\u00fcnyada ilk kez tam y\u00fcz nakli yap\u0131ld\u0131. Barcelona\u2019 daki Vall d\u2019 Hebron Hastanesi, 5 y\u0131ld\u0131r deforme olmu\u015f y\u00fcz\u00fcyle ya\u015fayan, ad\u0131 a\u00e7\u0131klanmayan gence 2010 Mart ay\u0131nda nakil yapt\u0131 ve bu ameliyat\u0131n d\u00fcnyadaki ilk tam y\u00fcz nakli oldu\u011funu a\u00e7\u0131klad\u0131. Dr. Joan Pere Barret ba\u015fkanl\u0131\u011f\u0131ndaki 30 ki\u015filik ekip 24 saat s\u00fcren bir operasyonla ilk tam y\u00fcz naklini ger\u00e7ekle\u015ftirdiklerini a\u00e7\u0131klad\u0131. Daha \u00f6nce yap\u0131lan 11 y\u00fcz naklinin ise k\u0131smi nakil oldu\u011fu a\u00e7\u0131kland\u0131. \u0130spanya\u2019daki ameliyat t\u0131p tarihine ilk tam y\u00fcz nakli olarak ge\u00e7ti. Bir s\u00fcre sonra 8 Temmuz 2010\u2019da da Frans\u0131z medyas\u0131 g\u00f6z kapaklar\u0131 da dahil olmak \u00fczere Creteil Henri-Mondor Hastanesi\u2019nde tam y\u00fcz nakli ameliyat\u0131n\u0131 ger\u00e7ekle\u015ftirdiklerini yazd\u0131.<\/p>\n<p style=\"text-align: justify;\"><strong>Hindistan\u2019da y\u00fcz yenilendi\u00a0<\/strong><\/p>\n<p style=\"text-align: justify;\">D\u00fcnyan\u0131n ilk tam y\u00fcz yenileme operasyonu ise Hindistan\u2019da ger\u00e7ekle\u015ftirildi. \u00d6rg\u00fcl\u00fc olan sa\u00e7lar\u0131n\u0131 \u00e7im bi\u00e7me makinesine kapt\u0131ran Sandeep Kaur isimli \u00e7ocu\u011fun y\u00fcz\u00fc, annesi taraf\u0131ndan hastaneye iki par\u00e7a halinde ve bir plastik po\u015fet i\u00e7inde getirildi. Uzun s\u00fcren bir operasyonun ard\u0131ndan Kaur\u2019un y\u00fcz\u00fc, kendi h\u00fccreleriyle yenilendi.<\/p>\n<p style=\"text-align: justify;\"><strong>\u201cNe kadar yak\u0131\u015f\u0131kl\u0131s\u0131n baba\u201d\u00a0<\/strong><\/p>\n<p style=\"text-align: justify;\">D\u00fcnya bas\u0131n\u0131n\u0131 en \u00e7ok me\u015fgul eden tam y\u00fcz nakli ameliyat\u0131 ise ABD\u2019de yap\u0131ld\u0131. Boston\u2019daki ameliyatta Dallas Wiens isimli g\u00f6zleri, burnu, dudaklar\u0131 yok olan erkek hastaya kadavradan al\u0131nan dokularla tam y\u00fcz nakli yap\u0131ld\u0131. Koku alma duyusunu yitiren ve konu\u015famayan Wiens, yeniden konu\u015fmaya ve burnunu kullanmaya ba\u015flad\u0131. Wiens\u2019in k\u00fc\u00e7\u00fck k\u0131z\u0131n\u0131n ameliyat\u0131n ard\u0131ndan \u201cNe kadar yak\u0131\u015f\u0131kl\u0131s\u0131n baba\u201d demesi de Wiens\u2019i \u00e7ok memnun etti.<\/p>\n<p style=\"text-align: justify;\"><a href=\"http:\/\/haber.gazetevatan.com\/bu-ben-miyim\/430600\/1\/Gundem\" target=\"_blank\">Kaynak : VATAN Gazetesi<\/a><\/p>\n","protected":false},"excerpt":{"rendered":"<p style=\"text-align: center;\">\n<p style=\"text-align: justify;\">T\u00fcrkiye\u2019de ilk y\u00fcz nakli yap\u0131lan ki\u015fi olan 19 ya\u015f\u0131ndaki U\u011fur Acar ameliyattan 23 g\u00fcn sonra aynada yeni y\u00fcz\u00fcyle tan\u0131\u015ft\u0131, \u201cBundan daha iyisi olamaz\u201d dedi<\/p>\n<p style=\"text-align: justify;\">U\u015fak\u2019ta tren \u00e7arpmas\u0131 sonucu beyin \u00f6l\u00fcm\u00fc ger\u00e7ekle\u015fen ve ailesi taraf\u0131ndan organlar\u0131 ba\u011f\u0131\u015flanan 39 ya\u015f\u0131ndaki Ahmet Kaya\u2019n\u0131n y\u00fcz\u00fcn\u00fcn nakledildi\u011fi U\u011fur Acar\u2019\u0131n yeni foto\u011fraf ve g\u00f6r\u00fcnt\u00fcleri <\/p>\n","protected":false},"author":1,"featured_media":0,"comment_status":"open","ping_status":"open","sticky":false,"template":"","format":"standard","meta":{"footnotes":""},"categories":[105],"tags":[],"class_list":["post-48797","post","type-post","status-publish","format-standard","hentry","category-gundem","odd"],"_links":{"self":[{"href":"http:\/\/www.korhanyilmaz.com\/index.php?rest_route=\/wp\/v2\/posts\/48797","targetHints":{"allow":["GET"]}}],"collection":[{"href":"http:\/\/www.korhanyilmaz.com\/index.php?rest_route=\/wp\/v2\/posts"}],"about":[{"href":"http:\/\/www.korhanyilmaz.com\/index.php?rest_route=\/wp\/v2\/types\/post"}],"author":[{"embeddable":true,"href":"http:\/\/www.korhanyilmaz.com\/index.php?rest_route=\/wp\/v2\/users\/1"}],"replies":[{"embeddable":true,"href":"http:\/\/www.korhanyilmaz.com\/index.php?rest_route=%2Fwp%2Fv2%2Fcomments&post=48797"}],"version-history":[{"count":0,"href":"http:\/\/www.korhanyilmaz.com\/index.php?rest_route=\/wp\/v2\/posts\/48797\/revisions"}],"wp:attachment":[{"href":"http:\/\/www.korhanyilmaz.com\/index.php?rest_route=%2Fwp%2Fv2%2Fmedia&parent=48797"}],"wp:term":[{"taxonomy":"category","embeddable":true,"href":"http:\/\/www.korhanyilmaz.com\/index.php?rest_route=%2Fwp%2Fv2%2Fcategories&post=48797"},{"taxonomy":"post_tag","embeddable":true,"href":"http:\/\/www.korhanyilmaz.com\/index.php?rest_route=%2Fwp%2Fv2%2Ftags&post=48797"}],"curies":[{"name":"wp","href":"https:\/\/api.w.org\/{rel}","templated":true}]}}