{"id":48792,"date":"2012-02-13T13:38:56","date_gmt":"2012-02-13T11:38:56","guid":{"rendered":"http:\/\/www.korhanyilmaz.com\/?p=48792"},"modified":"2012-02-13T23:44:09","modified_gmt":"2012-02-13T21:44:09","slug":"basbakanin-istedigi-yetki-pargali-da-bile-yok","status":"publish","type":"post","link":"http:\/\/www.korhanyilmaz.com\/?p=48792","title":{"rendered":"Ba\u015fbakan&#8217;\u0131n istedi\u011fi yetki Pargal\u0131 da bile yok&#8217;"},"content":{"rendered":"<p style=\"text-align: center;\"><a href=\"http:\/\/www.korhanyilmaz.com\/wp-content\/uploads\/2012\/02\/9780.jpg\"  class=\"lightview\"><img loading=\"lazy\" decoding=\"async\" class=\"aligncenter  wp-image-48793\" src=\"http:\/\/www.korhanyilmaz.com\/wp-content\/uploads\/2012\/02\/9780.jpg\" alt=\"\" width=\"308\" height=\"206\" \/><\/a><\/p>\n<p style=\"text-align: justify;\">CHP Grup Ba\u015fkanvekili Muharrem \u0130nce, M\u0130T Kanunu&#8217;nda de\u011fi\u015fiklik \u00f6ng\u00f6ren teklifi ele\u015ftirerek, &#8220;Ba\u015fbakan kendi gladyosunu olu\u015fturuyor&#8221; dedi.<\/p>\n<p style=\"text-align: justify;\">\u00d6zel yetkili mahkemelerin \u00f6tesinde \u00f6zel yetkili ki\u015filerin olu\u015fturuldu\u011funu ifaden \u0130nce, \u201cBa\u015fbakan\u2019\u0131n kurdu\u011fu kendi derin devletini koruma alt\u0131na alma giri\u015fimleridir bu, yani Ba\u015fbakan kendi gladyosunu olu\u015fturuyor.<!--more--><\/p>\n<p style=\"text-align: justify;\"><a href=\"http:\/\/www.korhanyilmaz.com\/wp-content\/uploads\/2012\/02\/9781.jpg\"  class=\"lightview\"><img loading=\"lazy\" decoding=\"async\" class=\"alignleft  wp-image-48794\" style=\"margin-left: 10px; margin-right: 10px;\" src=\"http:\/\/www.korhanyilmaz.com\/wp-content\/uploads\/2012\/02\/9781.jpg\" alt=\"\" width=\"287\" height=\"144\" \/><\/a>Buradan yeni \u2018Ye\u015fil\u2019ler \u00e7\u0131kar, buradan yeni faili me\u00e7huller \u00e7\u0131kar, buradan yeni Aktosunlar \u00e7\u0131kar\u201d dedi. Teklifin AKP Isparta Milletvekili Recep \u00d6zel taraf\u0131ndan verilmesine de \u0130nce, \u201c\u00d6zel ki\u015filere verilen yetki soyad\u0131 \u00d6zel olan birisi ve herhalde milletvekilli\u011fi sona erdikten sonra Recep \u00d6zel\u2019in de \u00f6zel giri\u015fimleri de devam edecektir diye d\u00fc\u015f\u00fcn\u00fcyorum. Ge\u00e7en d\u00f6nem bu t\u00fcr i\u015fleri Veysi Kaynak\u2019a yapt\u0131r\u0131yorlard\u0131, bir kaynak bulmu\u015flard\u0131. Veysi Kaynak bu d\u00f6nem yok. H\u00fck\u00fcmetin bu t\u00fcr hukuka uymayan i\u015flerini de herhalde bu d\u00f6nem Recep \u00d6zel\u2019e yapt\u0131racaklar\u201d dedi.<\/p>\n<p style=\"text-align: justify;\"><strong>\u201cK\u0130M BU \u00d6ZEL G\u00d6REVL\u0130LER\u201d<\/strong><\/p>\n<p style=\"text-align: justify;\">\u201cKim bu \u00f6zel g\u00f6revliler?\u201d diye soran \u0130nce, \u201cAKP il ba\u015fkanlar\u0131 buna dahil mi, Yasin El Kad\u0131 buna dahil mi, Zahid Akman \u00f6zel g\u00f6revli olacak m\u0131? Remzi G\u00fcr \u00f6zel g\u00f6revli olacak m\u0131\u201d diye sordu. \u201cYeni ki\u015filere, Ba\u015fbakan\u2019\u0131n adamlar\u0131na dokunulmazl\u0131k getiriliyor burada\u201d diyen \u0130nce, \u201cKim bu \u00f6zel g\u00f6revliler? Diyelim ki \u0130stanbul B\u00fcy\u00fck\u015fehir Belediyesinde bir yolsuzluk iddias\u0131 var, Ba\u015fbakan derse bu ki\u015fi ben g\u00f6revlendirdim, benim \u00f6zel g\u00f6revlim derse yolsuzluklar\u0131 da m\u0131 buradan koruyacaklar? Bu giri\u015fim kayna\u011f\u0131n\u0131 Anayasa\u2019dan almayan bir dokunulmazl\u0131k da\u011f\u0131tmakt\u0131r\u201d dedi.<\/p>\n<p style=\"text-align: justify;\"><strong>\u201cPARGALI\u2019NIN B\u0130LE B\u00d6YLE YETK\u0130S\u0130 YOK\u201d<\/strong><\/p>\n<p style=\"text-align: justify;\">Muhte\u015fem Y\u00fczy\u0131l dizisindeki Pargal\u0131\u2019y\u0131 hat\u0131rlatan \u0130nce, \u201cAkl\u0131ma \u015fu geliyor. Galiba Say\u0131n Ba\u015fbakan Muhte\u015fem Y\u00fczy\u0131l dizisini izliyor. Pargal\u0131\u2019n\u0131n bile b\u00f6yle yetkisi yoktu, Pargal\u0131\u2019n\u0131n yetkisi bu kadar geni\u015f de\u011fildi. Bu kanun teklifinin y\u00fcr\u00fct\u00fclen bir soru\u015fturma ilgili oldu\u011fu a\u00e7\u0131k. Bu da a\u00e7\u0131k\u00e7a yarg\u0131ya m\u00fcdahaledir\u201d dedi. Meclis Ba\u015fkan\u0131\u2019n\u0131n y\u00fcr\u00fcmekte olan bir davayla ilgili gensoruyu i\u015fleme almad\u0131\u011f\u0131n\u0131 kaydeden \u0130nce, \u201cNeden Meclis Ba\u015fkan\u0131 alelacele, incelemeden bunu i\u015fleme alm\u0131\u015ft\u0131r. Bu da \u0130\u00e7\u00fct\u00fcz\u00fck tart\u0131\u015fmalar\u0131nda Say\u0131n Meclis Ba\u015fkan\u0131na yapt\u0131\u011f\u0131m\u0131z ele\u015ftirinin, AKP\u2019nin grup ba\u015fkanvekili gibi davrand\u0131\u011f\u0131n\u0131n bir ba\u015fka g\u00f6stergesidir\u201d dedi.<\/p>\n<p style=\"text-align: justify;\">Teklifin ertelenmesini \u00f6neren \u0130nce, \u201cD\u00fcnyada bu yetkiler Kaddafi\u2019de vard\u0131, Saddam\u2019da vard\u0131, M\u00fcbarek\u2019de vard\u0131, hepsinin sonunu g\u00f6rd\u00fck. Dile\u011fimiz \u015fudur Say\u0131n Ba\u015fbakan sa\u011fl\u0131\u011f\u0131na kavu\u015fur kavu\u015fmaz Meclis\u2019e gelip bilgi vermelidir, burada yeni bir Dolmabah\u00e7e olmamal\u0131d\u0131r. Ana muhalefet partisi olarak ger\u00e7ekleri \u00f6\u011frenmek hakk\u0131m\u0131zd\u0131r. \u0130lla bu ger\u00e7ekleri \u00f6\u011frenmek i\u00e7in WikiLeaks belgelerini beklemeyelim diyorum\u201d diye konu\u015ftu.<\/p>\n<p style=\"text-align: justify;\"><strong>\u201cF\u0130DAN\u2019A VER\u0130LEN G\u00d6REV NEYD\u0130?\u201d<\/strong><\/p>\n<p style=\"text-align: justify;\">CHP Grup Ba\u015fkanvekili Emine \u00dclker Tarhan da, Ba\u015fbakan\u2019a, \u201cFidan\u2019a verilen g\u00f6rev neydi ve Ba\u015fbakan\u2019\u0131n konusu su\u00e7 te\u015fkil eden bir g\u00f6rev vermeye yetkisi var m\u0131? Ve bu soru\u015fturmaya izin verecek mi? Bunu s\u00f6ylesin, Anayasa\u2019n\u0131n 137. maddesine g\u00f6re memur hukuka ayk\u0131r\u0131, kanunsuz emirleri yerine getirmek zorunda de\u011fildir\u201d dedi. \u201cPeki birilerinin J\u0130TEM\u2019i k\u00f6t\u00fcyd\u00fc bu \u00fclkede, peki Ba\u015fbakan\u2019\u0131n gladyosu iyi midir\u201d sorusunu y\u00f6nelten Tarhan, \u201cHer kozmik odaya girmeye merakl\u0131 olan Ba\u015fbakan kendi kozmik odas\u0131n\u0131 neden yarg\u0131dan ka\u00e7\u0131rmay\u0131 tercih etmi\u015ftir.Bu yasa dokunulmazl\u0131klara dokunulmazl\u0131k ekleyecektir. Yabanc\u0131 uzmanlardan tutun, sokaktaki bir tetik\u00e7iye kadar herkes bu koruma kalkan\u0131 i\u00e7indedir e\u011fer bu yasa \u00e7\u0131karsa\u201d dedi. \u201cSu\u00e7u \u00f6rtbas etmekle ki\u015fiye \u00f6zel bir yasa \u00e7\u0131karmakla yetinmiyor Ba\u015fbakan, kendisini koruma alt\u0131na al\u0131yor bu yasayla. Bu yolla Ba\u015fbakan kendisinin yarg\u0131lanma iznini bizzat kendisi veriyor\u201d \u015feklinde konu\u015fan Tarhan, \u015f\u00f6yle devam etti:<\/p>\n<p style=\"text-align: justify;\">\u201cBa\u015fbakan\u2019\u0131n m\u00fcttefikleriyle bug\u00fcn iktidar m\u00fccadelesine giri\u015fti\u011fi s\u00f6yleniyor. G\u00fcn geldi onun sayesinde bug\u00fcn T\u00fcrkiye Cumhuriyeti Devleti \u00e7etelerin bir payla\u015f\u0131m sava\u015f\u0131n\u0131n bir arenas\u0131 haline geldi.\u201d<\/p>\n<p style=\"text-align: justify;\"><strong>&#8220;HOKUS POKUS&#8221; BENZETMES\u0130<\/strong><\/p>\n<p style=\"text-align: justify;\">Tarhan, Ba\u015fbakan Erdo\u011fan\u2019\u0131 \u015fu s\u00f6zlerle uyard\u0131:<\/p>\n<p style=\"text-align: justify;\">\u201cBuradan iktidar\u0131 ve Ba\u015fbakan\u2019\u0131 uyar\u0131yorum. Mahkeme kad\u0131ya m\u00fclk olmam\u0131\u015ft\u0131r. Ve her \u015feyin hesab\u0131 bir g\u00fcn sorulur. Ba\u015fbakan ger\u00e7ekleri bu yasa ile maskeleyemez, bu tarihsel sorumlulu\u011funun ger\u00e7ek nedenlerini bu skandal yasa ile bu hokus pokusla yok edemez. Her \u015fey ortada. Yapt\u0131\u011f\u0131n\u0131z kendi cehenneminizden ka\u00e7mak i\u00e7in korkudan yan yollara sapmakt\u0131r. Ama ka\u00e7acak yeriniz kalmad\u0131 Ba\u015fbakan.\u201d<\/p>\n<p style=\"text-align: justify;\">Bir bas\u0131n mensubunun, \u201cS\u00f6z konusu teklif ge\u00e7erse Anayasa Mahkemesi\u2019ne gidecek misiniz\u201d sorusuna Tarhan, \u201cBu yasan\u0131n \u00e7\u0131kmamas\u0131 i\u00e7in hukuk zemininde yap\u0131lmas\u0131 gereken her \u015feyi yapaca\u011f\u0131z. \u00c7\u00fcnk\u00fc ki\u015fiye \u00f6zeldir, g\u00f6r\u00fclmekte olan bir davaya a\u00e7\u0131k m\u00fcdahaledir ve su\u00e7 i\u015flemeye te\u015fvik niteli\u011findedir, Anayasayada ayk\u0131r\u0131d\u0131r&#8221; yan\u0131t\u0131n\u0131 verdi.<\/p>\n<p style=\"text-align: justify;\"><strong>ADALET BAKANI\u2019NIN \u00d6NER\u0130S\u0130<\/strong><\/p>\n<p style=\"text-align: justify;\">Tarhan, bir bas\u0131n mensubunun, \u201cAdalet Bakan\u0131\u2019n\u0131n bas\u0131na yans\u0131yan CMK\u2019da yap\u0131lmas\u0131 d\u00fc\u015f\u00fcnd\u00fc\u011f\u00fc de\u011fi\u015fiklik var, ne diyorsunuz\u201d sorusuna ise \u015fu yan\u0131t\u0131 verdi:<\/p>\n<p style=\"text-align: justify;\">&#8220;250. maddenin son f\u0131kras\u0131na i\u015faret etti\u011fini d\u00fc\u015f\u00fcn\u00fcyorum. Orada yap\u0131lacak basit bir de\u011fi\u015fiklikle \u00e7\u00f6z\u00fclecek bir sorun de\u011fildir bu. \u00d6zel yetkili mahkemelerin kald\u0131r\u0131lmas\u0131 belki sorunun k\u0131smi olarak \u00e7\u00f6z\u00fcm\u00fc konusunda bir umut verebilir. Bu dokunulmazl\u0131klara dokunulmazl\u0131k eklemektir. Bu \u00fclkede daha fazla dokunulmaz insana ihtiya\u00e7 oldu\u011funu d\u00fc\u015f\u00fcnm\u00fcyorum.\u201d<\/p>\n<p style=\"text-align: justify;\"><a href=\"http:\/\/www.radikal.com.tr\/Radikal.aspx?aType=RadikalDetayV3&amp;ArticleID=1078612&amp;CategoryID=78\" target=\"_blank\">Kaynak : Radikal.com.tr<\/a><\/p>\n","protected":false},"excerpt":{"rendered":"<p style=\"text-align: center;\">\n<p style=\"text-align: justify;\">CHP Grup Ba\u015fkanvekili Muharrem \u0130nce, M\u0130T Kanunu&#8217;nda de\u011fi\u015fiklik \u00f6ng\u00f6ren teklifi ele\u015ftirerek, &#8220;Ba\u015fbakan kendi gladyosunu olu\u015fturuyor&#8221; dedi.<\/p>\n<p style=\"text-align: justify;\">\u00d6zel yetkili mahkemelerin \u00f6tesinde \u00f6zel yetkili ki\u015filerin olu\u015fturuldu\u011funu ifaden \u0130nce, \u201cBa\u015fbakan\u2019\u0131n kurdu\u011fu kendi derin devletini koruma alt\u0131na alma giri\u015fimleridir bu, yani Ba\u015fbakan kendi gladyosunu olu\u015fturuyor.<\/p>\n","protected":false},"author":1,"featured_media":0,"comment_status":"open","ping_status":"open","sticky":false,"template":"","format":"standard","meta":{"footnotes":""},"categories":[105],"tags":[],"class_list":["post-48792","post","type-post","status-publish","format-standard","hentry","category-gundem","odd"],"_links":{"self":[{"href":"http:\/\/www.korhanyilmaz.com\/index.php?rest_route=\/wp\/v2\/posts\/48792","targetHints":{"allow":["GET"]}}],"collection":[{"href":"http:\/\/www.korhanyilmaz.com\/index.php?rest_route=\/wp\/v2\/posts"}],"about":[{"href":"http:\/\/www.korhanyilmaz.com\/index.php?rest_route=\/wp\/v2\/types\/post"}],"author":[{"embeddable":true,"href":"http:\/\/www.korhanyilmaz.com\/index.php?rest_route=\/wp\/v2\/users\/1"}],"replies":[{"embeddable":true,"href":"http:\/\/www.korhanyilmaz.com\/index.php?rest_route=%2Fwp%2Fv2%2Fcomments&post=48792"}],"version-history":[{"count":0,"href":"http:\/\/www.korhanyilmaz.com\/index.php?rest_route=\/wp\/v2\/posts\/48792\/revisions"}],"wp:attachment":[{"href":"http:\/\/www.korhanyilmaz.com\/index.php?rest_route=%2Fwp%2Fv2%2Fmedia&parent=48792"}],"wp:term":[{"taxonomy":"category","embeddable":true,"href":"http:\/\/www.korhanyilmaz.com\/index.php?rest_route=%2Fwp%2Fv2%2Fcategories&post=48792"},{"taxonomy":"post_tag","embeddable":true,"href":"http:\/\/www.korhanyilmaz.com\/index.php?rest_route=%2Fwp%2Fv2%2Ftags&post=48792"}],"curies":[{"name":"wp","href":"https:\/\/api.w.org\/{rel}","templated":true}]}}