{"id":4879,"date":"2009-03-12T12:32:15","date_gmt":"2009-03-12T10:32:15","guid":{"rendered":"http:\/\/www.korhanyilmaz.com\/?p=4879"},"modified":"2009-03-12T12:32:15","modified_gmt":"2009-03-12T10:32:15","slug":"balbay-icin-dev-bulusma-video","status":"publish","type":"post","link":"http:\/\/www.korhanyilmaz.com\/?p=4879","title":{"rendered":"Balbay i\u00e7in dev bulu\u015fma"},"content":{"rendered":"<p style=\"text-align: center;\"><img loading=\"lazy\" decoding=\"async\" class=\"aligncenter size-full wp-image-4880\" title=\"Balbay i\u00e7in dev bulu\u015fma \" src=\"http:\/\/www.korhanyilmaz.com\/wp-content\/uploads\/2009\/03\/120320091235522797096.jpg\" alt=\"Balbay i\u00e7in dev bulu\u015fma \" width=\"376\" height=\"240\" \/><\/p>\n<p><a href=\"http:\/\/www.korhanyilmaz.com\/swf\/flvplayer.swf?file=http:\/\/video.gazetevatan.com\/video\/file\/120320091243034491686.flv \" class='lightview'  title=':: :: width: 500, height: 395'  rel='set[balbay]' ><img loading=\"lazy\" decoding=\"async\" class=\"aligncenter\" src=\"wp-data\/images\/video_izle_tikla.png\" alt=\"Bas\u0131n tarihinde bir ilk..10 gazeteden 50'den fazla gazeteci Cumhuriyet Gazetesi'nde d\u00fczenlenen etkinlikte Balbay'a destek verdi.\" width=\"32\" height=\"32\" \/ class=\"lightview\"><\/a><\/p>\n<p style=\"text-align: justify;\"><strong>Bas\u0131n tarihinde bir ilk..10 gazeteden 50&#8217;den fazla gazeteci Cumhuriyet Gazetesi&#8217;nde d\u00fczenlenen etkinlikte Balbay&#8217;a destek verdi<\/strong><\/p>\n<p style=\"text-align: justify;\">Cumhuriyet Gazetesi Ankara temsilcisi ve k\u00f6\u015fe yazar\u0131 Mustafa Balbay&#8217;\u0131n Ergenekon soru\u015fturmas\u0131 kapsam\u0131nda tutuklanarak cezaevine konulmas\u0131na tepki g\u00f6steren gazeteciler bir araya geldi.Bas\u0131n tarihinde bir ilk olan bu etkinlik Medya Mahallesi arac\u0131l\u0131\u011f\u0131yla canl\u0131 yay\u0131nda CNNT\u00fcrk ekranlar\u0131na ta\u015f\u0131nd\u0131.<\/p>\n<p style=\"text-align: justify;\">10 gazeteden 50&#8217;den fazla gazeteci Cumhuriyet Gazetesi&#8217;nde d\u00fczenlenen etkinlikte Balbay&#8217;\u0131n kitaplar\u0131n\u0131 imzalayacak. Etkinli\u011fin Balbay&#8217;\u0131n tutuklanmas\u0131n\u0131n ard\u0131ndan g\u00fcndeme geldi\u011fini s\u00f6yleyen gazeteci Deniz Som ama\u00e7lar\u0131n\u0131 &#8216;Hem gazete, hem kitap okurlar\u0131n\u0131 Balbay&#8217;dan yoksun b\u0131rakmamak, t\u00fcm d\u00fcnyaya arkada\u015f\u0131m\u0131z\u0131n yaln\u0131z olmad\u0131\u011f\u0131n\u0131 g\u00f6stermek&#8217; s\u00f6zleriyle a\u00e7\u0131klad\u0131. <!--more--><br \/>\nSaat 15.00&#8217;e kadar s\u00fcrecek etkinlikte Ertu\u011frul \u00d6zk\u00f6k, Do\u011fan H\u0131zlan, Tufan T\u00fcren\u00e7, Ahmet Hakan, Mehmet Barlas, Erdal \u015eafak, Tuncay Olcayto ve Nail G\u00fcreli gibi gazeteciler Balbay&#8217;\u0131n kitaplar\u0131n\u0131 imzalayacak.<\/p>\n<p style=\"text-align: justify;\">Etkinli\u011fe kat\u0131lan okurlar ve gazeteciler &#8216;Neden orada olduklar\u0131n\u0131&#8217; Medya Mahallesi&#8217;nden Ay\u015fenur Arslan&#8217;a anlatt\u0131&#8230;<\/p>\n<p style=\"text-align: justify;\"><strong>OKTAY EK\u015e\u0130<\/strong><\/p>\n<p style=\"text-align: justify;\">Etkinli\u011fi d\u00fczenleye te\u015fekk\u00fcr etmek istiyorum. \u0130fade \u00f6zg\u00fcrl\u00fc\u011f\u00fcne yak\u0131\u015fan bara\u015f\u0131l\u0131 bir model bulmu\u015flar. Balbay&#8217;\u0131 desteklemek, ifade \u00f6zg\u00fcrl\u00fc\u011f\u00fcn\u00fc desteklemek i\u00e7in buraday\u0131z. Bas\u0131n\u0131n kendisini \u00f6zg\u00fcr k\u0131lmas\u0131n\u0131n \u00e7ok temel bir kural\u0131 var, sabahtan ak\u015fama kadar vermemiz gereken bir m\u00fccadele tipinin ertesi sabaha ta\u015f\u0131nmas\u0131d\u0131r bu kural. G\u00fc\u00e7 odaklar\u0131 \u00f6zg\u00fcrl\u00fc\u011f\u00fc sevmezler, \u00f6zg\u00fcr bas\u0131ndan hi\u00e7 hazzetmezler. \u00d6zg\u00fcrl\u00fck m\u00fccadelesi veren gazetecileri cezaland\u0131rmak i\u00e7in her \u015feyi yaparlar. Buna kar\u015f\u0131l\u0131k bizim de borcumuz \u00f6zg\u00fcrl\u00fc\u011f\u00fcn yan\u0131nda bulunmak, el ele vermek, y\u0131lmayaca\u011f\u0131m\u0131z g\u00f6stermektir. Balbay bunun i\u00e7in somut bir \u00f6rnektir. Mustafa&#8217;ya daha \u00f6zg\u00fcr, tekrar yazd\u0131\u011f\u0131n\u0131 g\u00f6rme dile\u011fini iletmek i\u00e7in de buraday\u0131z.<\/p>\n<p style=\"text-align: justify;\"><strong>DERYA SAZAK\/M\u0130LL\u0130YET<\/strong><\/p>\n<p style=\"text-align: justify;\">\u00c7ok \u00f6nemli bir meslek dayan\u0131\u015fmas\u0131. Bizim ku\u015fa\u011f\u0131n \u00f6nemli isimlerinden birisi Mustafa Balbay. Ergenekon soru\u015fturmas\u0131 pek \u00e7ok tart\u0131\u015fmalar yaratan bir dava. Son tutuklama olay\u0131nda \u00f6zellikle polis taraf\u0131ndan uzun s\u00fcre g\u00f6zalt\u0131nda tutulmas\u0131, hi\u00e7 arama verilmeden mahkemeye \u00e7\u0131kar\u0131lmas\u0131 hukuk \u00f6l\u00e7\u00fclerine g\u00f6re a\u011f\u0131r bir yapt\u0131r\u0131m. Hakk\u0131ndaki iddialar\u0131 mahkemede yan\u0131tlayacakt\u0131r elbette ama bir gazetecinin bu t\u00fcr bir eylemle, darbeye te\u015febb\u00fcsle su\u00e7lanmas\u0131 \u00f6nemli, kayg\u0131 verici. Biz meslekta\u015flar\u0131 bug\u00fcn Balbay&#8217;la dayan\u0131\u015fmak i\u00e7in buraday\u0131z.<\/p>\n<p style=\"text-align: justify;\"><strong>MEHMET BARLAS\/SABAH<\/strong><\/p>\n<p style=\"text-align: justify;\">Ben Cumhuriyet okulundan yeti\u015ftim, benim i\u00e7in bir okul Cumhuriyet. Ayr\u0131ca Balbay benim meslekta\u015f\u0131m, d\u00fc\u015f\u00fcn\u00e7elerinden \u00f6t\u00fcr\u00fc insanlar\u0131n hapse girmesi s\u00fcrecini ge\u00e7mi\u015fte ya\u015fad\u0131m, bundan sonra da olmas\u0131 \u00fcz\u00fcnt\u00fcm. Dayan\u0131\u015fma i\u00e7in buraday\u0131m, meslek ad\u0131na burayad\u0131m. Balbay&#8217;\u0131n aklanmas\u0131 dile\u011findeyim, bir meslekta\u015f\u0131n hapiste olmas\u0131 beni \u00e7ok rahats\u0131z ediyor.<\/p>\n<p style=\"text-align: justify;\"><strong>\u0130SMET G\u00d6KMEN\/CUMHUR\u0130YET OKURU<\/strong><\/p>\n<p style=\"text-align: justify;\">Cumhuriyet okuruyum. Balbay i\u00e7in buraday\u0131z. Atat\u00fcrk\u00e7\u00fclerin dayan\u0131\u015fma i\u00e7inde olmas\u0131 laz\u0131m. \u00dcLkemiz 2. Abd\u00fclhamit d\u00f6nemini ya\u015famakta, herkesin burada olmas\u0131 laz\u0131m.<\/p>\n<p style=\"text-align: justify;\"><strong>&#8216;DAYANI\u015eMANIN PAR\u00c7ASI OLMAK \u0130\u00c7\u0130N BURADAYIZ&#8217;<\/strong><\/p>\n<p style=\"text-align: justify;\">Beyni ayd\u0131nl\u0131k insanlar\u0131 seviyorum, ailem de b\u00f6yle insanlard\u0131. D\u00fc\u015f\u00fcncelerim ayd\u0131nl\u0131k her \u015fey ad\u0131na iyi d\u00fc\u015f\u00fcnd\u00fc\u011f\u00fcm i\u00e7in buraday\u0131m. Bir dayan\u0131\u015fman\u0131n par\u00e7as\u0131 olmak \u00fczere buraday\u0131m. Hem fikir oldu\u011funuz insanlarla dostluk kurars\u0131n\u0131z, farkl\u0131 d\u00fc\u015f\u00fcnene de sayg\u0131 g\u00f6sterirsiniz.<\/p>\n<p style=\"text-align: justify;\"><strong>TUFAN T\u00dcREN\u00c7\/H\u00dcRR\u0130YET<\/strong><\/p>\n<p style=\"text-align: justify;\">Bug\u00fcne kadar rastlamad\u0131\u011f\u0131m\u0131z bir \u015feyi ya\u015f\u0131yoruz. \u00c7ok anlaml\u0131 bir g\u00fcn ama bunun devam etmesi gerekiyor. Bu sadece Balbay&#8217;la s\u0131n\u0131rl\u0131 de\u011fil, bug\u00fcn medya \u00e7ok b\u00fcy\u00fck bir ku\u015fatma alt\u0131nda, iktidar b\u00fcy\u00fck bir k\u0131sm\u0131n\u0131 ele ge\u00e7irmi\u015f durumda. Okur bas\u0131na sahip \u00e7\u0131kmal\u0131, okur sahip \u00e7\u0131karsa bu oyun bozulur. Mustafa benim \u00e7ocu\u011fum gibidir. 30 y\u0131ld\u0131r tan\u0131r\u0131m. Ayr\u0131 gazetelerde \u00e7al\u0131\u015f\u0131yor olsak da d\u00fc\u015f\u00fcnceler, inan\u00e7lar ve laik cumhuriyet herkesin korumas\u0131 gereken bir de\u011fer.<\/p>\n<p style=\"text-align: justify;\">\n<p style=\"text-align: justify;\"><span style=\"color: #888888;\">Kaynak : Vatan Gazetesi<\/span><\/p>\n","protected":false},"excerpt":{"rendered":"<p style=\"text-align: center;\">\n<\/p>\n<p style=\"text-align: justify;\">Bas\u0131n tarihinde bir ilk..10 gazeteden 50&#8217;den fazla gazeteci Cumhuriyet Gazetesi&#8217;nde d\u00fczenlenen etkinlikte Balbay&#8217;a destek verdi<\/p>\n<p style=\"text-align: justify;\">Cumhuriyet Gazetesi Ankara temsilcisi ve k\u00f6\u015fe yazar\u0131 Mustafa Balbay&#8217;\u0131n Ergenekon soru\u015fturmas\u0131 kapsam\u0131nda tutuklanarak cezaevine konulmas\u0131na tepki g\u00f6steren gazeteciler bir araya geldi.Bas\u0131n tarihinde bir ilk olan bu etkinlik Medya Mahallesi arac\u0131l\u0131\u011f\u0131yla canl\u0131 yay\u0131nda <\/p>\n","protected":false},"author":1,"featured_media":0,"comment_status":"open","ping_status":"closed","sticky":false,"template":"","format":"standard","meta":{"footnotes":""},"categories":[105],"tags":[],"class_list":["post-4879","post","type-post","status-publish","format-standard","hentry","category-gundem","odd"],"_links":{"self":[{"href":"http:\/\/www.korhanyilmaz.com\/index.php?rest_route=\/wp\/v2\/posts\/4879","targetHints":{"allow":["GET"]}}],"collection":[{"href":"http:\/\/www.korhanyilmaz.com\/index.php?rest_route=\/wp\/v2\/posts"}],"about":[{"href":"http:\/\/www.korhanyilmaz.com\/index.php?rest_route=\/wp\/v2\/types\/post"}],"author":[{"embeddable":true,"href":"http:\/\/www.korhanyilmaz.com\/index.php?rest_route=\/wp\/v2\/users\/1"}],"replies":[{"embeddable":true,"href":"http:\/\/www.korhanyilmaz.com\/index.php?rest_route=%2Fwp%2Fv2%2Fcomments&post=4879"}],"version-history":[{"count":0,"href":"http:\/\/www.korhanyilmaz.com\/index.php?rest_route=\/wp\/v2\/posts\/4879\/revisions"}],"wp:attachment":[{"href":"http:\/\/www.korhanyilmaz.com\/index.php?rest_route=%2Fwp%2Fv2%2Fmedia&parent=4879"}],"wp:term":[{"taxonomy":"category","embeddable":true,"href":"http:\/\/www.korhanyilmaz.com\/index.php?rest_route=%2Fwp%2Fv2%2Fcategories&post=4879"},{"taxonomy":"post_tag","embeddable":true,"href":"http:\/\/www.korhanyilmaz.com\/index.php?rest_route=%2Fwp%2Fv2%2Ftags&post=4879"}],"curies":[{"name":"wp","href":"https:\/\/api.w.org\/{rel}","templated":true}]}}