{"id":48780,"date":"2012-02-10T09:11:44","date_gmt":"2012-02-10T07:11:44","guid":{"rendered":"http:\/\/www.korhanyilmaz.com\/?p=48780"},"modified":"2012-02-13T23:15:55","modified_gmt":"2012-02-13T21:15:55","slug":"bu-surece-dur-demek-gerekiyor","status":"publish","type":"post","link":"http:\/\/www.korhanyilmaz.com\/?p=48780","title":{"rendered":"&#8216;Bu s\u00fcrece dur demek gerekiyor&#8217;"},"content":{"rendered":"<div id=\"attachment_48781\" style=\"width: 327px\" class=\"wp-caption aligncenter\"><a href=\"http:\/\/www.korhanyilmaz.com\/wp-content\/uploads\/2012\/02\/9776.jpg\"  class=\"lightview\"><img loading=\"lazy\" decoding=\"async\" aria-describedby=\"caption-attachment-48781\" class=\" wp-image-48781\" src=\"http:\/\/www.korhanyilmaz.com\/wp-content\/uploads\/2012\/02\/9776.jpg\" alt=\"\" width=\"317\" height=\"210\" \/><\/a><p id=\"caption-attachment-48781\" class=\"wp-caption-text\">Ece Temelkuran. Foto\u011fraf: MUHS\u0130N AKG\u00dcN<\/p><\/div>\n<p style=\"text-align: justify;\">K\u00f6\u015fe yaz\u0131lar\u0131n\u0131 &#8216;Kayda Ge\u00e7sin&#8217; ad\u0131n\u0131 verdi\u011fi kitab\u0131nda toplayan gazeteci Ece Temelkuran, &#8220;Tek se\u00e7enek at\u0131ld\u0131\u011f\u0131m\u0131z bu arenadan s\u0131rtlanlara yem olmadan \u00e7\u0131k\u0131p, o s\u0131rtlanlar\u0131 o arenaya g\u00f6nderenlerle hesapla\u015fmak&#8221; diyor.<!--more--><\/p>\n<p style=\"text-align: justify;\"><strong>Kitab\u0131n \u00f6ns\u00f6z\u00fcnde bask\u0131 ortam\u0131nda muktedirlerin rol\u00fcnden \u00e7ok, toplumsal teredd\u00fcde i\u015faret edip endi\u015fenizi dile getiriyorsunuz. Bu teredd\u00fcd\u00fcn kayna\u011f\u0131 nedir, toplumsal kimli\u011fimiz mi, yoksa yeni bir T\u00fcrkiye iklimi mi?<\/strong><\/p>\n<p style=\"text-align: justify;\">Elbette T\u00fcrkiye\u2019de yarat\u0131lan siyasal iklim. Nitekim daha kitap \u00e7\u0131kmadan \u2018bir g\u00fcne bir lin\u00e7\u2019 kampanyas\u0131n\u0131n ba\u015f\u0131nda g\u00f6rd\u00fck ki teredd\u00fct bir s\u00fcre sessizlik yaratt\u0131. Bu, benimle ilgili olan k\u0131sm\u0131 ama bug\u00fcne kadar tutuklu meslekta\u015flar\u0131m\u0131zla ilgili tav\u0131r. \u00d6rne\u011fin, teredd\u00fct diye bahsetti\u011fim bu \u00fcretilmi\u015f kafa kar\u0131\u015f\u0131kl\u0131\u011f\u0131 nedeniyle, epey zaman ge\u00e7irildi o konuda sessizce. Kitapta fa\u015fizmin do\u011fas\u0131na dair bir b\u00f6l\u00fcm yazd\u0131m. D\u00fcnya tarihinde hi\u00e7bir zaman yeteri kadar uzak mesafedeyken te\u015fhis edilememi\u015f bir hastal\u0131kt\u0131r fa\u015fizm. Yeterince yak\u0131nla\u015ft\u0131\u011f\u0131nda ise zaten art\u0131k \u00e7ok ge\u00e7tir. Bug\u00fcn en ki\u015fisel ili\u015fkilerimize kadar s\u0131zm\u0131\u015f vah\u015fet ihtiyac\u0131, Twitter\u2019da izledi\u011fimiz nefret ayinleri, bundan ba\u011f\u0131ms\u0131z de\u011fildir. Kimse kimseden bu kadar nefret etmiyordu bu \u00fclkede. Bir de \u015funu d\u00fc\u015f\u00fcnmelerini isterim insanlar\u0131n. Bug\u00fcn benim \u015fahs\u0131mda v\u00fccut bulan bu ayinler, kendi ki\u015fisel \u00fcretimleri de\u011fildir o insanlar\u0131n. Bu \u00fcretilmi\u015f bir meseledir. Nas\u0131l \u00fcretildi\u011fini kitapta anlatt\u0131m. Merak eden a\u00e7s\u0131n baks\u0131n.<\/p>\n<p style=\"text-align: justify;\"><strong>\u0130ktidar\u0131n sahip oldu\u011fu oy deste\u011fi, T\u00fcrkiye\u2019nin bu \u2018tuhaf g\u00fcnlerinde\u2019 ne kadar etkili?<\/strong><\/p>\n<p style=\"text-align: justify;\">\u0130stanbul\u2019a ne zaman \u015f\u00f6yle bir baksam, o tepelere, kalabal\u0131klara filan, diyorum ki \u201cKimsenin umurunda de\u011fil asl\u0131nda.\u201d Yani i\u015fte bir avu\u00e7 insan \u201c\u00f6zg\u00fcrl\u00fck, e\u015fitlik, adalet\u201d diye ba\u011f\u0131r\u0131p duruyoruz. Ahmet ile Nedim i\u00e7eride mesela, ka\u00e7 ki\u015finin umurundad\u0131r T\u00fcrkiye\u2019de? Adam buzdolab\u0131n\u0131n taksitini \u00f6deyebiliyor mu, ev kiras\u0131n\u0131 verebiliyor mu, buna bak\u0131yor. Gazetecileri kep\u00e7e ile al\u0131p i\u00e7eri t\u0131k\u0131yorlarm\u0131\u015f. Eee? D\u00fc\u015f\u00fcnce \u00f6zg\u00fcrl\u00fc\u011f\u00fc filan bunlar l\u00fcks \u015feyler. B\u00f6yle d\u00fc\u015f\u00fcn\u00fcyor insan. Ama \u015fu da var tabii. San\u0131yorlar ki ancak baz\u0131 \u015feyleri d\u00fc\u015f\u00fcn\u00fcrsen ve s\u00f6ylersen ba\u015f\u0131n dertte, o meselelere dokunmazsan keyfin keka. \u00d6yle de\u011fil i\u015fte. \u0130nsan\u0131n g\u00f6lgesinden korktu\u011fu zamanlara gidi\u015f, i\u00e7inde bulundu\u011fumuz bu zamanlardan ge\u00e7meden ba\u015flamaz. Etliye s\u00fctl\u00fcye bula\u015fmayan insanlar\u0131n da korkaca\u011f\u0131 zamanlar \u00f6nce gazetecilerin, ayd\u0131nlar\u0131n, yazarlar\u0131n, profes\u00f6rlerin susturulmas\u0131yla ba\u015flar. O zaman buzdolab\u0131n\u0131n taksitini \u00f6deyememekten korkanlar, bir \u015faka yaparsa i\u00e7eri al\u0131nmaktan korkan insanlara d\u00f6n\u00fc\u015f\u00fcrler. Oy deste\u011fi \u00f6nemli ama bir de T\u00fcrkiye\u2019de \u00f6zg\u00fcrl\u00fck pe\u015finde olanlar\u0131n tarihte ilk kez ger\u00e7ek anlamda yaln\u0131z kalmas\u0131 da s\u00f6z konusu. Ne Avrupa var ne Bat\u0131 var ne de muhalefet var. Alaca\u011f\u0131z yani boyumuzun \u00f6l\u00e7\u00fcs\u00fcn\u00fc.<\/p>\n<p style=\"text-align: justify;\"><strong>Paul Auster ile Recep Tayyip Erdo\u011fan aras\u0131nda tart\u0131\u015fma hakk\u0131nda ne d\u00fc\u015f\u00fcn\u00fcyorsunuz? En son kendisi de Ergenekoncu olmakla su\u00e7land\u0131. Art\u0131k her muhalifin belirli bir \u00e7er\u00e7eveye oturtuldu\u011funu s\u00f6yleyenlere kat\u0131l\u0131yor musunuz?<\/strong><\/p>\n<p style=\"text-align: justify;\">Ba\u015fbakan Erdo\u011fan\u2019\u0131n s\u00f6zleri e\u011fer \u0130ngilizceye \u00e7evrilip yurtd\u0131\u015f\u0131nda yay\u0131mlan\u0131rsa ki olmu\u015ftur diye tahmin ediyorum, bizim buralarda nas\u0131l bir durumla bo\u011fu\u015fmakta oldu\u011fumuzu insanlar daha iyi anlayacak. Mesele \u015fu ki, ben ne zaman s\u00f6ylenenleri, yap\u0131lanlar\u0131 yazsam, diyelim ki \u0130ngiltere\u2019dekiler ya da M\u0131s\u0131r\u2019dakiler, uydurdu\u011fumu san\u0131yor. Zira abs\u00fcrt bir durum. Ben \u015fimdi \u0130dris Naim \u015eahin\u2019i nas\u0131l a\u00e7\u0131klayay\u0131m Tunusluya? Ya da Alper G\u00f6rm\u00fc\u015f\u2019\u00fcn The Guardian\u2019\u0131 Ergenekoncu ilan etmeye \u00e7al\u0131\u015fmas\u0131n\u0131 nas\u0131l a\u00e7\u0131klayay\u0131m? Anlamazlar. Ciddi bir gazetede ciddi bir yazar\u0131n, hem de \u2018yap\u0131s\u00f6k\u00fcm\u2019 filan gibi \u00fcst perdeden laflar edip Guardian\u2019da \u00e7\u0131km\u0131\u015f yaz\u0131 \u00fczerinden beni Ergenekon\u2019a ba\u011flamaya \u00e7al\u0131\u015fmas\u0131n\u0131n ard\u0131ndaki siyasal sefaleti anlatmak i\u00e7in sadece iyi bir \u0130ngilizce de\u011fil, sa\u011flam da sab\u0131r laz\u0131m. Bende var m\u0131 g\u00f6rece\u011fiz. \u00dc\u00e7 y\u0131l \u00f6nce Taraf\u2019ta yay\u0131mlanm\u0131\u015f lahika m\u0131 nedir, orada ad\u0131m\u0131n \u00e7\u0131kt\u0131\u011f\u0131 kimsenin ciddiye almad\u0131\u011f\u0131 bir belge iddias\u0131n\u0131 yeniden pi\u015firip beni hedef g\u00f6stermek i\u00e7in kullanmay\u0131 ben kime anlatay\u0131m? Kendi aram\u0131zda halledece\u011fiz bu i\u015fi.<\/p>\n<p style=\"text-align: justify;\"><strong>Umut pek g\u00fcven duydu\u011fum bir s\u00f6zc\u00fck de\u011fil, demi\u015fsiniz ama yine de sormak istiyorum. Bu \u2018tuhaf zamanlar\u2019\u0131n bir g\u00fcn geride kalaca\u011f\u0131na y\u00f6nelik bir beklentiniz var m\u0131?<\/strong><\/p>\n<p style=\"text-align: justify;\">Hi\u00e7bir \u015fey sonsuza kadar s\u00fcrmez. Elbette bitecek. Ama bu kendili\u011finden olacak bir \u015fey de\u011fil. \u0130radi olarak bu s\u00fcrece dur demek gerekiyor. Yani e\u015fyan\u0131n tabiat\u0131 gere\u011fi de\u011fildir muhalefet, insan\u0131n d\u00fc\u015f\u00fcnme, yapabilme, de\u011fi\u015ftirebilme kapasitesine, inanc\u0131na, inad\u0131na dayan\u0131r. \u0130nsan\u0131n hayata iradi m\u00fcdahalesini gerektirir. Baz\u0131 cahiller de, ben b\u00f6yle iradi m\u00fcdahale deyince, \u201cVay askeri m\u00fcdahale dedi\u201d diye at\u0131yorlar kendilerini ortaya. Allah selamet versin onlara da.<\/p>\n<p style=\"text-align: justify;\"><strong>Habert\u00fcrk\u2019ten gelen a\u00e7\u0131klamayla birlikte gazetecilerin sosyal medya ki\u015filikleri hakk\u0131nda birtak\u0131m k\u0131s\u0131tlamalar\u0131n getirildi\u011fi tart\u0131\u015f\u0131lmaya ba\u015fland\u0131. Siz bu konu hakk\u0131nda ne d\u00fc\u015f\u00fcn\u00fcyorsunuz?<\/strong><\/p>\n<p style=\"text-align: justify;\">\u2018Sosyal medyada do\u011fruyu s\u00f6yler k\u00f6\u015fe yazarken \u015fa\u015far biri\u2019 olsam anlar\u0131z da benim yazd\u0131klar\u0131m ortada. Ge\u00e7en g\u00fcn Ezgi Ba\u015faran yazd\u0131 bunu, benzer bir \u015fekilde benimle ilgili. Habert\u00fcrk de Kenan Bey (Tekda\u011f) de olabilecek en zarif \u015fekliyle gerek\u00e7enin siyasi oldu\u011funu s\u00f6ylediler zaten. Yoksa ayn\u0131 d\u00fc\u015f\u00fcnceyi orada yazm\u0131\u015fs\u0131n, burada s\u00f6ylemi\u015fsin hi\u00e7bir \u015fey fark etmez. Muhabirlerin fikirlerini sosyal medyada s\u00f6ylemesi ba\u015fka bir konudur, tart\u0131\u015f\u0131labilir. Ama zaten fikir yaz\u0131lar\u0131 yazan birinin orada burada ne s\u00f6yledi\u011fi tart\u0131\u015facak, hele ki ciddi olarak tart\u0131\u015f\u0131lacak bir mesele de\u011fildir kan\u0131mca.<\/p>\n<p style=\"text-align: justify;\"><strong>Bug\u00fcn muhalif olmayan medya kurumunda muhalif olmak m\u00fcmk\u00fcn m\u00fc?<\/strong><\/p>\n<p style=\"text-align: justify;\">Bug\u00fcn muhalif olan kurumda bile muhalif olmak o kadar kolay de\u011fil. De\u011fil ki muhalif olmayan medyada&#8230; Y\u0131llar y\u0131llar evvel Milliyet\u2019te bir yaz\u0131 yazm\u0131\u015ft\u0131m, Vicdan \u0130stasyonlar\u0131 diye. Bug\u00fcn \u2018vijdan kuaf\u00f6r\u00fc\u2019 laf\u0131n\u0131 \u00e7ok d\u00e2hiyane, yeni bir bulu\u015fmu\u015f gibi dillerine dolayanlar a\u00e7\u0131p okuyabilir. Ben kendimin ve benim gibi ana medyada durmaya \u00e7al\u0131\u015fan insanlar\u0131n durumunun y\u0131llard\u0131r fark\u0131nday\u0131m ve bunu yazm\u0131\u015f\u0131m zaten. \u00d6te yandan \u015fu da var: B\u00fct\u00fcn bu susturma ve marjinalle\u015ftirme \u00e7abas\u0131nda bana bi\u00e7ilecek g\u00f6mle\u011fi de giymem, onu da s\u00f6yleyeyim. Ben hala ana medyada durmay\u0131, orada s\u00f6z s\u00f6ylemeyi \u00f6nemli buluyorum. Ben oradan \u00e7\u0131kar\u0131ld\u0131m diye bu fikrim de\u011fi\u015fecek de\u011fil. Orada durabilen arkada\u015flar son g\u00fcn\u00fcne kadar durmal\u0131.<\/p>\n<p style=\"text-align: justify;\"><strong>\u0130\u015ften \u00e7\u0131kar\u0131lman\u0131zda \u2018kraldan \u00e7ok kralc\u0131\u2019 oldu\u011fu s\u00f6ylenen ki\u015fi ve kurumlar\u0131n ho\u015fnutsuzlu\u011fu mu s\u00f6z konusu? Yoksa AK Parti H\u00fck\u00fcmeti\u2019nin, hatta daha da ileri gidersek Ba\u015fbakan\u2019\u0131n do\u011frudan etkisi oldu\u011funu d\u00fc\u015f\u00fcn\u00fcyor musunuz?<\/strong><\/p>\n<p style=\"text-align: justify;\">Birka\u00e7 g\u00fcn \u00f6ncesine kadar Ba\u015fbakan\u2019\u0131n bu i\u015flere d\u00e2hiline sebep olacak kadar \u00f6nemli biri olmad\u0131\u011f\u0131m\u0131 s\u00f6ylerdim bu soruya cevaben. Ama \u015fimdi bak\u0131yorum. San\u0131rs\u0131n ki The Guardian\u2019\u0131 ben y\u00f6netiyorum, uluslararas\u0131 bas\u0131n emrimde&#8230; Lin\u00e7 kampanyas\u0131n\u0131n b\u00fcy\u00fckl\u00fc\u011f\u00fcne bak\u0131nca \u201cVay be ben neymi\u015fim\u201d diyebilirim kolayca. Ama mesele benim ne acayip bir \u015fey olmam de\u011fil. Mesele en k\u00fc\u00e7\u00fck bir farkl\u0131 sese katlan\u0131lamamas\u0131.\u201dAman bizimkinden ba\u015fka d\u00fcd\u00fck \u00f6tmesin.\u201d Mesele budur! Ba\u015fbakan\u2019\u0131n yine de bir d\u00e2hili oldu\u011funu sanmam. Daha \u00f6nemli i\u015fleri vard\u0131r diye d\u00fc\u015f\u00fcn\u00fcyorum.<\/p>\n<p style=\"text-align: justify;\"><strong>Ana ak\u0131m medyada yer alman\u0131n zorluklar\u0131ndan bahsetmi\u015fsiniz. Teklif gelirse yine ana ak\u0131m medyada yer al\u0131r m\u0131yd\u0131n\u0131z?<\/strong><\/p>\n<p style=\"text-align: justify;\">Teklif gelirse&#8230; G\u00fczel soru. Konuya biraz daha yukar\u0131dan bakarsak ve e\u011fer benim yaz\u0131lar\u0131m\u0131 bas\u0131n\u0131n i\u00e7inde bulundu\u011fu serbest piyasa ekonomisinin terminolojisiyle \u00e7ok satan bir mal olarak de\u011ferlendirirsek ortaya \u015fu \u00e7\u0131k\u0131yor. K\u00e2r mant\u0131\u011f\u0131n\u0131 bile yenen bir korku yarat\u0131lm\u0131\u015f durumda. Ama teklif gelirse tabii ki d\u00fc\u015f\u00fcn\u00fcr\u00fcm. Hi\u00e7 de\u011filse benim yaz\u0131 yazacak yerim kalmay\u0131nca hakk\u0131mda durmadan yaz\u0131 yazmaya ba\u015flayan insanlara cevap verecek bir yerim olur. Twitter\u2019da 140 karakterle \u2018yap\u0131s\u00f6k\u00fcm\u00fc\u2019 gibi iddial\u0131 sald\u0131r\u0131lara cevap verilemiyor kabul edersiniz ki.<\/p>\n<p style=\"text-align: justify;\"><strong>Uzun zamand\u0131r k\u00f6\u015fe yaz\u0131lar\u0131 yaz\u0131yorsunuz. \u015eimdiye kadar \u2018Ke\u015fke b\u00f6yle yazmasayd\u0131m\u2019 dedi\u011finiz yaz\u0131 oldu mu?<\/strong><\/p>\n<p style=\"text-align: justify;\">Oldu. Binlerce yaz\u0131 yazd\u0131m. Oldu tabii. Ama bu ara en \u00e7ok yazamad\u0131\u011f\u0131m yaz\u0131lardan muzdaripim. Mesela C\u00fcneyt Cebenoyan\u2019\u0131n k\u0131z\u0131 Elif bir yaz\u0131 yazm\u0131\u015f, \u201cAnne Y\u00f6netme Sanat\u0131\u201d \u00fczerine, onun \u00fczerine yazmak isterdim. Onat Kutlar, Yasemin Cebenoyan, deprem ve Elif \u00fczerine uzun bir yaz\u0131 yazmak isterdim. Bu \u00fclkenin kaderine dair acayip bir hik\u00e2yenin mutlu sonudur Elif\u2019in yaz\u0131s\u0131. Neyse&#8230; Yazar\u0131z bir g\u00fcn.<\/p>\n<p style=\"text-align: justify;\"><strong>KAYDA GE\u00c7S\u0130N<\/strong><\/p>\n<p style=\"text-align: justify;\">Ece Temelkuran<\/p>\n<p style=\"text-align: justify;\">Everest Yay\u0131nlar\u0131<\/p>\n<p style=\"text-align: justify;\">2012, 336 sayfa, 15 TL.<\/p>\n<p style=\"text-align: justify;\"><a href=\"http:\/\/www.radikal.com.tr\/Radikal.aspx?aType=RadikalEklerDetayV3&amp;ArticleID=1078378&amp;CategoryID=40\" target=\"_blank\">Kaynak : Radikal.com.tr<\/a><\/p>\n","protected":false},"excerpt":{"rendered":"<p id=\"caption-attachment-48781\" class=\"wp-caption-text\">Ece Temelkuran. Foto\u011fraf: MUHS\u0130N AKG\u00dcN<\/p>\n<p style=\"text-align: justify;\">K\u00f6\u015fe yaz\u0131lar\u0131n\u0131 &#8216;Kayda Ge\u00e7sin&#8217; ad\u0131n\u0131 verdi\u011fi kitab\u0131nda toplayan gazeteci Ece Temelkuran, &#8220;Tek se\u00e7enek at\u0131ld\u0131\u011f\u0131m\u0131z bu arenadan s\u0131rtlanlara yem olmadan \u00e7\u0131k\u0131p, o s\u0131rtlanlar\u0131 o arenaya g\u00f6nderenlerle hesapla\u015fmak&#8221; diyor.<\/p>\n","protected":false},"author":1,"featured_media":0,"comment_status":"open","ping_status":"open","sticky":false,"template":"","format":"standard","meta":{"footnotes":""},"categories":[105,8],"tags":[],"class_list":["post-48780","post","type-post","status-publish","format-standard","hentry","category-gundem","category-kultur-sanat","odd"],"_links":{"self":[{"href":"http:\/\/www.korhanyilmaz.com\/index.php?rest_route=\/wp\/v2\/posts\/48780","targetHints":{"allow":["GET"]}}],"collection":[{"href":"http:\/\/www.korhanyilmaz.com\/index.php?rest_route=\/wp\/v2\/posts"}],"about":[{"href":"http:\/\/www.korhanyilmaz.com\/index.php?rest_route=\/wp\/v2\/types\/post"}],"author":[{"embeddable":true,"href":"http:\/\/www.korhanyilmaz.com\/index.php?rest_route=\/wp\/v2\/users\/1"}],"replies":[{"embeddable":true,"href":"http:\/\/www.korhanyilmaz.com\/index.php?rest_route=%2Fwp%2Fv2%2Fcomments&post=48780"}],"version-history":[{"count":0,"href":"http:\/\/www.korhanyilmaz.com\/index.php?rest_route=\/wp\/v2\/posts\/48780\/revisions"}],"wp:attachment":[{"href":"http:\/\/www.korhanyilmaz.com\/index.php?rest_route=%2Fwp%2Fv2%2Fmedia&parent=48780"}],"wp:term":[{"taxonomy":"category","embeddable":true,"href":"http:\/\/www.korhanyilmaz.com\/index.php?rest_route=%2Fwp%2Fv2%2Fcategories&post=48780"},{"taxonomy":"post_tag","embeddable":true,"href":"http:\/\/www.korhanyilmaz.com\/index.php?rest_route=%2Fwp%2Fv2%2Ftags&post=48780"}],"curies":[{"name":"wp","href":"https:\/\/api.w.org\/{rel}","templated":true}]}}