{"id":48776,"date":"2012-02-13T08:32:23","date_gmt":"2012-02-13T06:32:23","guid":{"rendered":"http:\/\/www.korhanyilmaz.com\/?p=48776"},"modified":"2012-02-13T23:08:46","modified_gmt":"2012-02-13T21:08:46","slug":"safak-vakti-kck-operasyonu","status":"publish","type":"post","link":"http:\/\/www.korhanyilmaz.com\/?p=48776","title":{"rendered":"\u015eafak vakti KCK operasyonu"},"content":{"rendered":"<p style=\"text-align: center;\"><a href=\"http:\/\/www.korhanyilmaz.com\/wp-content\/uploads\/2012\/02\/9775.jpg\"  class=\"lightview\"><img loading=\"lazy\" decoding=\"async\" class=\"aligncenter  wp-image-48777\" src=\"http:\/\/www.korhanyilmaz.com\/wp-content\/uploads\/2012\/02\/9775.jpg\" alt=\"\" width=\"370\" height=\"245\" \/><\/a><\/p>\n<p style=\"text-align: justify;\">Polis sabah\u0131n ilk saatlerinde yeni bir KCK operasyonu ger\u00e7ekle\u015ftirdi. E\u015fzamanl\u0131 operasyonun hedefinde sendikalar da var.<\/p>\n<p style=\"text-align: justify;\">Savc\u0131 Sar\u0131kaya&#8217;n\u0131n soru\u015fturmadan al\u0131nmas\u0131n\u0131n ard\u0131ndan \u00f6zel yetkili \u0130stanbul Cumhuriyet Savc\u0131s\u0131 Bilal Bayraktar taraf\u0131ndan y\u00fcr\u00fct\u00fclen soru\u015fturma kapsam\u0131nda, PKK&#8217;n\u0131n \u015fehir yap\u0131lanmas\u0131 oldu\u011fu iddia edilen KCK&#8217;ya y\u00f6nelik operasyonlarda 30 ilde 113 ki\u015finin g\u00f6zalt\u0131na al\u0131nd\u0131\u011f\u0131 bildirildi.\u00a0<!--more--><\/p>\n<p style=\"text-align: justify;\">Ankara&#8217;da KCK&#8217;ya y\u00f6nelik operasyon kapsam\u0131nda Kamu Emek\u00e7ileri Sendikalar\u0131 Konfederasyonu (KESK), Sa\u011fl\u0131k ve Sosyal Hizmet Emek\u00e7ileri Sendikas\u0131 (SES) ve T\u00fcm Belediye ve Yerel Y\u00f6netim Emek\u00e7ileri Sendikas\u0131 (T\u00dcMBELSEN) Genel Merkezleri ile baz\u0131 sendika \u00fcyelerinin evlerinde arama yap\u0131ld\u0131\u011f\u0131 bildirildi. KESK&#8217;te \u015fun ana kadar 6 ki\u015finin g\u00f6zalt\u0131na al\u0131nd\u0131\u011f\u0131 bildirildi.<\/p>\n<p style=\"text-align: justify;\">Beyo\u011flu\u2019nda da Ter\u00f6rle \u015eube M\u00fcd\u00fcrl\u00fc\u011f\u00fc\u2019ne ba\u011fl\u0131 ekipler, daha \u00f6nce belirledikleri adreslere sabah\u0131n ilk saatlerinde bask\u0131n yapt\u0131. Bir \u00e7ok ki\u015fi g\u00f6zalt\u0131na al\u0131nd\u0131. Evlerde aramalar yapan polis, malzemeleri \u00e7uval ve po\u015fetlere koyarak emniyet m\u00fcd\u00fcrl\u00fc\u011f\u00fcne g\u00f6t\u00fcr\u00fcld\u00fc. Ter\u00f6rle \u015eube M\u00fcd\u00fcrl\u00fc\u011f\u00fc\u2019ne ba\u011fl\u0131 ekipler, \u00f6nce bask\u0131n yapacaklar\u0131 adreslerde geni\u015f g\u00fcvenlik \u00f6nlemleri ald\u0131. Ard\u0131ndan \u00e7elik yelekli \u00f6zel harekat polisleri evlere bask\u0131n yapt\u0131. Bir \u00e7ok ki\u015fi g\u00f6zalt\u0131na al\u0131nd\u0131. Polisler evlerde yakla\u015f\u0131k 2 saat arama yapt\u0131. Ele ge\u00e7ilen malzemeler \u00e7uval ve po\u015fetler i\u00e7inde Vatan Caddesi\u2019ndeki Emniyet M\u00fcd\u00fcrl\u00fc\u011f\u00fc\u2019ne g\u00f6t\u00fcr\u00fcld\u00fc.<\/p>\n<p style=\"text-align: justify;\"><strong>\u2018DA\u011e KADROSUYLA \u0130LET\u0130\u015e\u0130M\u0130 SA\u011eLAYAN EK\u0130P\u2019<\/strong><\/p>\n<p style=\"text-align: justify;\">Operasyonun \u00f6rg\u00fct\u00fcn \u015fehir yap\u0131lanmas\u0131 olan KCK ile da\u011f kadrosu aras\u0131nda ileti\u015fimi sa\u011flayan ki\u015filere y\u00f6nelik oldu\u011fu iddia edildi. \u0130stanbul polisinin d\u00fczenlenen operesyanlarda 46 ki\u015finin g\u00f6zalt\u0131na al\u0131nd\u0131\u011f\u0131 ifade edildi. Yap\u0131lan aramalarda 1 kala\u015fnikof ve 3 tabanca ele ge\u00e7irildi.<\/p>\n<p style=\"text-align: justify;\">Yap\u0131lan aramalarda \u00e7ok say\u0131da \u00f6rg\u00fctsel dok\u00fcmanla 1 otomatik t\u00fcfek ve 3 tabanca ele ge\u00e7irildi\u011fi belirtildi. Operasyonlar\u0131n b\u00f6l\u00fcc\u00fc \u00f6rg\u00fct\u00fcn da\u011f kadrosuyla, \u015fehir yap\u0131lanmas\u0131 aras\u0131nda ileti\u015fimi sa\u011flayan ki\u015filere y\u00f6nelik oldu\u011fu iddia edildi.<\/p>\n<p style=\"text-align: justify;\"><strong>\u0130STANBUL\u2019DAK\u0130 OPERASYON<\/strong><\/p>\n<p style=\"text-align: justify;\">\u0130stanbul\u2019da d\u00fczenlenen operasyonlarda g\u00f6zalt\u0131 says\u0131n\u0131n\u0131 46 oldu\u011fu belirtildi. 34 ki\u015finin \u0130stanbul\u2019da g\u00f6zalt\u0131na al\u0131nd\u0131\u011f\u0131 12 ki\u015finin ise \u00e7e\u015fitli illerde g\u00f6zalt\u0131na al\u0131nd\u0131\u011f\u0131 ve \u0130stanbul\u2019a getirilece\u011fi ifade edildi.<\/p>\n<p style=\"text-align: justify;\"><strong>\u0130ZM\u0130R&#8217;DE 10 G\u00d6ZALTI<\/strong><\/p>\n<p style=\"text-align: justify;\">\u0130stanbul \u00d6zel Yetkili Cumhuriyet Savc\u0131l\u0131\u011f\u0131\u2019n\u0131n y\u00fcr\u00fctt\u00fc\u011f\u00fc soru\u015fturma kapsam\u0131nda, bug\u00fcn sabah saatlerinde \u0130zmir\u2019de de e\u015f zamanl\u0131 operasyon ba\u015flat\u0131ld\u0131. KCK\u2019ya y\u00f6nelik d\u00fczenlenen operasyonda, 10 ki\u015finin g\u00f6zalt\u0131na al\u0131nd\u0131\u011f\u0131 \u00f6\u011frenildi. G\u00f6zalt\u0131ndaki \u015f\u00fcpheliler, Ter\u00f6rle M\u00fccadele \u015eube M\u00fcd\u00fcrl\u00fc\u011f\u00fc\u2019ne g\u00f6t\u00fcr\u00fcld\u00fc. Polisin baz\u0131 adreslerdeki aramalar\u0131n\u0131n devam etti\u011fi, yeni g\u00f6zalt\u0131lar\u0131n olabilece\u011fi bildirildi.<\/p>\n<p style=\"text-align: justify;\"><strong>VAN VE HAKKAR\u0130&#8217;DE KCK OPERASYONU<\/strong><\/p>\n<p style=\"text-align: justify;\">Van ve Hakkari\u2019de de KCK\u2019ya y\u00f6nelik d\u00fczenlenen operasyonda, aralar\u0131nda BDP\u2019li Van Belediye Ba\u015fkan Yard\u0131mc\u0131s\u0131 G\u00fclbahar Orhan\u2019\u0131n da bulundu\u011fu 11 \u015f\u00fcpheli g\u00f6zalt\u0131na al\u0131nd\u0131. D\u00fcn gece saatlerde yap\u0131lan operasyonlarda Van ve Hakkari\u2019de bir\u00e7ok adrese e\u015f zamanl\u0131 bask\u0131n d\u00fczenledi. Van\u2019da BDP\u2019li Belediye Ba\u015fkan\u0131 G\u00fclbahar Orhan\u2019\u0131n da aralar\u0131nda bulundu\u011fu 5, Hakkari\u2019de ise 6 \u015f\u00fcpheli g\u00f6zalt\u0131na al\u0131nd\u0131. G\u00f6zalt\u0131na al\u0131nanlar\u0131n sorgular\u0131 s\u00fcr\u00fcyor.<\/p>\n<p style=\"text-align: justify;\"><strong>BATMAN&#8217;DA 24 G\u00d6ZALTI<\/strong><\/p>\n<p style=\"text-align: justify;\">\u00d6te yandan Batman Valili\u011fi de KCK i\u00e7erisinde faaliyet g\u00f6sterdiklerini belirtilen 24 ki\u015finin g\u00f6zalt\u0131na al\u0131nd\u0131\u011f\u0131n\u0131 bildirdi. Valilikten yap\u0131lan yaz\u0131l\u0131 a\u00e7\u0131klamada, \u015funlar kaydedildi:<\/p>\n<p style=\"text-align: justify;\">\u201cPKK\/KCK Ter\u00f6r \u00f6rg\u00fct\u00fcn\u00fcn gen\u00e7lik yap\u0131lanmas\u0131 i\u00e7erisinde faaliyet g\u00f6stererek k\u0131rsal alana eleman ve lojistik destek sa\u011flayan, esnafa zorla kepenk kapatt\u0131ran, ilimizde meydana gelen yasad\u0131\u015f\u0131 olaylar\u0131 organize eden ayr\u0131ca g\u00fcvenlik g\u00fc\u00e7lerine resmi ve \u00f6zel ara\u00e7lara i\u015fyerlerine y\u00f6nelik olarak ta\u015fl\u0131, molotof kokteylli, havai fi\u015fekli ve par\u00e7a tesirli bombal\u0131 sald\u0131r\u0131da bulunduklar\u0131 tespit edilen \u015fah\u0131slara y\u00f6nelik olarak 13.02.2012 g\u00fcn\u00fc ba\u015flat\u0131lan operasyon neticesi, il merkezli ve il\u00e7elerde 24 \u015fah\u0131s yakalanarak g\u00f6zalt\u0131na al\u0131nm\u0131\u015ft\u0131r.\u201d<\/p>\n<p style=\"text-align: justify;\"><a href=\"http:\/\/www.radikal.com.tr\/Radikal.aspx?aType=RadikalDetayV3&amp;ArticleID=1078576&amp;CategoryID=77\" target=\"_blank\">Kaynak : Radikal.com.tr<\/a><\/p>\n","protected":false},"excerpt":{"rendered":"<p style=\"text-align: center;\">\n<p style=\"text-align: justify;\">Polis sabah\u0131n ilk saatlerinde yeni bir KCK operasyonu ger\u00e7ekle\u015ftirdi. E\u015fzamanl\u0131 operasyonun hedefinde sendikalar da var.<\/p>\n<p style=\"text-align: justify;\">Savc\u0131 Sar\u0131kaya&#8217;n\u0131n soru\u015fturmadan al\u0131nmas\u0131n\u0131n ard\u0131ndan \u00f6zel yetkili \u0130stanbul Cumhuriyet Savc\u0131s\u0131 Bilal Bayraktar taraf\u0131ndan y\u00fcr\u00fct\u00fclen soru\u015fturma kapsam\u0131nda, PKK&#8217;n\u0131n \u015fehir yap\u0131lanmas\u0131 oldu\u011fu iddia edilen KCK&#8217;ya y\u00f6nelik operasyonlarda 30 ilde 113 ki\u015finin g\u00f6zalt\u0131na al\u0131nd\u0131\u011f\u0131 bildirildi. <\/p>\n","protected":false},"author":1,"featured_media":0,"comment_status":"open","ping_status":"open","sticky":false,"template":"","format":"standard","meta":{"footnotes":""},"categories":[105],"tags":[],"class_list":["post-48776","post","type-post","status-publish","format-standard","hentry","category-gundem","odd"],"_links":{"self":[{"href":"http:\/\/www.korhanyilmaz.com\/index.php?rest_route=\/wp\/v2\/posts\/48776","targetHints":{"allow":["GET"]}}],"collection":[{"href":"http:\/\/www.korhanyilmaz.com\/index.php?rest_route=\/wp\/v2\/posts"}],"about":[{"href":"http:\/\/www.korhanyilmaz.com\/index.php?rest_route=\/wp\/v2\/types\/post"}],"author":[{"embeddable":true,"href":"http:\/\/www.korhanyilmaz.com\/index.php?rest_route=\/wp\/v2\/users\/1"}],"replies":[{"embeddable":true,"href":"http:\/\/www.korhanyilmaz.com\/index.php?rest_route=%2Fwp%2Fv2%2Fcomments&post=48776"}],"version-history":[{"count":0,"href":"http:\/\/www.korhanyilmaz.com\/index.php?rest_route=\/wp\/v2\/posts\/48776\/revisions"}],"wp:attachment":[{"href":"http:\/\/www.korhanyilmaz.com\/index.php?rest_route=%2Fwp%2Fv2%2Fmedia&parent=48776"}],"wp:term":[{"taxonomy":"category","embeddable":true,"href":"http:\/\/www.korhanyilmaz.com\/index.php?rest_route=%2Fwp%2Fv2%2Fcategories&post=48776"},{"taxonomy":"post_tag","embeddable":true,"href":"http:\/\/www.korhanyilmaz.com\/index.php?rest_route=%2Fwp%2Fv2%2Ftags&post=48776"}],"curies":[{"name":"wp","href":"https:\/\/api.w.org\/{rel}","templated":true}]}}