{"id":48769,"date":"2012-02-13T16:22:42","date_gmt":"2012-02-13T14:22:42","guid":{"rendered":"http:\/\/www.korhanyilmaz.com\/?p=48769"},"modified":"2012-02-13T22:59:43","modified_gmt":"2012-02-13T20:59:43","slug":"baransuya-belgeler-tibden-mi-sizdi","status":"publish","type":"post","link":"http:\/\/www.korhanyilmaz.com\/?p=48769","title":{"rendered":"Baransu&#8217;ya belgeler T\u0130B&#8217;den mi s\u0131zd\u0131?"},"content":{"rendered":"<p style=\"text-align: center;\"><a href=\"http:\/\/www.korhanyilmaz.com\/wp-content\/uploads\/2012\/02\/9773.jpg\"  class=\"lightview\"><img loading=\"lazy\" decoding=\"async\" class=\"aligncenter  wp-image-48770\" src=\"http:\/\/www.korhanyilmaz.com\/wp-content\/uploads\/2012\/02\/9773.jpg\" alt=\"\" width=\"308\" height=\"206\" \/><\/a><\/p>\n<p style=\"text-align: justify;\">Sabah Gazetesi \u00d6zel \u0130stihbarat M\u00fcd\u00fcr\u00fc Abdurrahman \u015eim\u015fek, Mehmet Baransu&#8217;ya Taraf&#8217;\u0131n M\u0130T taraf\u0131ndan dinlendi\u011fine ili\u015fkin belgeleri T\u0130B i\u00e7inde bir grup taraf\u0131ndan s\u0131zd\u0131r\u0131ld\u0131\u011f\u0131n\u0131 a\u00e7\u0131klad\u0131.<\/p>\n<p style=\"text-align: justify;\">\u015eim\u015fek, A Haber&#8217;deki &#8220;Sat\u0131r Aras\u0131&#8221; program\u0131nda \u00e7arp\u0131c\u0131 bir iddiada bulundu. Ge\u00e7ti\u011fimiz hafta Mehmet Baransu imzas\u0131yla \u201cTaraf\u2019a M\u0130T operasyonu\u201d ba\u015fl\u0131kl\u0131 bir man\u015fetle \u00e7\u0131kan Taraf Gazetesi, haberinde Taraf&#8217;\u0131n baz\u0131 yazarlar\u0131n\u0131n &#8220;ter\u00f6rist faaliyet&#8221; \u015f\u00fcphesiyle dinlendi\u011fini belgeleriyle g\u00fcndeme getirmi\u015fti.<!--more--><\/p>\n<p style=\"text-align: justify;\">Haberde, Taraf Gazetesi Genel Yay\u0131n Y\u00f6netmeni ve Ba\u015fyazar\u0131 Ahmet Altan, Genel Yay\u0131n Y\u00f6netmen Yard\u0131mc\u0131s\u0131 ve yazar\u0131 Yasemin \u00c7ongar, Yay\u0131n Koordinat\u00f6r\u00fc ve yazar\u0131 Markar Esayan, o d\u00f6nem Taraf yazar\u0131 olan \u015fimdiki Habert\u00fcrk yazar\u0131 ve Economist Dergisi T\u00fcrkiye temsilcisi Amberin Zaman ile Prof. Mehmet Altan dinlendi\u011fi belirtilmi\u015fti.<\/p>\n<p style=\"text-align: justify;\">Belgelerin Taraf&#8217;a kimler taraf\u0131ndan s\u0131zd\u0131r\u0131ld\u0131\u011f\u0131 da tart\u0131\u015fmalar\u0131n oda\u011f\u0131nda yer alan konular\u0131n ba\u015f\u0131nda geliyordu. Taraf&#8217;\u0131n \u2018k\u00f6stebe\u011fi\u2019ne ili\u015fkin bug\u00fcn \u00e7ok \u00e7arp\u0131c\u0131 bir iddia ortaya at\u0131ld\u0131. Sabah Gazetesi \u00d6zel \u0130stihbarat M\u00fcd\u00fcr\u00fc Abdurrahman \u015eim\u015fek, bu sabah canl\u0131 yay\u0131na kat\u0131ld\u0131\u011f\u0131 A Haber&#8217;deki Sat\u0131r Aras\u0131 program\u0131nda, Mehmet Baransu&#8217;ya Taraf&#8217;\u0131n dinlendi\u011finin belgelerinin Telekom\u00fcnikasyon \u0130leti\u015fim Ba\u015fkanl\u0131\u011f\u0131 (T\u0130B) taraf\u0131ndan s\u0131zd\u0131r\u0131ld\u0131\u011f\u0131n\u0131 a\u00e7\u0131klad\u0131. \u015eim\u015fek, \u201cBen k\u00f6stebe\u011fin T\u0130B&#8217;de oldu\u011funu d\u00fc\u015f\u00fcn\u00fcyorum&#8221; dedi.<\/p>\n<p style=\"text-align: justify;\">Bu y\u00f6nde ciddi tespitler oldu\u011funu s\u00f6yleyen \u015eim\u015fek, o belgelerin emniyet taraf\u0131ndan s\u0131zd\u0131r\u0131lmas\u0131n\u0131n m\u00fcmk\u00fcn olmad\u0131\u011f\u0131n\u0131, dinleme gibi hassas bir konuda s\u00f6z konusu belgelerin kopyas\u0131n\u0131n T\u0130B&#8217;de oldu\u011funu s\u00f6yledi.<\/p>\n<p style=\"text-align: justify;\"><a href=\"http:\/\/www.radikal.com.tr\/Radikal.aspx?aType=RadikalDetayV3&amp;ArticleID=1078622&amp;CategoryID=77\" target=\"_blank\">Kaynak : Radikal.com.tr<\/a><\/p>\n","protected":false},"excerpt":{"rendered":"<p style=\"text-align: center;\">\n<p style=\"text-align: justify;\">Sabah Gazetesi \u00d6zel \u0130stihbarat M\u00fcd\u00fcr\u00fc Abdurrahman \u015eim\u015fek, Mehmet Baransu&#8217;ya Taraf&#8217;\u0131n M\u0130T taraf\u0131ndan dinlendi\u011fine ili\u015fkin belgeleri T\u0130B i\u00e7inde bir grup taraf\u0131ndan s\u0131zd\u0131r\u0131ld\u0131\u011f\u0131n\u0131 a\u00e7\u0131klad\u0131.<\/p>\n<p style=\"text-align: justify;\">\u015eim\u015fek, A Haber&#8217;deki &#8220;Sat\u0131r Aras\u0131&#8221; program\u0131nda \u00e7arp\u0131c\u0131 bir iddiada bulundu. Ge\u00e7ti\u011fimiz hafta Mehmet Baransu imzas\u0131yla \u201cTaraf\u2019a M\u0130T operasyonu\u201d ba\u015fl\u0131kl\u0131 bir man\u015fetle \u00e7\u0131kan Taraf Gazetesi, haberinde Taraf&#8217;\u0131n <\/p>\n","protected":false},"author":1,"featured_media":0,"comment_status":"open","ping_status":"open","sticky":false,"template":"","format":"standard","meta":{"footnotes":""},"categories":[105],"tags":[],"class_list":["post-48769","post","type-post","status-publish","format-standard","hentry","category-gundem","odd"],"_links":{"self":[{"href":"http:\/\/www.korhanyilmaz.com\/index.php?rest_route=\/wp\/v2\/posts\/48769","targetHints":{"allow":["GET"]}}],"collection":[{"href":"http:\/\/www.korhanyilmaz.com\/index.php?rest_route=\/wp\/v2\/posts"}],"about":[{"href":"http:\/\/www.korhanyilmaz.com\/index.php?rest_route=\/wp\/v2\/types\/post"}],"author":[{"embeddable":true,"href":"http:\/\/www.korhanyilmaz.com\/index.php?rest_route=\/wp\/v2\/users\/1"}],"replies":[{"embeddable":true,"href":"http:\/\/www.korhanyilmaz.com\/index.php?rest_route=%2Fwp%2Fv2%2Fcomments&post=48769"}],"version-history":[{"count":0,"href":"http:\/\/www.korhanyilmaz.com\/index.php?rest_route=\/wp\/v2\/posts\/48769\/revisions"}],"wp:attachment":[{"href":"http:\/\/www.korhanyilmaz.com\/index.php?rest_route=%2Fwp%2Fv2%2Fmedia&parent=48769"}],"wp:term":[{"taxonomy":"category","embeddable":true,"href":"http:\/\/www.korhanyilmaz.com\/index.php?rest_route=%2Fwp%2Fv2%2Fcategories&post=48769"},{"taxonomy":"post_tag","embeddable":true,"href":"http:\/\/www.korhanyilmaz.com\/index.php?rest_route=%2Fwp%2Fv2%2Ftags&post=48769"}],"curies":[{"name":"wp","href":"https:\/\/api.w.org\/{rel}","templated":true}]}}