{"id":48761,"date":"2012-02-13T07:42:48","date_gmt":"2012-02-13T05:42:48","guid":{"rendered":"http:\/\/www.korhanyilmaz.com\/?p=48761"},"modified":"2012-02-13T10:09:33","modified_gmt":"2012-02-13T08:09:33","slug":"basbug-icin-de-basbakan-izni-gerekecek","status":"publish","type":"post","link":"http:\/\/www.korhanyilmaz.com\/?p=48761","title":{"rendered":"&#8220;Ba\u015fbu\u011f i\u00e7in de Ba\u015fbakan izni gerekecek&#8221;"},"content":{"rendered":"<div id=\"attachment_48762\" style=\"width: 351px\" class=\"wp-caption aligncenter\"><a href=\"http:\/\/www.korhanyilmaz.com\/wp-content\/uploads\/2012\/02\/9771.jpg\"  class=\"lightview\"><img loading=\"lazy\" decoding=\"async\" aria-describedby=\"caption-attachment-48762\" class=\" wp-image-48762\" src=\"http:\/\/www.korhanyilmaz.com\/wp-content\/uploads\/2012\/02\/9771.jpg\" alt=\"\" width=\"341\" height=\"231\" \/><\/a><p id=\"caption-attachment-48762\" class=\"wp-caption-text\">\u0130lker Ba\u015fbu\u011f - Recep Tayyip Erdo\u011fan<\/p><\/div>\n<p style=\"text-align: justify;\">M\u0130T M\u00fcste\u015far\u0131&#8217;n\u0131n ifadeye \u00e7a\u011fr\u0131lmas\u0131yla patlak veren krizin \u00e7\u00f6z\u00fcm\u00fc i\u00e7in kollar\u0131 s\u0131vayan Adalet Bakan\u0131&#8217;n\u0131ndan, yap\u0131lacak d\u00fczenlemenin asker-sivil ay\u0131rmadan kritik \u00fcst d\u00fczey g\u00f6revlileri kapsayaca\u011f\u0131 a\u00e7\u0131klamas\u0131 geldi.<\/p>\n<p style=\"text-align: justify;\">M\u0130T M\u00fcste\u015far\u0131 Hakan Fidan\u2019\u0131n, \u00f6zel yetkili savc\u0131 taraf\u0131ndan KCK soru\u015fturmas\u0131 kapsam\u0131nda ifadeye \u00e7a\u011fr\u0131lmas\u0131, CMK ile M\u0130T kanununu kar\u015f\u0131 kar\u015f\u0131ya getirmi\u015fti.\u00a0<!--more--><\/p>\n<p style=\"text-align: justify;\">M\u0130T, kendi kanunu g\u00f6re m\u00fcste\u015far\u0131n ifadesinin al\u0131nmas\u0131n\u0131n Ba\u015fbakan\u2019\u0131n iznine ba\u011fl\u0131 oldu\u011fu, savc\u0131l\u0131k ise CMK 250\u2019ye g\u00f6re yetkili oldu\u011fu iddas\u0131ndayken, h\u00fck\u00fcmet, bu kar\u0131\u015f\u0131kl\u0131\u011f\u0131n giderilmesi i\u00e7in yeni bir d\u00fczenleme yapma karar\u0131 alm\u0131\u015ft\u0131.<\/p>\n<p style=\"text-align: justify;\">\u2018M\u0130T M\u00fcste\u015far\u0131 i\u00e7in \u00f6zel kanun\u2019 tart\u0131\u015fmas\u0131na neden olan bu d\u00fczenlemeyi, H\u00fcrriyet Yazar\u0131 Taha Akyol, Adalet Bakan\u0131 Sadullah Ergin\u2019e sordu ve yan\u0131tlar\u0131 gazetedeki k\u00f6\u015fesine ta\u015f\u0131d\u0131.<\/p>\n<p style=\"text-align: justify;\"><strong><span style=\"text-decoration: underline;\">\u0130\u015fte o yaz\u0131<\/span><\/strong>:<\/p>\n<div id=\"attachment_48766\" style=\"width: 180px\" class=\"wp-caption alignleft\"><a href=\"http:\/\/www.korhanyilmaz.com\/wp-content\/uploads\/2012\/02\/9772.jpg\"  class=\"lightview\"><img loading=\"lazy\" decoding=\"async\" aria-describedby=\"caption-attachment-48766\" class=\" wp-image-48766\" style=\"margin-left: 10px; margin-right: 10px;\" src=\"http:\/\/www.korhanyilmaz.com\/wp-content\/uploads\/2012\/02\/9772.jpg\" alt=\"\" width=\"170\" height=\"210\" \/><\/a><p id=\"caption-attachment-48766\" class=\"wp-caption-text\">Sadullah Ergin<\/p><\/div>\n<p style=\"text-align: justify;\">Adalet Bakan\u0131 Sadullah Ergin\u2019le konu\u015fuyorum, \u201cSadece M\u0130T g\u00f6revlileri i\u00e7in \u00f6zel d\u00fczenleme yapmak do\u011fru olmaz\u201d diyor.<\/p>\n<p style=\"text-align: justify;\">Peki nas\u0131l bir d\u00fczenleme yap\u0131lacak? Bakan\u2019\u0131n cevab\u0131:<\/p>\n<p style=\"text-align: justify;\">\u201cKritik devlet g\u00f6revlerini yapan \u00e7ok \u00fcst d\u00fczey kamu g\u00f6revlileri hakk\u0131nda soru\u015fturma a\u00e7\u0131lmas\u0131, ba\u015fbakan\u0131n yaz\u0131l\u0131 iznine tabi olmal\u0131d\u0131r. Sadece M\u0130T M\u00fcste\u015far\u0131 ve elemanlar\u0131 de\u011fil&#8230;\u201d<\/p>\n<p style=\"text-align: justify;\">Bakan bunun i\u00e7in CMK 250. ve 251. maddelerinde de\u011fi\u015fiklik yap\u0131lmas\u0131n\u0131 \u00f6ng\u00f6r\u00fcyor.<\/p>\n<p style=\"text-align: justify;\">Askeri g\u00f6revler dahil mi?<\/p>\n<p style=\"text-align: justify;\">\u201cEvet, asker ya da sivil.\u201d<\/p>\n<p style=\"text-align: justify;\">Peki, genel bir \u2018\u00fcst d\u00fczey kritik g\u00f6rev\u2019 tan\u0131m\u0131 m\u0131, yoksa M\u0130T M\u00fcste\u015far\u0131, Genelkurmay Ba\u015fkan\u0131, Ba\u015fbakanl\u0131k M\u00fcste\u015far\u0131, Kuvvet Komutanlar\u0131, Emniyet Genel M\u00fcd\u00fcr\u00fc gibi g\u00f6rev adlar\u0131n\u0131 zikrederek mi?<\/p>\n<p style=\"text-align: justify;\">\u201cKonu Meclis Komisyonu\u2019nda m\u00fczakere edilecek. Erken bir beyan\u0131 siyasi eti\u011fe uygun bulmam. Ancak genel tan\u0131m getirilirse bu, uygulamada kar\u0131\u015f\u0131kl\u0131\u011fa yol a\u00e7abilir. \u015eahsen, g\u00f6revlerin CMK\u2019da makamlar\u0131n isimleriyle a\u00e7\u0131k\u00e7a zikredilmesini do\u011fru bulurum.\u201d<\/p>\n<p style=\"text-align: justify;\">\u00d6n\u00fcm\u00fczdeki \u00e7ar\u015famba g\u00fcn\u00fc TBMM Adalet Komisyonu\u2019nda bu y\u00f6nde giri\u015fimler olacak.<\/p>\n<p style=\"text-align: justify;\"><strong><span style=\"color: #993300;\">Nas\u0131l olacak?\u00a0<\/span><\/strong><\/p>\n<p style=\"text-align: justify;\">Madem CMK\u2019da b\u00f6yle genel bir d\u00fczenleme yap\u0131lacak, niye M\u0130T M\u00fcste\u015far\u0131 i\u00e7in \u00f6zel bir d\u00fczenleme teklifi yap\u0131ld\u0131?<\/p>\n<p style=\"text-align: justify;\">\u201c\u0130vedilik d\u00fc\u015f\u00fcncesiyle yap\u0131ld\u0131. Asl\u0131nda M\u0130T kanununda, Ba\u015fbakan\u2019dan izin al\u0131nmas\u0131 \u015fart\u0131 var, yeniden yazmak malumun ilan\u0131 olur. CMK\u2019daki d\u00fczenleme farkl\u0131 oldu\u011fundan \u00f6zel kanun, genel kanun tart\u0131\u015fmas\u0131 da \u00e7\u0131kt\u0131. \u00c7\u00f6z\u00fcm, CMK\u2019da de\u011fi\u015fiklik yap\u0131lmas\u0131d\u0131r.\u201d<\/p>\n<p style=\"text-align: justify;\">Nas\u0131l olacak bu? Bakan Ergin yarg\u0131y\u0131 h\u0131zland\u0131rmak i\u00e7in Meclis\u2019e 90 maddelik bir torba yasa sunuldu\u011funu hat\u0131rlatt\u0131. \u00c7ar\u015famba g\u00fcn\u00fc Komisyon\u2019da g\u00f6r\u00fc\u015f\u00fclecek&#8230;<\/p>\n<p style=\"text-align: justify;\">\u201cCHP ve BDP\u2019nin de teklifleri var. \u00c7ar\u015famba g\u00fcn\u00fc Komisyon\u2019da CMK\u2019da bahsetti\u011fim y\u00f6nde de\u011fi\u015fiklik yap\u0131lmas\u0131 i\u00e7in teklifler sunulur. Her partiden \u00fcyelerin kat\u0131laca\u011f\u0131 bir alt komisyon kurulur, Yarg\u0131tay\u2019dan uzman yarg\u0131\u00e7lar da kat\u0131l\u0131r. Alt komisyonda CMK 250. ve 251. maddelerde nas\u0131l de\u011fi\u015fiklik yap\u0131laca\u011f\u0131 teknik olarak tespit edilir&#8230;\u201d<\/p>\n<p style=\"text-align: justify;\">Ve oradan Meclis\u2019e gelir, yasala\u015f\u0131r. \u00d6ng\u00f6r\u00fclen s\u00fcre\u00e7 b\u00f6yle.<\/p>\n<p style=\"text-align: justify;\"><span style=\"color: #993300;\"><strong>Ba\u015fbu\u011f ve Ergenekon\u00a0<\/strong><\/span><\/p>\n<p style=\"text-align: justify;\">CMK 250. ve 251. maddelerde b\u00f6yle bir de\u011fi\u015fiklik yap\u0131l\u0131rsa, elbette y\u00fcr\u00fct\u00fclmekte olan Ergenekon davas\u0131ndaki eski kuvvet komutanlar\u0131 ve eski Genelkurmay Ba\u015fkan\u0131 \u0130lker Ba\u015fbu\u011f i\u00e7in Ba\u015fbakanl\u0131k\u2019tan izin al\u0131nmas\u0131 gerekecektir.<\/p>\n<p style=\"text-align: justify;\">Haklar\u0131ndaki su\u00e7lamalar\u0131n hukuki ve siyasi a\u011f\u0131rl\u0131\u011f\u0131na g\u00f6re Ba\u015fbakan izin verir veya vermez.<\/p>\n<p style=\"text-align: justify;\">\u0130yi de siyasi makam olan Ba\u015fbakanl\u0131\u011fa bu yetkiyi vermek do\u011fru mu?<\/p>\n<p style=\"text-align: justify;\"><span style=\"color: #993300;\"><strong>Hukuka uygun\u00a0<\/strong><\/span><\/p>\n<p style=\"text-align: justify;\">TCK 301. maddeden soru\u015fturmas\u0131 a\u00e7\u0131lmas\u0131n\u0131n Adalet Bakan\u0131\u2019n\u0131n iznine ba\u011fl\u0131 oldu\u011funu hat\u0131rlatan Ergin diyor ki:<\/p>\n<p style=\"text-align: justify;\">\u201cAnayasa Mahkemesi Adalet Bakan\u0131\u2019n\u0131n \u2018Yarg\u0131sal de\u011ferlendirmeden ziyade devlet ve toplum yarar\u0131 a\u00e7\u0131s\u0131ndan bir takdir yetkisini kullanacakt\u0131r\u2019 gerek\u00e7esiyle bunu<\/p>\n<p style=\"text-align: justify;\">anayasaya uygun bulmu\u015ftur. Ba\u015fbakan\u2019\u0131n iznine ba\u011flanmas\u0131 da 301. madde gibidir, anayasaya uygundur.\u201d<\/p>\n<p style=\"text-align: justify;\">Evet, Anayasa Mahkemesi\u2019nin 2009\/70 say\u0131l\u0131 karar\u0131 aynen b\u00f6yledir.<\/p>\n<p style=\"text-align: justify;\">Ba\u015ftan beri ben de bunu savunuyorum: M\u0130T ve Ba\u015fbakanl\u0131k M\u00fcste\u015farlar\u0131, Genelkurmay Ba\u015fkan\u0131 ve Kuvvet Komutanlar\u0131, Emniyet Genel M\u00fcd\u00fcr\u00fc gibi makamlardaki g\u00f6revlerde, \u201cyarg\u0131sal de\u011ferlendirmeden ziyade devlet ve toplum yarar\u0131\u201d daha \u00f6nemli olabilece\u011fi i\u00e7in, soru\u015fturmalar Ba\u015fbakan\u2019\u0131n iznine ba\u011fl\u0131 olmal\u0131d\u0131r.<\/p>\n<p style=\"text-align: justify;\">B\u00f6yle bir d\u00fczenleme hukuktaki \u201ctehlike su\u00e7u\u201d kavram\u0131 da uygundur.<\/p>\n<p style=\"text-align: justify;\"><span style=\"color: #993300;\"><strong>Ba\u015fbakan, neye g\u00f6re?\u00a0<\/strong><\/span><\/p>\n<p style=\"text-align: justify;\">Adalet Bakanl\u0131\u011f\u0131\u2019n\u0131n 301. maddeyle ilgili uygulamas\u0131nda oldu\u011fu gibi, Ba\u015fbakanl\u0131k\u2019ta da hukuk\u00e7ular gerek\u00e7eli rapor yazacaklar, ba\u015fbakan su\u00e7 konusu eylemlerin hukuki ve siyasi a\u011f\u0131rl\u0131\u011f\u0131na g\u00f6re izin verecek veya vermeyecektir.<\/p>\n<p style=\"text-align: justify;\">Sadullah Ergin \u015funu da vurgulad\u0131:<\/p>\n<p style=\"text-align: justify;\">\u201cBa\u015fbakan\u2019\u0131n b\u00fct\u00fcn kararlar\u0131 yarg\u0131 denetimine tabidir. Soru\u015fturma i\u00e7in izin verdi\u011finde ilgili ki\u015fi ya da izin vermedi\u011finde ilgili savc\u0131 idari yarg\u0131ya itiraz edebilir. Ba\u015fbakan da gerek\u00e7elerini a\u00e7\u0131klar, kamuoyu da gerek\u00e7eleri \u00f6\u011frenir.\u201d<\/p>\n<p style=\"text-align: justify;\">Evet, ba\u015fbakanlar\u0131n kararlar\u0131 savc\u0131lar\u0131n kararlar\u0131ndan daha fazla yarg\u0131 ve kamuoyu denetimine a\u00e7\u0131kt\u0131r.<\/p>\n<p style=\"text-align: justify;\">CMK\u2019da bu y\u00f6nde de\u011fi\u015fiklik yap\u0131lmas\u0131na muhalefet de katk\u0131da bulunmal\u0131, komisyonda ortak bir makul metin olu\u015fturulmal\u0131d\u0131r.<\/p>\n<p style=\"text-align: justify;\">NOT: De\u011ferli tarih\u00e7i a\u011fabeyim Y\u0131lmaz \u00d6ztuna\u2019ya Allah\u2019tan rahmet diliyorum, eserleriyle kalbimizde ve zihnimizde ya\u015fayacakt\u0131r.<\/p>\n<p style=\"text-align: justify;\"><a href=\"http:\/\/www.gazeteport.com.tr\/haber\/78794\/quotbasbug_icin_de_basbakan_izni_gerekecekquot\" target=\"_blank\">Kaynak : GAZETEPORT<\/a><\/p>\n","protected":false},"excerpt":{"rendered":"<p id=\"caption-attachment-48762\" class=\"wp-caption-text\">\u0130lker Ba\u015fbu\u011f &#8211; Recep Tayyip Erdo\u011fan<\/p>\n<p style=\"text-align: justify;\">M\u0130T M\u00fcste\u015far\u0131&#8217;n\u0131n ifadeye \u00e7a\u011fr\u0131lmas\u0131yla patlak veren krizin \u00e7\u00f6z\u00fcm\u00fc i\u00e7in kollar\u0131 s\u0131vayan Adalet Bakan\u0131&#8217;n\u0131ndan, yap\u0131lacak d\u00fczenlemenin asker-sivil ay\u0131rmadan kritik \u00fcst d\u00fczey g\u00f6revlileri kapsayaca\u011f\u0131 a\u00e7\u0131klamas\u0131 geldi.<\/p>\n<p style=\"text-align: justify;\">M\u0130T M\u00fcste\u015far\u0131 Hakan Fidan\u2019\u0131n, \u00f6zel yetkili savc\u0131 taraf\u0131ndan KCK soru\u015fturmas\u0131 kapsam\u0131nda ifadeye \u00e7a\u011fr\u0131lmas\u0131, CMK ile M\u0130T kanununu kar\u015f\u0131 kar\u015f\u0131ya <\/p>\n","protected":false},"author":1,"featured_media":0,"comment_status":"open","ping_status":"open","sticky":false,"template":"","format":"standard","meta":{"footnotes":""},"categories":[105],"tags":[],"class_list":["post-48761","post","type-post","status-publish","format-standard","hentry","category-gundem","odd"],"_links":{"self":[{"href":"http:\/\/www.korhanyilmaz.com\/index.php?rest_route=\/wp\/v2\/posts\/48761","targetHints":{"allow":["GET"]}}],"collection":[{"href":"http:\/\/www.korhanyilmaz.com\/index.php?rest_route=\/wp\/v2\/posts"}],"about":[{"href":"http:\/\/www.korhanyilmaz.com\/index.php?rest_route=\/wp\/v2\/types\/post"}],"author":[{"embeddable":true,"href":"http:\/\/www.korhanyilmaz.com\/index.php?rest_route=\/wp\/v2\/users\/1"}],"replies":[{"embeddable":true,"href":"http:\/\/www.korhanyilmaz.com\/index.php?rest_route=%2Fwp%2Fv2%2Fcomments&post=48761"}],"version-history":[{"count":0,"href":"http:\/\/www.korhanyilmaz.com\/index.php?rest_route=\/wp\/v2\/posts\/48761\/revisions"}],"wp:attachment":[{"href":"http:\/\/www.korhanyilmaz.com\/index.php?rest_route=%2Fwp%2Fv2%2Fmedia&parent=48761"}],"wp:term":[{"taxonomy":"category","embeddable":true,"href":"http:\/\/www.korhanyilmaz.com\/index.php?rest_route=%2Fwp%2Fv2%2Fcategories&post=48761"},{"taxonomy":"post_tag","embeddable":true,"href":"http:\/\/www.korhanyilmaz.com\/index.php?rest_route=%2Fwp%2Fv2%2Ftags&post=48761"}],"curies":[{"name":"wp","href":"https:\/\/api.w.org\/{rel}","templated":true}]}}