{"id":48756,"date":"2012-02-13T00:12:48","date_gmt":"2012-02-12T22:12:48","guid":{"rendered":"http:\/\/www.korhanyilmaz.com\/?p=48756"},"modified":"2012-02-13T09:35:35","modified_gmt":"2012-02-13T07:35:35","slug":"ergenekon-balyoz-denizfeneri-simdi-de-kck-savcisi","status":"publish","type":"post","link":"http:\/\/www.korhanyilmaz.com\/?p=48756","title":{"rendered":"Ergenekon Balyoz, Denizfeneri \u015fimdi de KCK savc\u0131s\u0131"},"content":{"rendered":"<p style=\"text-align: center;\"><a href=\"http:\/\/www.korhanyilmaz.com\/wp-content\/uploads\/2012\/02\/9768.jpg\"  class=\"lightview\"><img loading=\"lazy\" decoding=\"async\" class=\"aligncenter  wp-image-48757\" src=\"http:\/\/www.korhanyilmaz.com\/wp-content\/uploads\/2012\/02\/9768.jpg\" alt=\"\" width=\"396\" height=\"180\" \/><\/a><\/p>\n<p style=\"text-align: justify;\">M\u0130T M\u00fcste\u015far\u0131 Hakan Fidan&#8217;\u0131 \u015f\u00fcpheli olarak ifadeye \u00e7a\u011f\u0131ran \u00d6zel Yetkili Savc\u0131 Sadrettin Sar\u0131kaya&#8217;n\u0131n g\u00f6revden al\u0131nmas\u0131 ilk de\u011fil.<\/p>\n<p style=\"text-align: justify;\">Kamuoyunun yak\u0131ndan tan\u0131d\u0131\u011f\u0131 soru\u015fturmalar ve davalar onlar\u0131 soru\u015fturan hakim ve savc\u0131lar\u0131 da yerinden etti. M\u0130T M\u00fcste\u015far\u0131 Hakan Fidan&#8217;\u0131 \u015f\u00fcpheli olarak ifadeye \u00e7a\u011f\u0131ran \u00d6zel Yetkila Savc\u0131 Sadrettin Sar\u0131kaya&#8217;n\u0131n g\u00f6revinden al\u0131nmas\u0131ndan \u00f6nce de \u00e7ok say\u0131da hakim ve savc\u0131 da g\u00f6revlerinden al\u0131nd\u0131.\u00a0<!--more--><\/p>\n<p style=\"text-align: justify;\">Ergenekon davas\u0131n\u0131 y\u00fcr\u00fcten 13. A\u011f\u0131r Ceza Mahkemesi Ba\u015fkan\u0131 K\u00f6ksal \u015eeng\u00fcn, Balyoz soru\u015fturmas\u0131n\u0131 y\u00fcr\u00fcten Mehmet Berk ve Bilal Bayraktar, Balyoz davas\u0131nda verdi\u011fi tahliye kararlar\u0131 ve muhalefet \u015ferhleriyle tan\u0131nan 10. A\u011f\u0131r Ceza Mahkeme \u00fcyesi Oktay Kuban, Mahkeme Ba\u015fkan\u0131 Zafer Ba\u015fyurt, Deniz Feneri e.V soru\u015fturmas\u0131n\u0131 y\u00fcr\u00fcten savc\u0131lar Nadi T\u00fcrkaslan, Mehmet Tam\u00f6z ve Abdulvahap Yaren, ve soru\u015fturmadan sorumlu ba\u015fsavc\u0131 vekili Nuri Yi\u011fit son alt\u0131 ay i\u00e7inde g\u00f6revlerinden al\u0131nan savc\u0131 ve hakimler olurken, anayasaya konulan hakimlik teminat\u0131 tart\u0131\u015fmal\u0131 hale geldi.<\/p>\n<p style=\"text-align: justify;\"><strong>BALYOZ SORU\u015eTURMASIYLA BA\u015eLADI<\/strong><\/p>\n<p style=\"text-align: justify;\">&#8216;Balyoz Harekat Plan\u0131&#8217; soru\u015fturmas\u0131nda 5 Nisan 2011 tarahinde 14 il, 90 adres ve 95 ki\u015fiyi kapsayan &#8216;operasyon&#8217; emriyle \u00fc\u00e7\u00fcnc\u00fc ve en b\u00fcy\u00fck g\u00f6zalt\u0131 dalgas\u0131 ba\u015flat\u0131ld\u0131. Ak\u015fam saatlerine kadar 70&#8217;i a\u015fk\u0131n muvazzaf asker g\u00f6zalt\u0131na al\u0131n\u0131rken Genelkurmay&#8217;\u0131n bu g\u00f6zalt\u0131lara itiraz etti\u011fi ileri s\u00fcr\u00fcld\u00fc. Aykut Cengiz Engin ve \u00d6zel Yetkile Cumhuriyet Savc\u0131lar\u0131ndan sorumlu vekili Turan \u00c7olakkad\u0131, Balyoz soru\u015fturmas\u0131n\u0131 y\u00fcr\u00fcten Bilal Bayraktar ile Mehmet Berk\u2019in g\u00f6revden ald\u0131 ve yerine ba\u015fka iki savc\u0131 g\u00f6revlendirdi.<\/p>\n<p style=\"text-align: justify;\">Yap\u0131lan a\u00e7\u0131klamaya g\u00f6re \u0130stanbul Cumhuriyet Ba\u015fsavc\u0131s\u0131 Aykut Cengiz Engin, &#8216;Balyoz&#8217; soru\u015fturmas\u0131 s\u0131ras\u0131nda yap\u0131lan i\u015flemlerde ba\u015fsavc\u0131vekillerinden &#8216;uygun g\u00f6r\u00fcld\u00fc&#8217; onay\u0131 al\u0131nmas\u0131 konusunda talimat verdi\u011fi ortaya \u00e7\u0131kt\u0131. \u0130stanbul Emniyet M\u00fcd\u00fcrl\u00fc\u011f\u00fc ve \u0130stanbul Merkez Komutanl\u0131\u011f\u0131\u2019na &#8216;gizli ve ivedi&#8217; ibareli g\u00f6nderilen yaz\u0131da kolluk kuvvetlerine \u015fu talimat verildi: &#8216;Balyoz&#8217; soru\u015fturmas\u0131n\u0131 y\u00fcr\u00fcten savc\u0131lar\u0131n talimatlar\u0131nda ba\u015fsavc\u0131vekillerinin imzas\u0131 yoksa iade edin&#8217; talimat\u0131 g\u00f6nderildi\u011fi ortaya \u00e7\u0131kt\u0131. Yani dosyadan el \u00e7ektirilen iki savc\u0131 Ba\u015fsavc\u0131n\u0131n yaz\u0131l\u0131 talimat\u0131na ra\u011fmen Aykut Cengiz Engin ve Turan \u00c7olakkad\u0131&#8217;dan onay almadan g\u00f6zalt\u0131 talimat\u0131 verdikleri ortaya \u00e7\u0131km\u0131\u015f oldu.<\/p>\n<p style=\"text-align: justify;\"><strong>BALYOZ&#8217;DA TAHL\u0130YEC\u0130 HAK\u0130M OKTAY KUBAN<\/strong><\/p>\n<p style=\"text-align: justify;\">Balyoz davas\u0131n\u0131n soru\u015fturma s\u00fcrecinde en b\u00fcy\u00fck tahliye dalgas\u0131 1 Nisan 2010 tarihinde ya\u015fand\u0131. N\u00f6bet\u00e7i 12. A\u011f\u0131r Ceza Mahkemesi hakimi Oktay Kuban, aralar\u0131nda d\u00f6nemin 1. Ordu Komutan\u0131 emekli Orgeneral \u00c7etin Do\u011fan ve emekli Korgeneral Engin Alan&#8217;\u0131n da bulundu\u011fu 19 ki\u015fiyi serbest b\u0131rakt\u0131. Bu arada Korgeneral Yurdaer Olcan ve T\u00fcmgeneral Abdullah Dalay da mart ay\u0131n\u0131n son haftas\u0131nda farkl\u0131 tarihlerde savc\u0131lar taraf\u0131ndan sorguland\u0131 ve &#8216;tutuklanma istemiyle&#8217; sevk edildikleri mahkemede yine Kuban&#8217;\u0131n karar\u0131yla serbest b\u0131rak\u0131ld\u0131. Oktay Kuban imzal\u0131 tahliyelerle birlikte Balyoz soru\u015fturmas\u0131nda yine adliye i\u00e7inde bir gerilim hissedilmeye ba\u015fland\u0131. Bu gerilim sonra mahkeme karar\u0131na da yans\u0131d\u0131. \u00c7\u00fcnk\u00fc &#8216;Kuban imzal\u0131&#8217; tahliye kararlar\u0131na savc\u0131lar itirazda bulundu. 12. A\u011f\u0131r Ceza Mahkemesi&#8217;nin hakim Oktay Kuban d\u0131\u015f\u0131ndaki heyeti &#8216;oybirli\u011fiyle&#8217; serbest b\u0131rak\u0131lan 21 asker i\u00e7in &#8216;yakalama karar\u0131&#8217; \u00e7\u0131kard\u0131.<\/p>\n<p style=\"text-align: justify;\"><strong>G\u00dcZ KARARNAMES\u0130YLE ESK\u0130\u015eEH\u0130R&#8217;E ATANDI<\/strong><\/p>\n<p style=\"text-align: justify;\">Verdi\u011fi tahliyeler ve gerek\u00e7elerle bir anda kamuoyunda baz\u0131 gazeteler taraf\u0131ndan hedef haline gelen Oktay Kuban Hakimler ve Savc\u0131lar Y\u00fcksek Kurulu&#8217;nun adli yarg\u0131ya ili\u015fkin g\u00fcz kararnamesiyle g\u00f6rev yeri de\u011fi\u015ftirildi. Oktay Kuban Eski\u015fehir&#8217;e atand\u0131. Hakk\u0131ndaki atama karar\u0131n\u0131 ailesiyle birlikte yemekteyken televizyondan ge\u00e7en son dakika ile haber ald\u0131\u011f\u0131n\u0131, bu duruma \u00fcz\u00fcld\u00fc\u011f\u00fcn\u00fc dile getiren Kuban, &#8220;Farkl\u0131 yerlere atanacak olan ki\u015filere, &#8216;Sizi \u015furaya tayin etmek istiyoruz uygunsa&#8217; diye g\u00f6r\u00fc\u015f\u00fclm\u00fc\u015f. Bir tek benim hakk\u0131mda fikir sorulmaks\u0131z\u0131n b\u00f6yle bir karar verildi.&#8221; dedi.<\/p>\n<p style=\"text-align: justify;\"><strong>BALYOZ&#8217;DA SON DAK\u0130KA S\u00dcRPR\u0130Z\u0130<\/strong><\/p>\n<p style=\"text-align: justify;\">HSYK, Balyoz davas\u0131n\u0131n ilk duru\u015fmas\u0131na 2 g\u00fcn kala davaya bakacak olan \u0130stanbul \u00f6zel yetkili 10. A\u011f\u0131r Ceza Mahkemesi Ba\u015fkan\u0131 Zafer Ba\u015fkurt\u2019u g\u00f6revden ald\u0131&#8230;<\/p>\n<p style=\"text-align: justify;\">\u0130stanbul A\u011f\u0131r Ceza Mahkemeleri\u2019nde son anda yap\u0131lan de\u011fi\u015fiklikle Balyoz davas\u0131na bakacak olan 10. A\u011f\u0131r Ceza Mahkemesi\u2019nin Ba\u015fkan\u0131 Zafer Ba\u015fkurt g\u00f6revden al\u0131nd\u0131. Yerine, Ergenekon davas\u0131n\u0131n ba\u015flamas\u0131yla birlikte kurulan \u0130stanbul 13. A\u011f\u0131r Ceza Mahkemesi\u2019nin ikinci heyetinin k\u0131demli \u00fcyesi \u00d6mer Diken atand\u0131. Ba\u015fkurt\u2019un Gebze\u2019ye d\u00fcz hakim olarak tayini \u00e7\u0131kart\u0131ld\u0131. Ayr\u0131ca aralar\u0131nda Hrant Dink\u2019in de oldu\u011fu bir\u00e7ok \u00f6nemli davaya bakan \u0130stanbul 14. A\u011f\u0131r Ceza Mahkemesi Ba\u015fkan\u0131 Erkan Canak da \u00f6zel yetkileri kald\u0131r\u0131larak Sakarya\u2019ya atand\u0131. Canak\u2019\u0131n yerine de yine ayn\u0131 mahkemenin \u00fcyesi R\u00fcstem Ery\u0131lmaz\u2019\u0131 getirildi.<\/p>\n<p style=\"text-align: justify;\"><strong>GEREK\u00c7E 77. MADDE<\/strong><\/p>\n<p style=\"text-align: justify;\">\u0130ki ba\u015fkan hakk\u0131ndaki karar\u0131n Hakimler ve Savc\u0131lar Kanunu\u2019nun \u201cHakk\u0131nda soru\u015fturma yap\u0131lan hakim ve savc\u0131n\u0131n g\u00f6reve devam\u0131n\u0131n, soru\u015fturman\u0131n selametine yahut yarg\u0131 erkinin n\u00fcfuz ve itibar\u0131na zarar verece\u011fine kanaat getirilirse, HSYK\u2019ca ge\u00e7ici bir tedbir olarak g\u00f6revden uzakla\u015ft\u0131r\u0131lmas\u0131na veya ge\u00e7ici yetki ile bir ba\u015fka yarg\u0131 \u00e7evresinde g\u00f6revlendirilmesine karar verilebilir\u201d h\u00fckm\u00fcn\u00fc d\u00fczenleyen 77. maddesine dayanarak al\u0131nd\u0131\u011f\u0131 belirtildi. Karar\u0131n al\u0131nd\u0131\u011f\u0131 \u00f6nceki g\u00fcnk\u00fc toplant\u0131ya, Kurul Ba\u015fkan\u0131 da olan Adalet Bakan\u0131 Ergin kat\u0131lmad\u0131. 500 hakimin m\u00fcstemir yetkilerinin belirlendi\u011fi karar, oybirli\u011fiyle al\u0131nd\u0131.<\/p>\n<p style=\"text-align: justify;\"><strong>YERLER\u0130NE ATANAN HAK\u0130MLER<\/strong><\/p>\n<p style=\"text-align: justify;\">HSYK, Ba\u015fkurt\u2019un yerine Ergenekon davas\u0131n\u0131n ba\u015flamas\u0131yla birlikte kurulan \u0130stanbul 13. A\u011f\u0131r Ceza Mahkemesi\u2019nin ikinci heyetinin k\u0131demli \u00fcyesi \u00d6mer Diken\u2019i getirdi. Diken, Ergenekon\u2019da \u201cYedek hakim\u201d s\u0131fat\u0131yla verdi\u011fi baz\u0131 kararlar nedeniyle san\u0131klar taraf\u0131ndan HSYK\u2019ya \u015fikayet edilmi\u015fti. HSYK, 14. A\u011f\u0131r Ceza Mahkemesi Ba\u015fkanl\u0131\u011f\u0131\u2019na da yine ayn\u0131 mahkemenin \u00fcyesi R\u00fcstem Ery\u0131lmaz\u2019\u0131 getirdi. Ery\u0131lmaz hakk\u0131nda da Islak \u0130mza davas\u0131n\u0131n san\u0131\u011f\u0131 Albay Dursun \u00c7i\u00e7ek taraf\u0131ndan HSYK\u2019ya yap\u0131lm\u0131\u015f \u015fikayet vard\u0131.<\/p>\n<p style=\"text-align: justify;\"><strong>D\u0130NK DAVASINA BAKIYORDU<\/strong><\/p>\n<p style=\"text-align: justify;\">\u0130stanbul 14. A\u011f\u0131r Ceza Mahkemesi Ba\u015fkan\u0131 Erkan Canak, Agos Gazetesi Genel Yay\u0131n Y\u00f6netmeni Hrant Dink\u2019in \u00f6ld\u00fcr\u00fclmesi, Almanya\u2019dan iade edilen Metin Kaplan ve \u201cDost Tarikat\u0131\u201d lideri \u0130hsan G\u00fcven ve e\u015finin \u00f6ld\u00fcr\u00fclmesine ili\u015fkin davalar\u0131n yarg\u0131lamalar\u0131n\u0131 yapm\u0131\u015ft\u0131.<\/p>\n<p style=\"text-align: justify;\"><strong>\u00c7\u0130\u00c7EK VE HABERAL\u2019A TAHL\u0130YE \u0130STED\u0130<\/strong><\/p>\n<p style=\"text-align: justify;\">Canak, Devrimci Karargah soru\u015fturmas\u0131nda Emniyet M\u00fcd\u00fcr\u00fc Hanefi Avc\u0131\u2019n\u0131n tutuklulu\u011funa yap\u0131lan itirazda tutuklulu\u011fun devam\u0131 y\u00f6n\u00fcnde oy kullanm\u0131\u015ft\u0131. Ayr\u0131ca Dursun \u00c7i\u00e7ek\u2019in ilk tutuklamas\u0131n\u0131n ard\u0131ndan yap\u0131lan itirazda tahliye oyu vermi\u015f, Mehmet Haberal\u2019\u0131n da tahliyesini istemi\u015fti. Canak\u2019\u0131n yerine atanan k\u0131demli \u00fcye R\u00fcstem Ery\u0131lmaz ise Dursun \u00c7i\u00e7ek\u2019in ilk tutuklamas\u0131n\u0131 yapan hakimdi.<\/p>\n<p style=\"text-align: justify;\"><strong>\u00a0K\u00d6KSAL \u015eENG\u00dcN BOLU&#8217;YA<\/strong><\/p>\n<p style=\"text-align: justify;\">Hakimler ve Savc\u0131lar Y\u00fcksek Kurulu, Ergenekon davas\u0131n\u0131n g\u00f6r\u00fcld\u00fc\u011f\u00fc \u0130stanbul 13. A\u011f\u0131r Ceza Mahkemesi\u2019nin Ba\u015fkan\u0131 K\u00f6ksal \u015eeng\u00fcn\u2019\u00fc talebi olmaks\u0131z\u0131n g\u00f6rev yerini de\u011fi\u015ftirdi. Ba\u015fkan \u015eeng\u00fcn\u2019\u00fcn \u00f6zel yetkileri al\u0131narak Bolu Hakimli\u011fi\u2019ne atand\u0131. K\u00f6ksal \u015eeng\u00fcn, Ergenekon davas\u0131 tutuklular\u0131 hakk\u0131nda tahliye ve tutuksuz yarg\u0131lama y\u00f6n\u00fcnde oy kullanarak di\u011fer \u00fcye hakimlerin aksine kararlara muhalefet \u015ferhi koydurtuyordu.<\/p>\n<p style=\"text-align: justify;\"><strong>HABERAL VE BALBAY TAHL\u0130YE ED\u0130LS\u0130N\u2019 DEM\u0130\u015eT\u0130<\/strong><\/p>\n<p style=\"text-align: justify;\">K\u00f6ksal \u015eeng\u00fcn, milletvekili se\u00e7ilen Ergenekon davas\u0131 san\u0131\u011f\u0131 Prof. Dr. Mehmet Haberal ile gazeteci Mustafa Balbay\u2019\u0131n tahliye taleplerinin reddedilmesi karar\u0131na da muhalefet etmi\u015fti. \u015eeng\u00fcn, &#8220;TBMM \u00fcyeli\u011fine yasal bir se\u00e7im sonucu ve demokratik yollardan se\u00e7ilen bu ki\u015filerin kazanm\u0131\u015f olduklar\u0131 bu nitelikleri sebebiyle ka\u00e7ma, saklanma ve delilleri karartma ihtimalleri de kalmam\u0131\u015ft\u0131r&#8221; diyerek Balbay ve Haberal\u2019\u0131n tahliye edilmesini istemi\u015fti.<\/p>\n<p style=\"text-align: justify;\"><strong>AD\u0130L YARGILAMAYI ETK\u0130LEME SORU\u015eTURMASINDA \u0130SM\u0130 GE\u00c7T\u0130<\/strong><\/p>\n<p style=\"text-align: justify;\">Ba\u015fkan \u015eeng\u00fcn\u2019\u00fcn ismi Ergenekon soru\u015fturmas\u0131 kapsam\u0131nda y\u00fcr\u00fct\u00fclen &#8216;Adil Yarg\u0131lamay\u0131 Etkileme Soru\u015fturmas\u0131\u2019 nda da ge\u00e7mi\u015fti. Soru\u015fturma kapsam\u0131nda tutukland\u0131ktan sonra serbest b\u0131rak\u0131lan avukat T\u00fclay Bekar ile K\u00f6ksal \u015eeng\u00fcn\u2019\u00fcn telefon g\u00f6r\u00fc\u015fmeleri ortaya \u00e7\u0131km\u0131\u015ft\u0131. Mahkeme Ba\u015fkan\u0131 K\u00f6ksal \u015eeng\u00fcn, bu telefon dinlemeleri \u00fczerine o zaman soru\u015fturmay\u0131 y\u00fcr\u00fcten \u0130stanbul Cumhuriyet Ba\u015fsavc\u0131vekili Zekeriya \u00d6z\u2019\u00fc, HSYK\u2019ya \u015fikayet etmi\u015fti.<\/p>\n<p style=\"text-align: justify;\"><strong>&#8220;BU KARAR A\u00c7IK\u00c7A G\u00d6ZDA\u011eI VERMEKT\u0130R&#8221;<\/strong><\/p>\n<p style=\"text-align: justify;\">K\u00f6ksal \u015eeng\u00fcn atama ile ilgili olarak \u201cKarar\u0131 nas\u0131l yorumlamam gerekti\u011fini bilmiyorum. \u00c7ok a\u011f\u0131r ve uygun olmad\u0131\u011f\u0131na inand\u0131\u011f\u0131m karar. 37 y\u0131ld\u0131r g\u00f6revdeyim. Bug\u00fcne kadar \u015ferefimle namusumla g\u00f6revimi yapt\u0131m. Bu zamana kadar da hi\u00e7bir ki\u015fi, kurum, yetkiliden bir suale muhatap olmad\u0131m. Bana herhangi bir tebligat yap\u0131lmad\u0131 i\u00e7eri\u011fini de bilmiyorum. Ama asla ve asla b\u00f6yle bir cezaya muhatap olacak bir eylemde bulunmad\u0131m, bulunmam da. Bunu zul kabul ederim.\u201d demi\u015fti.<\/p>\n<p style=\"text-align: justify;\"><strong>DEN\u0130Z FENER\u0130 SAVCILARI G\u00d6REVDEN ALINDI<\/strong><\/p>\n<p style=\"text-align: justify;\">Ankara Ba\u015fsavc\u0131l\u0131\u011f\u0131 yakla\u015f\u0131k 4 y\u0131ld\u0131r s\u00fcren Almanya&#8217;daki Deniz Feneri e.V soru\u015fturmas\u0131n\u0131 y\u00fcr\u00fcten \u00fc\u00e7 savc\u0131y\u0131 soru\u015fturmadan ald\u0131. Ankara Ba\u015fsavc\u0131l\u0131\u011f\u0131, \u00f6nce soru\u015fturmadan sorumlu ba\u015fsavc\u0131 vekili Nuri Yi\u011fit\u2019i bu g\u00f6revden alarak, HSYK yedek \u00fcyesi olan Harun Kodalak\u2019\u0131 g\u00f6revlendirdi.Ard\u0131ndan \u00fc\u00e7 savc\u0131y\u0131 g\u00f6revden ald\u0131. Yerlerine savc\u0131lar Veli Dalgal\u0131 ve Hakan Tekta\u015f\u2019\u0131 getirdi. Karar\u0131n, savc\u0131lar\u0131n, san\u0131klara telefonlar\u0131n\u0131n dinlendi\u011fini ve arama yap\u0131laca\u011f\u0131n\u0131 bildiren 3 kamu g\u00f6revlisinin ifadesini almaya haz\u0131rlan\u0131rken verilmesi dikkat \u00e7ekti.<\/p>\n<p style=\"text-align: justify;\">Almanya ba\u011flant\u0131l\u0131 Deniz Feneri e.V soru\u015fturmas\u0131n\u0131 y\u00fcr\u00fcten savc\u0131lar Nadi T\u00fcrkaslan, Mehmet Tam\u00f6z ve Abdulvahap Yaren, Ankara Ba\u015fsavc\u0131l\u0131\u011f\u0131 taraf\u0131ndan soru\u015fturmadaki g\u00f6revlerinden al\u0131nd\u0131. Almanya\u2019daki Deniz Feneri davas\u0131n\u0131n a\u00e7\u0131lmas\u0131ndan sonra ba\u015flat\u0131lan Deniz Feneri soru\u015fturmas\u0131, tam 2 y\u0131l 10 ayl\u0131k inceleme ve ara\u015ft\u0131rma s\u00fcrecinin ard\u0131ndan ge\u00e7en Temmuz ay\u0131 ba\u015f\u0131nda ba\u015flat\u0131lan operasyonlarla ivme kazanm\u0131\u015ft\u0131. Soru\u015fturma kapsam\u0131nda aralar\u0131nda Zahid Akman ve Kanal 7 y\u00f6neticilerinin de oldu\u011fu 9 ki\u015fi tutuklanm\u0131\u015ft\u0131. Savc\u0131lar\u0131n de\u011fi\u015fmesinden sonra yap\u0131lan itirazlarla hen\u00fcz davaya d\u00f6n\u00fc\u015femeyen soru\u015fturmada tutuklu kimse kalmad\u0131.<\/p>\n<p style=\"text-align: justify;\">Almanya\u2019daki dernekle T\u00fcrkiye\u2019deki derne\u011fin ili\u015fkilerine ve toplanan ba\u011f\u0131\u015flar\u0131n \u015f\u00fcphelilerin orta\u011f\u0131 olduklar\u0131 \u015firketlere aktar\u0131ld\u0131\u011f\u0131na dair \u00e7ok say\u0131da bilgi ve belgenin ortaya \u00e7\u0131kt\u0131\u011f\u0131 soru\u015fturmay\u0131 y\u00fcr\u00fcten savc\u0131lar hakk\u0131nda \u015f\u00fcpheliler Akman ve Karaman HSYK\u2019ya su\u00e7 duyurusunda bulunmu\u015ftu. Su\u00e7 duyurusunda savc\u0131lar\u0131n 1 Haziran 2009\u2019da Ankara 3. Sulh Ceza Mahkemesi\u2019ne ba\u015fvurarak aralar\u0131nda Akman\u2019\u0131n da bulundu\u011fu 19 ki\u015finin t\u00fcm mal varl\u0131klar\u0131na el konulmas\u0131 talebinde bulunduklar\u0131, Ankara 3. Sulh Ceza Mahkemesi\u2019nin t\u00fcm ta\u015f\u0131nmazlar\u0131, ara\u00e7lar\u0131 ve ortak oldu\u011fu \u015firketlerdeki hisselerine \u201cel konulmas\u0131\u201d karar verdi\u011fi, ancak ortak olduklar\u0131 \u015firketlerin mal varl\u0131klar\u0131na el konulmas\u0131 karar\u0131n\u0131 ise reddettikleri belirtilmi\u015fti. Ancak savc\u0131lar\u0131n \u015firketlerin mal varl\u0131klar\u0131na el konulmas\u0131 talebinin reddine ra\u011fmen, bu \u015firketlerin varl\u0131klar\u0131na el koyma amac\u0131yla i\u015flem yapt\u0131\u011f\u0131n\u0131 iddia etmi\u015flerdi. Bu iddialar \u00fczerine HSYK\u2019n\u0131n incelemesi sonunda, savc\u0131lar hakk\u0131nda \u00f6nce soru\u015fturma a\u00e7\u0131ld\u0131. Sonra da 12 y\u0131la kadar hapis istemi ile dava a\u00e7\u0131ld\u0131.<\/p>\n<p style=\"text-align: justify;\"><strong>SON SAVCI SADRETT\u0130N SARIKAYA<\/strong><\/p>\n<p style=\"text-align: justify;\">Y\u00fcr\u00fcyen soru\u015fturmalarda dosyadan el \u00e7ektirilen son savc\u0131 Sadrettin Sar\u0131kaya oldu. Aralar\u0131nda eski M\u0130T M\u00fcste\u015far\u0131 ve yard\u0131mc\u0131s\u0131 da olmak \u00fczere M\u0130T M\u00fcste\u015far\u0131 Hakan Fidan&#8217;\u0131n da bulundu\u011fu 5 ki\u015fi hakk\u0131nda \u00f6nce davetiye sonra da yakalama \u00e7\u0131kartan \u00d6zel Yetkili Savc\u0131 Sadrettin Sar\u0131kaya dosyadan el \u00e7ektirildi. Yerine ise iki \u00f6zel yetkili savc\u0131 atand\u0131.<\/p>\n<p style=\"text-align: justify;\"><strong>AM\u0130R\u0130NDEN B\u0130LG\u0130 G\u0130ZLED\u0130 \u0130DD\u0130ASI<\/strong><\/p>\n<p style=\"text-align: justify;\">\u0130Stanbul Ba\u015fsavc\u0131s\u0131 Turan \u00c7olakkad\u0131, karar\u0131n Ba\u015fsavc\u0131 Vekili Fikret Se\u00e7en taraf\u0131ndan Temmuz 2011&#8217;de \u00e7\u0131kar\u0131lan &#8220;\u00d6zel Yetkili Cumhuriyet Savc\u0131l\u0131\u011f\u0131 \u00c7al\u0131\u015fma Talimatnamesi&#8221; ba\u015fl\u0131kl\u0131 talimname do\u011frultusunda al\u0131nd\u0131\u011f\u0131n\u0131 belirterek, &#8220;Se\u00e7en, Sar\u0131kaya bir anlamda bizim anayasam\u0131z olan talimatnameye uygun hareket etmedi\u011fi i\u00e7in benim onay\u0131mla takdir yetkisini kullanm\u0131\u015ft\u0131r&#8221; dedi. \u00c7olakkad\u0131 \u015f\u00f6yle konu\u015ftu: &#8220;Savc\u0131 Sadrettin Sar\u0131kaya&#8217;n\u0131n g\u00f6revden al\u0131nmas\u0131 bilgim ve onay\u0131m d\u00e2hilinde ger\u00e7ekle\u015fti. Ba\u015fsavc\u0131 Vekili Fikret Se\u00e7en&#8217;in ald\u0131\u011f\u0131 bu karar\u0131n as\u0131l gerek\u00e7esi savc\u0131n\u0131n y\u00fcr\u00fctt\u00fc\u011f\u00fc soru\u015fturman\u0131n gizlili\u011fini temin edememesi, olay\u0131n bas\u0131na s\u0131zmas\u0131na engel olamamas\u0131d\u0131r. Soru\u015fturman\u0131n g\u00fcvenli\u011fini sa\u011flamas\u0131 gerekirken gereken tedbirleri almam\u0131\u015ft\u0131r. \u0130kinci gerek\u00e7e ise kendisine \u00f6zel yetkiyi veren ba\u015fsavc\u0131 vekilinden soru\u015fturmayla ilgili geli\u015fmeleri gizlemesidir. Zaten dosyay\u0131 kendisine teslim eden Ba\u015fsavc\u0131 Vekili&#8217;dir.<\/p>\n<p style=\"text-align: justify;\">Ondan bilgi gizlemek, yani bir anlamda amirini kontrpiyeye d\u00fc\u015f\u00fcrmek \u00e7al\u0131\u015fma talimatnamesine ayk\u0131r\u0131. Bu g\u00f6revi k\u00f6t\u00fcye kullanmakt\u0131r. Ben de Fikret Se\u00e7en de olay\u0131 bas\u0131ndan \u00f6\u011frendik. Talimatnameyi bizzat ben haz\u0131rlatt\u0131m. B\u00fct\u00fcn ba\u015fsavc\u0131 vekilleri ve savc\u0131lar bu talimatnameye uymak zorunda. 20 ba\u015fsavc\u0131 vekili bu talimatnameye g\u00f6re hareket ediyor. Bu talimatnamede soru\u015fturman\u0131n gizlili\u011finin ihlaline kar\u015f\u0131 \u00f6nlem al\u0131nmas\u0131 gerekti\u011fi ve soru\u015fturmayla ilgili geli\u015fmelerin ba\u015fsavc\u0131 vekilinin bilgi ve onay\u0131 d\u00e2hilinde yap\u0131lmas\u0131 gerekti\u011fi a\u00e7\u0131k\u00e7a belirtiliyor. Bu talimatname bizim bir anlamda anayasam\u0131zd\u0131r. Bu talimatname h\u00fck\u00fcmlerine ayk\u0131r\u0131 bir durum olursa H\u00e2kimler ve Savc\u0131lar Y\u00fcksek Kurulu karar\u0131na gerek olmadan ba\u015fsavc\u0131 vekili takdir yetkisini kullanabilir, ki kullanm\u0131\u015ft\u0131r. Soru\u015fturmay\u0131 Sar\u0131kaya&#8217;dan al\u0131p ba\u015fka bir savc\u0131ya vermi\u015ftir.&#8221; dedi.<\/p>\n<p style=\"text-align: justify;\"><a href=\"http:\/\/www.gazeteport.com.tr\/haber\/78791\/ergenekon_balyoz_denizfeneri_simdi_de_kck_savcisi\" target=\"_blank\">Kaynak : GAZETEPORT<\/a><\/p>\n","protected":false},"excerpt":{"rendered":"<p style=\"text-align: center;\">\n<p style=\"text-align: justify;\">M\u0130T M\u00fcste\u015far\u0131 Hakan Fidan&#8217;\u0131 \u015f\u00fcpheli olarak ifadeye \u00e7a\u011f\u0131ran \u00d6zel Yetkili Savc\u0131 Sadrettin Sar\u0131kaya&#8217;n\u0131n g\u00f6revden al\u0131nmas\u0131 ilk de\u011fil.<\/p>\n<p style=\"text-align: justify;\">Kamuoyunun yak\u0131ndan tan\u0131d\u0131\u011f\u0131 soru\u015fturmalar ve davalar onlar\u0131 soru\u015fturan hakim ve savc\u0131lar\u0131 da yerinden etti. M\u0130T M\u00fcste\u015far\u0131 Hakan Fidan&#8217;\u0131 \u015f\u00fcpheli olarak ifadeye \u00e7a\u011f\u0131ran \u00d6zel Yetkila Savc\u0131 Sadrettin Sar\u0131kaya&#8217;n\u0131n g\u00f6revinden al\u0131nmas\u0131ndan \u00f6nce de <\/p>\n","protected":false},"author":1,"featured_media":0,"comment_status":"open","ping_status":"open","sticky":false,"template":"","format":"standard","meta":{"footnotes":""},"categories":[105],"tags":[],"class_list":["post-48756","post","type-post","status-publish","format-standard","hentry","category-gundem","odd"],"_links":{"self":[{"href":"http:\/\/www.korhanyilmaz.com\/index.php?rest_route=\/wp\/v2\/posts\/48756","targetHints":{"allow":["GET"]}}],"collection":[{"href":"http:\/\/www.korhanyilmaz.com\/index.php?rest_route=\/wp\/v2\/posts"}],"about":[{"href":"http:\/\/www.korhanyilmaz.com\/index.php?rest_route=\/wp\/v2\/types\/post"}],"author":[{"embeddable":true,"href":"http:\/\/www.korhanyilmaz.com\/index.php?rest_route=\/wp\/v2\/users\/1"}],"replies":[{"embeddable":true,"href":"http:\/\/www.korhanyilmaz.com\/index.php?rest_route=%2Fwp%2Fv2%2Fcomments&post=48756"}],"version-history":[{"count":0,"href":"http:\/\/www.korhanyilmaz.com\/index.php?rest_route=\/wp\/v2\/posts\/48756\/revisions"}],"wp:attachment":[{"href":"http:\/\/www.korhanyilmaz.com\/index.php?rest_route=%2Fwp%2Fv2%2Fmedia&parent=48756"}],"wp:term":[{"taxonomy":"category","embeddable":true,"href":"http:\/\/www.korhanyilmaz.com\/index.php?rest_route=%2Fwp%2Fv2%2Fcategories&post=48756"},{"taxonomy":"post_tag","embeddable":true,"href":"http:\/\/www.korhanyilmaz.com\/index.php?rest_route=%2Fwp%2Fv2%2Ftags&post=48756"}],"curies":[{"name":"wp","href":"https:\/\/api.w.org\/{rel}","templated":true}]}}