{"id":4875,"date":"2009-03-12T11:42:48","date_gmt":"2009-03-12T09:42:48","guid":{"rendered":"http:\/\/www.korhanyilmaz.com\/?p=4875"},"modified":"2009-03-12T11:42:48","modified_gmt":"2009-03-12T09:42:48","slug":"karayalcin-bu-serefsizlik","status":"publish","type":"post","link":"http:\/\/www.korhanyilmaz.com\/?p=4875","title":{"rendered":"Karayal\u00e7\u0131n: Bu \u015ferefsizlik"},"content":{"rendered":"<p><img loading=\"lazy\" decoding=\"async\" class=\"aligncenter size-full wp-image-4876\" title=\"Karayal\u00e7\u0131n: Bu \u015ferefsizlik\" src=\"http:\/\/www.korhanyilmaz.com\/wp-content\/uploads\/2009\/03\/fft27_mf135535.jpeg\" alt=\"Karayal\u00e7\u0131n: Bu \u015ferefsizlik\" width=\"322\" height=\"97\" \/><\/p>\n<p style=\"text-align: justify;\">CHP&#8217;nin Ankara B\u00fcy\u00fck\u015fehir Belediye Ba\u015fkan Aday\u0131 Murat Karayal\u00e7\u0131n, TGRT ekranlar\u0131nda &#8216;kendisini PKK&#8217;y\u0131 Meclis&#8217;e ta\u015f\u0131mak&#8217;la su\u00e7layan AKP&#8217;li rakibi Melih G\u00f6k\u00e7ek&#8217;e yan\u0131t verdi.<\/p>\n<p style=\"text-align: justify;\">\nD\u00fcn bir a\u00e7\u0131klama yapan Karayal\u00e7\u0131n, \u015funlar\u0131 s\u00f6yledi: &#8220;Film st\u00fcdyosuna girmi\u015fler g\u00fcnlerdir montaj yap\u0131yorlar. Fakat bunu yapanlar\u0131n korkakl\u0131\u011f\u0131n\u0131 d\u00fc\u015f\u00fcn\u00fcn ki yapt\u0131klar\u0131 i\u015fin alt\u0131na imzalar\u0131n\u0131 atam\u0131yorlar. Sevgili hem\u015ferilerim bu olay \u015ferefsizliktir.&#8221; Karayal\u00e7\u0131n G\u00f6k\u00e7ek&#8217;le iddialar\u0131 yay\u0131mlayan TGRT sunucusu Mehmet Soysal&#8217;\u0131 mahkemeye verece\u011fini de s\u00f6yledi.\n<\/p>\n<p style=\"text-align: justify;\"><span style=\"color: #888888;\">Kaynak : Radikal Gazetesi<\/span><\/p>\n","protected":false},"excerpt":{"rendered":"<\/p>\n<p style=\"text-align: justify;\">CHP&#8217;nin Ankara B\u00fcy\u00fck\u015fehir Belediye Ba\u015fkan Aday\u0131 Murat Karayal\u00e7\u0131n, TGRT ekranlar\u0131nda &#8216;kendisini PKK&#8217;y\u0131 Meclis&#8217;e ta\u015f\u0131mak&#8217;la su\u00e7layan AKP&#8217;li rakibi Melih G\u00f6k\u00e7ek&#8217;e yan\u0131t verdi.<\/p>\n<p style=\"text-align: justify;\"> D\u00fcn bir a\u00e7\u0131klama yapan Karayal\u00e7\u0131n, \u015funlar\u0131 s\u00f6yledi: &#8220;Film st\u00fcdyosuna girmi\u015fler g\u00fcnlerdir montaj yap\u0131yorlar. Fakat bunu yapanlar\u0131n korkakl\u0131\u011f\u0131n\u0131 d\u00fc\u015f\u00fcn\u00fcn ki yapt\u0131klar\u0131 i\u015fin alt\u0131na imzalar\u0131n\u0131 atam\u0131yorlar. Sevgili hem\u015ferilerim bu olay <\/p>\n","protected":false},"author":1,"featured_media":0,"comment_status":"open","ping_status":"closed","sticky":false,"template":"","format":"standard","meta":{"footnotes":""},"categories":[105],"tags":[],"class_list":["post-4875","post","type-post","status-publish","format-standard","hentry","category-gundem","odd"],"_links":{"self":[{"href":"http:\/\/www.korhanyilmaz.com\/index.php?rest_route=\/wp\/v2\/posts\/4875","targetHints":{"allow":["GET"]}}],"collection":[{"href":"http:\/\/www.korhanyilmaz.com\/index.php?rest_route=\/wp\/v2\/posts"}],"about":[{"href":"http:\/\/www.korhanyilmaz.com\/index.php?rest_route=\/wp\/v2\/types\/post"}],"author":[{"embeddable":true,"href":"http:\/\/www.korhanyilmaz.com\/index.php?rest_route=\/wp\/v2\/users\/1"}],"replies":[{"embeddable":true,"href":"http:\/\/www.korhanyilmaz.com\/index.php?rest_route=%2Fwp%2Fv2%2Fcomments&post=4875"}],"version-history":[{"count":0,"href":"http:\/\/www.korhanyilmaz.com\/index.php?rest_route=\/wp\/v2\/posts\/4875\/revisions"}],"wp:attachment":[{"href":"http:\/\/www.korhanyilmaz.com\/index.php?rest_route=%2Fwp%2Fv2%2Fmedia&parent=4875"}],"wp:term":[{"taxonomy":"category","embeddable":true,"href":"http:\/\/www.korhanyilmaz.com\/index.php?rest_route=%2Fwp%2Fv2%2Fcategories&post=4875"},{"taxonomy":"post_tag","embeddable":true,"href":"http:\/\/www.korhanyilmaz.com\/index.php?rest_route=%2Fwp%2Fv2%2Ftags&post=4875"}],"curies":[{"name":"wp","href":"https:\/\/api.w.org\/{rel}","templated":true}]}}