{"id":48746,"date":"2012-02-12T12:12:22","date_gmt":"2012-02-12T10:12:22","guid":{"rendered":"http:\/\/www.korhanyilmaz.com\/?p=48746"},"modified":"2012-02-13T02:09:13","modified_gmt":"2012-02-13T00:09:13","slug":"turk-olsaydim-delirirdim","status":"publish","type":"post","link":"http:\/\/www.korhanyilmaz.com\/?p=48746","title":{"rendered":"&#8216;T\u00fcrk olsayd\u0131m delirirdim&#8217;"},"content":{"rendered":"<p style=\"text-align: center;\"><a href=\"http:\/\/www.korhanyilmaz.com\/wp-content\/uploads\/2012\/02\/9766.jpg\"  class=\"lightview\"><img loading=\"lazy\" decoding=\"async\" class=\"aligncenter  wp-image-48747\" src=\"http:\/\/www.korhanyilmaz.com\/wp-content\/uploads\/2012\/02\/9766.jpg\" alt=\"\" width=\"420\" height=\"210\" \/><\/a><\/p>\n<p style=\"text-align: justify;\">T\u00fcrkiye-AB Karma Parlamento Komisyonu\u2019nun eski E\u015fba\u015fkan\u0131 Joost Lagendijk, gazeteci Nevin Sungur\u2019la evlendi, adeta bizden biri oldu. G\u00fcndemin h\u0131z\u0131ndan ve her g\u00fcn bir s\u00fcr\u00fc topun pe\u015finden ko\u015fmak zorunda olmaktan o da yak\u0131n\u0131yor. O hem art\u0131k T\u00fcrkiyeli hem de d\u0131\u015far\u0131dan bakabiliyor.<\/p>\n<p style=\"text-align: justify;\">Lagendijk Habert\u00fcrk&#8217;ten Elif Key&#8217;e \u00e7arp\u0131c\u0131 a\u00e7\u0131klamalarda bulundu.\u00a0<!--more--><\/p>\n<p style=\"text-align: justify;\"><strong>&#8211; T\u00fcrkiye\u2019de sabah tutuklamalarla kalk\u0131yoruz, \u00f6\u011flen \u00fclkenin bir yerinde deprem dahi olsa gece dizileri konu\u015fuyoruz. Sizce T\u00fcrk olmak ne kadar kolay ne kadar zor?\u00a0<\/strong><\/p>\n<p style=\"text-align: justify;\">\u00c7ok zor. T\u00fcrk\u00e7em o kadar iyi olmad\u0131\u011f\u0131 i\u00e7in \u00fclke g\u00fcndemini biraz geriden takip ediyorum ve bu benim avantaj\u0131m, \u00e7\u00fcnk\u00fc olaylar sakinle\u015ftikten sonra daha rahat bakabiliyorum. Siz her g\u00fcn bir s\u00fcr\u00fc topun pe\u015finden ko\u015fmak zorundas\u0131n\u0131z. Herhalde T\u00fcrk olsayd\u0131m delirirdim. Bir s\u00fcr\u00fc konu \u00e7\u00f6z\u00fcms\u00fcz b\u0131rak\u0131l\u0131yor. Sonras\u0131nda hasara bak\u0131lm\u0131yor. \u00dclkenin nereye gitti\u011fi, nas\u0131l bir polarizasyondan ge\u00e7ti\u011fi g\u00f6r\u00fclm\u00fcyor.<\/p>\n<p style=\"text-align: justify;\"><strong>&#8211; K\u00f6\u015fenizde \u201cAKP, AB\u2019den uzakla\u015fmak do\u011frultusunda bir siyas\u00ee ad\u0131m\u0131n entelekt\u00fcel zeminini mi haz\u0131rl\u0131yor\u201d diye sordunuz.\u00a0<\/strong><\/p>\n<p style=\"text-align: justify;\">Biraz endi\u015feliyim. Ba\u015fm\u00fczakereci Egemen Ba\u011f\u0131\u015f\u2019\u0131n pazarl\u0131klar konusunda mutsuz oldu\u011funu biliyorum \u00e7\u00fcnk\u00fc hi\u00e7bir ilerleme kaydedilemiyor. Ba\u011f\u0131\u015f acele etmiyor, Sarkozy ve Merkel\u2019e ne olaca\u011f\u0131n\u0131 bekliyor ve 2014\u2019e kadar sabretmek gerekti\u011fini d\u00fc\u015f\u00fcn\u00fcyor. \u00c7\u00fcnk\u00fc se\u00e7imlerle gidebilirler. Ancak AB \u015fu anda farkl\u0131 bir dinamik i\u00e7inde, ekonomik anlamda ayakta kalmaya \u00e7al\u0131\u015f\u0131yor. Ne siyasi ne de entelekt\u00fcel anlamda geni\u015flemeye dair bir ajandas\u0131 yok. En son H\u0131rvatistan\u2019\u0131 kabul ettiler ama onunla da kimsenin ilgilendi\u011fi yok.<\/p>\n<p style=\"text-align: justify;\"><strong>&#8211; Arkada\u015f\u0131n\u0131z Egemen Ba\u011f\u0131\u015f g\u00f6revinde nas\u0131l?\u00a0<\/strong><\/p>\n<p style=\"text-align: justify;\">\u00c7ok ele\u015ftirildi\u011fini biliyorum. \u0130yi bir sat\u0131\u015f\u00e7\u0131d\u0131r, seyirci kar\u015f\u0131s\u0131nda neyi nas\u0131l sataca\u011f\u0131n\u0131 bilir. Ancak ba\u015fm\u00fczakereci olarak zor durumda ve zaman zaman T\u00fcrkiye\u2019nin AB dilencili\u011fi yapmad\u0131\u011f\u0131n\u0131 vurgulamak zorunda kal\u0131yor. Bu sebepten birka\u00e7 senedir \u201cAB\u2019nin T\u00fcrkiye\u2019ye daha \u00e7ok ihtiyac\u0131 var\u201d retori\u011fine sahip \u00e7\u0131k\u0131yor. Bu AB\u2019de \u00e7ok takdir edilen bir tutum de\u011fil. Zaman zaman Ba\u015fbakan sert konu\u015fmalar yap\u0131yor, o ise \u00e7\u0131k\u0131p \u201cBa\u015fbakan\u2019\u0131n kastetti\u011fi tam olarak bu de\u011fil\u201d demek zorunda kal\u0131yor. \u0130li\u015fkiler zarar g\u00f6rd\u00fc\u011f\u00fc zaman bunu tamir etmek ona d\u00fc\u015f\u00fcyor. Egemen\u2019in bo\u015f bir i\u015f yapt\u0131\u011f\u0131n\u0131, onun \u015fakalarla u\u011fra\u015ft\u0131\u011f\u0131n\u0131 d\u00fc\u015f\u00fcnenlere kat\u0131lm\u0131yorum. Zor bir i\u015f yap\u0131yor \u00e7\u00fcnk\u00fc topu oyunda tutmak zorunda.<\/p>\n<p style=\"text-align: justify;\"><strong>&#8211; Ba\u015fbakan\u2019\u0131n ba\u015fdan\u0131\u015fmanlar\u0131ndan \u0130brahim Kal\u0131n AB\u2019ye ihtiyac\u0131m\u0131z olmad\u0131\u011f\u0131n\u0131 s\u00f6yledi. Sizce?\u00a0<\/strong><\/p>\n<p style=\"text-align: justify;\">Krizler gelip ge\u00e7er. Ama Kal\u0131n, AB\u2019nin d\u00fcnya i\u00e7in de T\u00fcrkiye i\u00e7in de \u00f6neminin kalmad\u0131\u011f\u0131n\u0131 d\u00fc\u015f\u00fcn\u00fcyor. Buna k\u0131z\u0131yorum. \u00c7\u00fcnk\u00fc bir entelekt\u00fcel i\u00e7in bu kolay bir yol ve Ba\u015fbakan\u2019a ak\u0131l veren insanlardan biri o. Ba\u015fbakan\u2019\u0131n ba\u015fdan\u0131\u015fman\u0131. T\u00fcrkiye iyi durumda ama bu kadar tepeden bakmay\u0131 anlayam\u0131yorum. Kal\u0131n\u2019\u0131n \u0130slam fobisi hakk\u0131nda bir kitab\u0131 var. Ben bunun olmad\u0131\u011f\u0131n\u0131, Avrupa\u2019da \u0131rk\u00e7\u0131l\u0131\u011f\u0131n ve bu fobinin y\u00fckselmedi\u011fini s\u00f6yleyemem. Ancak b\u00fct\u00fcn Avrupa\u2019y\u0131 \u0130slamofobik olarak etiketlemek yanl\u0131\u015f. Avrupa\u2019n\u0131n y\u00fczde 20\u2019si \u0131rk\u00e7\u0131 ve fobik olabilir ama y\u00fczde 80\u2019i bu insanlardan nefret ediyor.<\/p>\n<p style=\"text-align: justify;\"><strong>\u2018SAK\u0130NLE\u015eT\u0130REN G\u00dcL\u2019D\u00dc\u2019\u00a0<\/strong><\/p>\n<p style=\"text-align: justify;\"><strong>&#8211; Fransa konusunda \u00f6fkeli olmak hata m\u0131?\u00a0<\/strong><\/p>\n<p style=\"text-align: justify;\">Avrupa\u2019da nereye giderseniz gidin herkes Fransa\u2019daki soyk\u0131r\u0131m yasas\u0131n\u0131n ne kadar manas\u0131z oldu\u011funu s\u00f6yleyecektir. Yap\u0131lacak \u015fey ma\u011fduru oynamak ve \u201cBunu bize nas\u0131l yapars\u0131n\u0131z\u201d demekken T\u00fcrkiye \u201cOnlar kendilerine, Cezayir\u2019e baks\u0131nlar\u201d demeye ba\u015flad\u0131. Tarihsel olaylar\u0131 kullanarak ba\u015fkas\u0131n\u0131 su\u00e7larsan\u0131z onlar\u0131n oyununun bir par\u00e7as\u0131 olursunuz. Kald\u0131 ki Sarkozy bu \u00e7\u0131k\u0131\u015f\u0131 Ermeniler i\u00e7in yapmad\u0131 ve o da biliyor ki Ermenilerin hepsinin oyu ona de\u011fil. Sarkozy\u2019den nefret eden \u00e7ok Ermeni var. Dolay\u0131s\u0131yla yan\u0131t verirseniz, o da \u201cBak\u0131n ne fena insanlar\u201d der ve onu hakl\u0131 \u00e7\u0131kar\u0131rs\u0131n\u0131z. T\u00fcrkiye \u00f6fkesini nerede kullanaca\u011f\u0131n\u0131 kar\u0131\u015ft\u0131r\u0131yor.<\/p>\n<p style=\"text-align: justify;\"><strong>&#8211; Erdo\u011fan\u2019\u0131n iyi bir dan\u0131\u015fmanlar kadrosu var m\u0131 sizce?\u00a0<\/strong><\/p>\n<p style=\"text-align: justify;\">Erdo\u011fan\u2019\u0131n en iyi dan\u0131\u015fman\u0131 Abdullah G\u00fcl\u2019d\u00fc. Erdo\u011fan\u2019a yak\u0131n olanlar bunu s\u00f6yl\u00fcyor. G\u00fcl\u2019\u00fcn sakinle\u015ftirici bir tarz\u0131 var ve Erdo\u011fan\u2019\u0131 sakinle\u015ftiriyordu. \u015eimdi muhtemelen \u201cSiz en do\u011frusunu biliyorsunuzdur\u201d diyen insanlar var etraf\u0131nda. Belki de iyi dan\u0131\u015fmanlar\u0131 var ama onlar\u0131n laf\u0131n\u0131 dinlemiyor da olabilir.<\/p>\n<p style=\"text-align: justify;\"><strong>&#8211; 2015\u2019te Ermeni olaylar\u0131n\u0131n 100\u2019\u00fcnc\u00fc y\u0131l\u0131. T\u00fcrkiye buna ne kadar haz\u0131r?\u00a0<\/strong><\/p>\n<p style=\"text-align: justify;\">Halk haz\u0131r ancak h\u00fck\u00fcmet de\u011fil. Mesela \u015fu tarih\u00e7ilerden olu\u015fan komite neden bir an evvel kurulmuyor? \u201c1915\u2019te k\u00f6t\u00fc olaylar ya\u015fand\u0131, kelime \u2018soyk\u0131r\u0131m\u2019 olmayabilir, ama bizim bu konuya dair yakla\u015f\u0131m\u0131m\u0131z i\u00e7in \u00f6z\u00fcr dileyebiliriz\u201d denebilir. H\u00fck\u00fcmet b\u00f6yle bir a\u00e7\u0131klama yaparsa Ermenilerin y\u00fczde 90\u2019\u0131 memnun olacakt\u0131r.<\/p>\n<p style=\"text-align: justify;\"><strong>&#8216;AUSTER ARTIK DAHA \u00dcNL\u00dc&#8217;\u00a0<\/strong><\/p>\n<p style=\"text-align: justify;\"><strong>&#8211; Paul Auster meselesi var. Sizce Ba\u015fbakan bu konuyu neden uzatt\u0131? Bu i\u015f en \u00e7ok kime yarad\u0131?<\/strong><strong>\u00a0<\/strong><\/p>\n<p style=\"text-align: justify;\">Hata yapt\u0131\u011f\u0131n\u0131 d\u00fc\u015f\u00fcn\u00fcyorum. Muhtemelen bug\u00fcne kadar Paul Auster\u2019\u0131 da duymad\u0131. Auster \u00fcnl\u00fc bir yazar ama ABD\u2019nin en \u00f6nemli yazarlar\u0131ndan biri de\u011fil. Ama art\u0131k Erdo\u011fan sayesinde daha da \u00fcnl\u00fc! \u015eimdi bir s\u00fcr\u00fc sinek var ve bunlar \u201ckonu\u015fma \u00f6zg\u00fcrl\u00fc\u011f\u00fc\u201d hakk\u0131nda v\u0131z\u0131ld\u0131yor. Auster T\u00fcrkiye hakk\u0131nda olumsuz yaz\u0131lar yazan gazeteciler sayesinde durumdan haberdar ve asl\u0131nda Erdo\u011fan da Auster\u2019a de\u011fil b\u00f6yle yaz\u0131lar yazan gazetecilere k\u0131zg\u0131n! Ama b\u00f6yle yaparak, Auster\u2019\u0131n s\u00f6yledi\u011fini onayl\u0131yor ve \u201cT\u00fcrkiye\u2018nin ne kadar otoriter bir ba\u015fbakan\u0131 var\u201d diyenleri ispatl\u0131yor. Auster\u2019a \u201cGelme\u201d demek yerine, \u201cMr. Auster seni anl\u0131yorum, ama gel ben sana neyin ne oldu\u011funu, \u0130srail\u2019den fark\u0131m\u0131z\u0131 anlatay\u0131m\u201d diyebilirdi.<\/p>\n<p style=\"text-align: justify;\"><strong>&#8216;GER\u00c7EK GAZETEC\u0130LER VE GAZETEC\u0130 ET\u0130KETL\u0130LER&#8217;\u00a0<\/strong><\/p>\n<p style=\"text-align: justify;\"><strong>&#8211; T\u00fcrk gazeteciler birbirini seviyor ve kolluyor mu?\u00a0<\/strong><\/p>\n<p style=\"text-align: justify;\">Hi\u00e7 sanm\u0131yorum. AK Parti d\u00f6neminde gazetecilere yans\u0131yan durumlar bundan \u00f6nceki h\u00fck\u00fcmetlerde de ya\u015fand\u0131, bu ilk de\u011fil. Sa\u011f ve sol g\u00f6r\u00fc\u015f aras\u0131nda \u00e7ok b\u00fcy\u00fck farkl\u0131l\u0131klar var. \u00d6rne\u011fin sol bas\u0131ndan birine dava a\u00e7\u0131l\u0131nca sa\u011f taraf\u0131n gazetecileri tepki g\u00f6stermiyor. Avrupa\u2019da g\u00f6r\u00fc\u015f farkl\u0131l\u0131\u011f\u0131 da olsa gazeteciler bu tip dava durumlar\u0131nda biraraya gelip birbirlerini destekliyor. T\u00fcrkiye\u2019de durum b\u00f6yle olmad\u0131\u011f\u0131ndan, bu a\u015f\u0131r\u0131 polarizasyon yetki sahiplerinin medya \u00fczerinde \u00e7e\u015fitli oyunlar oynamas\u0131na olanak sa\u011fl\u0131yor. Ayn\u0131 zamanda kimin ger\u00e7ek gazeteci oldu\u011fu ve kimin gazetecili\u011fi etiket olarak kulland\u0131\u011f\u0131n\u0131 anlamalar\u0131 da laz\u0131m. Mesela, Odatv\u2019dekilerin yapt\u0131klar\u0131 gazetecilik de\u011fil propagandayd\u0131. Gazetecili\u011fi etiket olarak kulland\u0131lar. Ama B\u00fc\u015fra ve Rag\u0131p\u2019\u0131n tutuklanmas\u0131n\u0131 da Ahmet\u2019le Nedim\u2019i de anlam\u0131yorum.<\/p>\n<p style=\"text-align: justify;\"><strong>&#8211; T\u00fcrk gazetelerinde \u00e7ok fazla k\u00f6\u015fe yazar\u0131 olmas\u0131n\u0131 ele\u015ftiriyorsunuz.\u00a0<\/strong><\/p>\n<p style=\"text-align: justify;\">T\u00fcrkiye\u2019de k\u00f6\u015fe yazarlar\u0131n\u0131n fikirlerine \u00e7ok fazla de\u011fer veriliyor. Her gazetede neredeyse 10-15 k\u00f6\u015fe yazar\u0131 var. Avrupa\u2019da her gazetede 3-4 k\u00f6\u015fe yazar\u0131 vard\u0131r ve kendi fikirlerinden \u00e7ok, somut ger\u00e7eklerle ilgili yaz\u0131lar yazarlar. Ben de k\u00f6\u015fe yazar\u0131y\u0131m ger\u00e7i!<\/p>\n<p style=\"text-align: justify;\"><a href=\"http:\/\/haber.gazetevatan.com\/turk-olsaydim-delirirdim\/430475\/1\/Gundem\" target=\"_blank\">Kaynak : VATAN Gazetesi<\/a><\/p>\n","protected":false},"excerpt":{"rendered":"<p style=\"text-align: center;\">\n<p style=\"text-align: justify;\">T\u00fcrkiye-AB Karma Parlamento Komisyonu\u2019nun eski E\u015fba\u015fkan\u0131 Joost Lagendijk, gazeteci Nevin Sungur\u2019la evlendi, adeta bizden biri oldu. G\u00fcndemin h\u0131z\u0131ndan ve her g\u00fcn bir s\u00fcr\u00fc topun pe\u015finden ko\u015fmak zorunda olmaktan o da yak\u0131n\u0131yor. O hem art\u0131k T\u00fcrkiyeli hem de d\u0131\u015far\u0131dan bakabiliyor.<\/p>\n<p style=\"text-align: justify;\">Lagendijk Habert\u00fcrk&#8217;ten Elif Key&#8217;e \u00e7arp\u0131c\u0131 a\u00e7\u0131klamalarda bulundu. <\/p>\n","protected":false},"author":1,"featured_media":0,"comment_status":"open","ping_status":"open","sticky":false,"template":"","format":"standard","meta":{"footnotes":""},"categories":[105],"tags":[],"class_list":["post-48746","post","type-post","status-publish","format-standard","hentry","category-gundem","odd"],"_links":{"self":[{"href":"http:\/\/www.korhanyilmaz.com\/index.php?rest_route=\/wp\/v2\/posts\/48746","targetHints":{"allow":["GET"]}}],"collection":[{"href":"http:\/\/www.korhanyilmaz.com\/index.php?rest_route=\/wp\/v2\/posts"}],"about":[{"href":"http:\/\/www.korhanyilmaz.com\/index.php?rest_route=\/wp\/v2\/types\/post"}],"author":[{"embeddable":true,"href":"http:\/\/www.korhanyilmaz.com\/index.php?rest_route=\/wp\/v2\/users\/1"}],"replies":[{"embeddable":true,"href":"http:\/\/www.korhanyilmaz.com\/index.php?rest_route=%2Fwp%2Fv2%2Fcomments&post=48746"}],"version-history":[{"count":0,"href":"http:\/\/www.korhanyilmaz.com\/index.php?rest_route=\/wp\/v2\/posts\/48746\/revisions"}],"wp:attachment":[{"href":"http:\/\/www.korhanyilmaz.com\/index.php?rest_route=%2Fwp%2Fv2%2Fmedia&parent=48746"}],"wp:term":[{"taxonomy":"category","embeddable":true,"href":"http:\/\/www.korhanyilmaz.com\/index.php?rest_route=%2Fwp%2Fv2%2Fcategories&post=48746"},{"taxonomy":"post_tag","embeddable":true,"href":"http:\/\/www.korhanyilmaz.com\/index.php?rest_route=%2Fwp%2Fv2%2Ftags&post=48746"}],"curies":[{"name":"wp","href":"https:\/\/api.w.org\/{rel}","templated":true}]}}