{"id":48736,"date":"2012-02-12T02:05:55","date_gmt":"2012-02-12T00:05:55","guid":{"rendered":"http:\/\/www.korhanyilmaz.com\/?p=48736"},"modified":"2012-02-13T00:00:30","modified_gmt":"2012-02-12T22:00:30","slug":"kck-dosyasi-o-savcidan-alindi","status":"publish","type":"post","link":"http:\/\/www.korhanyilmaz.com\/?p=48736","title":{"rendered":"KCK dosyas\u0131 o savc\u0131dan al\u0131nd\u0131"},"content":{"rendered":"<p style=\"text-align: center;\"><a href=\"http:\/\/www.korhanyilmaz.com\/wp-content\/uploads\/2012\/02\/9762.jpg\"  class=\"lightview\"><img loading=\"lazy\" decoding=\"async\" class=\"aligncenter  wp-image-48737\" src=\"http:\/\/www.korhanyilmaz.com\/wp-content\/uploads\/2012\/02\/9762.jpg\" alt=\"\" width=\"336\" height=\"223\" \/><\/a><\/p>\n<p style=\"text-align: justify;\">Restle\u015fmelerle devam eden M\u0130T krizinde son hamle: KCK soru\u015fturmas\u0131 Savc\u0131 Sadrettin Sar\u0131kaya&#8217;dan al\u0131nd\u0131.<\/p>\n<p style=\"text-align: justify;\">\u0130stanbul Cumhuriyet Ba\u015fsavc\u0131l\u0131\u011f\u0131, M\u0130T m\u00fcste\u015far\u0131 Hakan Fidan\u2019\u0131n da aralar\u0131nda bulundu\u011fu M\u0130T mensuplar\u0131n\u0131 KCK soru\u015fturmas\u0131 kapsam\u0131nda \u015f\u00fcpheli s\u0131fat\u0131yla ifadeye \u00e7a\u011f\u0131ran Savc\u0131 Sadettin Sar\u0131kaya\u2019y\u0131 soru\u015fturmadan ald\u0131.<!--more--><\/p>\n<p style=\"text-align: justify;\">KCK soru\u015fturmas\u0131n\u0131 s\u00fcrd\u00fcren Cumhuriyet Savc\u0131s\u0131 Sar\u0131kaya\u2019n\u0131n, M\u0130T M\u00fcste\u015far\u0131 Hakan Fidan, eski M\u0130T M\u00fcste\u015far\u0131 Emre Taner ve Yard\u0131mc\u0131s\u0131 Afet G\u00fcne\u015f ile \u0130stanbul M\u0130T B\u00f6lge Ba\u015fkan Yard\u0131mc\u0131lar\u0131 Ya\u015far Y\u0131ld\u0131r\u0131m ve H\u00fcseyin Kuzuo\u011flu\u2019nu \u015f\u00fcpheli s\u0131fat\u0131yla ifade \u00e7a\u011f\u0131rmas\u0131yla b\u00fcy\u00fck bir krizin fitili ate\u015flenmi\u015fti. Sar\u0131kaya\u2019n\u0131n bu i\u015fleminin hemen ard\u0131ndan, KCK soru\u015fturmas\u0131n\u0131 y\u00fcr\u00fcten \u0130stanbul Ter\u00f6rle M\u00fccadele \u015eube M\u00fcd\u00fcr\u00fc Yurt Atay\u00fcn ve \u0130stihbarat \u015eube M\u00fcd\u00fcr\u00fc Erol Demirhan g\u00f6revden al\u0131nd\u0131. M\u0130T mensuplar\u0131 da savc\u0131l\u0131\u011f\u0131n \u2018yetkisiz\u2019 oldu\u011fu gerek\u00e7esiyle karara itiraz etti ve ifadeye vermeye gitmedi.<\/p>\n<p style=\"text-align: justify;\">Savc\u0131 Sar\u0131kaya ise d\u00fcn Fidan i\u00e7in Ankara Cumhuriyet Savc\u0131l\u0131\u011f\u0131\u2019nca ifadesinin al\u0131nmas\u0131 i\u00e7in talimat yaz\u0131s\u0131 yazd\u0131, di\u011fer M\u0130T mensuplar\u0131 hakk\u0131nda da \u0130stanbul 14. A\u011f\u0131r Ceza Mahkemesi\u2019nden yakalama karar\u0131 \u00e7\u0131kartt\u0131. Hemen harekete ge\u00e7en h\u00fck\u00fcmet ise, M\u0130T\u2019\u00e7ilerin soru\u015fturulmas\u0131n\u0131 Ba\u015fbakanl\u0131k iznine ba\u011flayan yasa de\u011fi\u015fikli\u011fi haz\u0131rlad\u0131.<\/p>\n<p style=\"text-align: justify;\"><strong>\u2018G\u00f6r\u00fclen l\u00fczum \u00fczerine\u2019<\/strong><\/p>\n<p style=\"text-align: justify;\">Restle\u015fmeyle giden s\u00fcre\u00e7te d\u00fcn de kritik bir geli\u015fme ya\u015fand\u0131. \u0130stanbul Cumhuriyet Ba\u015fsavc\u0131s\u0131 Fikret Se\u00e7en, Savc\u0131 Sar\u0131kaya\u2019y\u0131 KCK soru\u015fturmas\u0131ndan ald\u0131. Se\u00e7en Radikal\u2019e, \u201cGerek\u00e7eye ili\u015fkin herhangi bir yorum yapmayaca\u011f\u0131m. Sadece g\u00f6r\u00fclen l\u00fczum \u00fczerine s\u00f6z konusu savc\u0131 soru\u015fturmadan al\u0131nd\u0131\u201d dedi. Sar\u0131kaya\u2019n\u0131n yerine \u00f6zel yetkili savc\u0131lar \u0130smail I\u015f\u0131k ve Adem \u00d6zcan g\u00f6revlendirildi. Sar\u0131kaya ile birlikte soru\u015fturmay\u0131 s\u00fcrd\u00fcren Savc\u0131 Bilal Bayraktar g\u00f6revde kald\u0131.<\/p>\n<p style=\"text-align: justify;\">Sar\u0131kaya\u2019n\u0131n, M\u0130T M\u00fcste\u015far\u0131 Hakan Fidan\u2019\u0131n da aralar\u0131nda bulundu\u011fu M\u0130T mensuplar\u0131n\u0131 ifadeye \u00e7a\u011f\u0131r\u0131rken Ba\u015fsavc\u0131vekili Turan \u00c7olakad\u0131 ve \u0130stanbul Cumhuriyet Ba\u015fsavc\u0131s\u0131 Fikret Se\u00e7en\u2019i bilgilendirmemesi soru\u015fturmadan el \u00e7ektirilmesine gerek\u00e7e yap\u0131ld\u0131. Radikal\u2019e konu\u015fan \u00fcst d\u00fczey bir yetkili, \u201cBu t\u00fcr \u00f6nemli konularda Ba\u015fsavc\u0131vekili ve Ba\u015fsavc\u0131\u2019n\u0131n bilgilendirilmesi gerekti\u011fi y\u00f6n\u00fcnde \u0130stanbul Ba\u015fsavc\u0131l\u0131\u011f\u0131\u2019n\u0131n y\u00f6nergeleri bulunmaktad\u0131r\u201d dedi. Se\u00e7en ve \u00c7olakkad\u0131, M\u0130T mensuplar\u0131n\u0131n ifadeye \u00e7a\u011fr\u0131lmas\u0131yla ilgili bilgilendirilmediklerini a\u00e7\u0131klam\u0131\u015ft\u0131.<\/p>\n<p style=\"text-align: justify;\"><strong>\u2018Gizlili\u011fe riayet edilmedi\u2019<\/strong><\/p>\n<p style=\"text-align: justify;\">Ayn\u0131 yetkili, Savc\u0131 Sar\u0131kaya\u2019n\u0131n soru\u015fturmadan el \u00e7ektirilmesinin di\u011fer nedenini ise \u201cGizlili\u011fe riayet etmemesi\u201d oldu\u011funu s\u00f6yledi. Yetkililer, baz\u0131 gazetelerde orijinal hali yay\u0131mlanan ve BDP Diyarbak\u0131r \u0130l Ba\u015fkanl\u0131\u011f\u0131\u2019nda ele ge\u00e7irildi\u011fi a\u00e7\u0131klanan M\u0130T-PKK g\u00f6r\u00fc\u015fmelerine ili\u015fkin belgeye dikkat \u00e7ekti. Soru\u015fturmadan el \u00e7ektirildi\u011fini habercilerden \u00f6\u011frenen Savc\u0131 Sar\u0131kaya ise \u201cBa\u015fsavc\u0131n\u0131n takdiri, biz g\u00f6revimizi yapt\u0131k\u201d dedi.<\/p>\n<p style=\"text-align: justify;\"><strong>Zirveye dokunan iki \u2018Savc\u0131 Sar\u0131kaya\u2019<\/strong><\/p>\n<p style=\"text-align: justify;\">Savc\u0131 Sadrettin Sar\u0131kaya\u2019n\u0131n soru\u015fturmadan al\u0131nmas\u0131, bir ba\u015fka \u2018Savc\u0131 Sar\u0131kaya\u2019 vakas\u0131n\u0131 hat\u0131rlatt\u0131. 2005 y\u0131l\u0131nda Van Savc\u0131s\u0131 Ferhat Sar\u0131kaya, \u015eemdinli\u2019de Umut Kitabevi\u2019nin bombalanmas\u0131yla ilgili soru\u015fturmay\u0131 y\u00fcr\u00fct\u00fcyordu. Savc\u0131 Ferhat Sar\u0131kaya, devletin bir ba\u015fka kurumunun zirvesindeki bir ismi, Genelkurmay Ba\u015fkanl\u0131\u011f\u0131\u2019na haz\u0131rlanan d\u00f6nemin Kara Kuvvetleri Komutan\u0131 Ya\u015far B\u00fcy\u00fckan\u0131t\u2019\u0131 iddianamesine koymu\u015ftu. \u0130ddianame b\u00fcy\u00fck yank\u0131 uyand\u0131rm\u0131\u015f, Ferhat Sar\u0131kaya bir s\u00fcre sonra HSYK taraf\u0131ndan g\u00f6revden al\u0131nm\u0131\u015ft\u0131. Sar\u0131kaya\u2019n\u0131n 2010 T\u00fcrkiye anayasa de\u011fi\u015fikli\u011fi referandumu ile yap\u0131s\u0131 de\u011fi\u015fen HSYK\u2019ya yapt\u0131\u011f\u0131 ba\u015fvuru kabul edilerek meslekten ihra\u00e7 karar\u0131 kald\u0131r\u0131ld\u0131 ve Ankara Cumhuriyet Savc\u0131l\u0131\u011f\u0131\u2019na atand\u0131.<\/p>\n<p style=\"text-align: justify;\"><strong>Fidan: Uygun bir zamanda gelece\u011fim<\/strong><\/p>\n<p style=\"text-align: justify;\">\u0130stanbul Cumhuriyet Ba\u015f svc\u0131l\u0131\u011f\u0131\u2019n\u0131n talimat yaz\u0131s\u0131n\u0131n Ankara\u2019ya ula\u015fmas\u0131n\u0131n hemen ard\u0131ndan, Ba\u015f savc\u0131vekili H\u00fcseyin G\u00f6r\u00fc\u015fen\u2019in, Fidan\u2019\u0131 telefonla ifadeye \u00e7a\u011f\u0131rd\u0131\u011f\u0131 \u00f6\u011frenildi. Fidan\u2019\u0131n G\u00f6r\u00fc\u015fen\u2019e \u201cUygun bir zamanda ifadeye gelebilece\u011fini\u201d s\u00f6yledi\u011fi \u00f6\u011frenildi. Fidan\u2019\u0131n ne zaman ifade i\u00e7in gelece\u011fi konusunda g\u00fcn belirlenmedi. \u0130fade vermeye gitmeyen M\u0130T M\u00fcste\u015far\u0131 Hakan Fidan, Cumhurba\u015fkan\u0131 Abdullah G\u00fcl ve Ba\u015fbakan Recep Tayyip Erdo\u011fan\u2019la g\u00f6r\u00fc\u015fm\u00fc\u015ft\u00fc.<\/p>\n<p style=\"text-align: justify;\"><a href=\"http:\/\/www.radikal.com.tr\/Radikal.aspx?aType=RadikalDetayV3&amp;ArticleID=1078474&amp;CategoryID=77\" target=\"_blank\">Kaynak : Radikal.com.tr<\/a><\/p>\n","protected":false},"excerpt":{"rendered":"<p style=\"text-align: center;\">\n<p style=\"text-align: justify;\">Restle\u015fmelerle devam eden M\u0130T krizinde son hamle: KCK soru\u015fturmas\u0131 Savc\u0131 Sadrettin Sar\u0131kaya&#8217;dan al\u0131nd\u0131.<\/p>\n<p style=\"text-align: justify;\">\u0130stanbul Cumhuriyet Ba\u015fsavc\u0131l\u0131\u011f\u0131, M\u0130T m\u00fcste\u015far\u0131 Hakan Fidan\u2019\u0131n da aralar\u0131nda bulundu\u011fu M\u0130T mensuplar\u0131n\u0131 KCK soru\u015fturmas\u0131 kapsam\u0131nda \u015f\u00fcpheli s\u0131fat\u0131yla ifadeye \u00e7a\u011f\u0131ran Savc\u0131 Sadettin Sar\u0131kaya\u2019y\u0131 soru\u015fturmadan ald\u0131.<\/p>\n","protected":false},"author":1,"featured_media":0,"comment_status":"open","ping_status":"open","sticky":false,"template":"","format":"standard","meta":{"footnotes":""},"categories":[105],"tags":[],"class_list":["post-48736","post","type-post","status-publish","format-standard","hentry","category-gundem","odd"],"_links":{"self":[{"href":"http:\/\/www.korhanyilmaz.com\/index.php?rest_route=\/wp\/v2\/posts\/48736","targetHints":{"allow":["GET"]}}],"collection":[{"href":"http:\/\/www.korhanyilmaz.com\/index.php?rest_route=\/wp\/v2\/posts"}],"about":[{"href":"http:\/\/www.korhanyilmaz.com\/index.php?rest_route=\/wp\/v2\/types\/post"}],"author":[{"embeddable":true,"href":"http:\/\/www.korhanyilmaz.com\/index.php?rest_route=\/wp\/v2\/users\/1"}],"replies":[{"embeddable":true,"href":"http:\/\/www.korhanyilmaz.com\/index.php?rest_route=%2Fwp%2Fv2%2Fcomments&post=48736"}],"version-history":[{"count":0,"href":"http:\/\/www.korhanyilmaz.com\/index.php?rest_route=\/wp\/v2\/posts\/48736\/revisions"}],"wp:attachment":[{"href":"http:\/\/www.korhanyilmaz.com\/index.php?rest_route=%2Fwp%2Fv2%2Fmedia&parent=48736"}],"wp:term":[{"taxonomy":"category","embeddable":true,"href":"http:\/\/www.korhanyilmaz.com\/index.php?rest_route=%2Fwp%2Fv2%2Fcategories&post=48736"},{"taxonomy":"post_tag","embeddable":true,"href":"http:\/\/www.korhanyilmaz.com\/index.php?rest_route=%2Fwp%2Fv2%2Ftags&post=48736"}],"curies":[{"name":"wp","href":"https:\/\/api.w.org\/{rel}","templated":true}]}}