{"id":48732,"date":"2012-02-12T19:15:21","date_gmt":"2012-02-12T17:15:21","guid":{"rendered":"http:\/\/www.korhanyilmaz.com\/?p=48732"},"modified":"2012-02-12T23:56:42","modified_gmt":"2012-02-12T21:56:42","slug":"arap-birliginden-suriyeye-buyuk-darbe","status":"publish","type":"post","link":"http:\/\/www.korhanyilmaz.com\/?p=48732","title":{"rendered":"Arap Birli\u011fi&#8217;nden S\u00fcriye&#8217;ye b\u00fcy\u00fck darbe"},"content":{"rendered":"<p style=\"text-align: center;\"><a href=\"http:\/\/www.korhanyilmaz.com\/wp-content\/uploads\/2012\/02\/9761.jpg\"  class=\"lightview\"><img loading=\"lazy\" decoding=\"async\" class=\"aligncenter  wp-image-48733\" src=\"http:\/\/www.korhanyilmaz.com\/wp-content\/uploads\/2012\/02\/9761.jpg\" alt=\"\" width=\"336\" height=\"223\" \/><\/a><\/p>\n<p style=\"text-align: justify;\">M\u0131s\u0131r&#8217;\u0131n ba\u015fkenti Kahire&#8217;de bir araya gelen Arap Birli\u011fi liderleri Suriye ile diplomatik ili\u015fkileri kesme karar\u0131 ald\u0131.<\/p>\n<p style=\"text-align: justify;\">M\u0131s\u0131r\u2019\u0131n ba\u015fkenti Kahire\u2019de sabah saatlerinde K\u00f6rfez \u0130\u015fbirli\u011fi toplant\u0131s\u0131 yap\u0131ld\u0131. Ard\u0131ndan Arap D\u0131\u015fi\u015fleri Bakanlar\u0131, Suriye\u2019deki geli\u015fmeleri ele almak \u00fczere topland\u0131. Toplant\u0131 sonunda Arap Birli\u011fi Suriye ile ili\u015fkilerini kesme karar\u0131 ald\u0131.\u00a0<!--more--><\/p>\n<p style=\"text-align: justify;\"><strong>MECL\u0130S \u00d6N\u00dcNDE G\u00d6STER\u0130<\/strong><\/p>\n<p style=\"text-align: justify;\">Kahire\u2019de ya\u015fayan Suriyeli muhalifler seslerini duyurmak i\u00e7in M\u0131s\u0131r Meclisi \u00f6n\u00fcnde protesto g\u00f6sterisi d\u00fczenlediler. Muhalifler Suriye\u2019nin Kahire\u2019deki B\u00fcy\u00fckel\u00e7isini s\u0131n\u0131r d\u0131\u015f\u0131 etmelerini istediler. Ayn\u0131 muhalif grup Arap bakanlar\u0131n\u0131n yap\u0131ld\u0131\u011f\u0131 Maryot oteli giri\u015finde protestolar\u0131n\u0131 s\u00fcrd\u00fcrd\u00fcler. Be\u015f\u015far Esad\u2019in istifas\u0131n\u0131 ve Arap Birli\u011finde Suriye Ulusal Konsey\u2019in tan\u0131nmas\u0131n\u0131 istediler.<\/p>\n<p style=\"text-align: justify;\">Arap Birli\u011fi Genel Sekreteri Nebil El Arabi iki g\u00fcn \u00f6nce Arap bakanlar\u0131 toplant\u0131s\u0131 \u00f6ncesi T\u00fcrkiye Kahire B\u00fcy\u00fckel\u00e7isi H\u00fcseyin Avni Botsal\u0131\u2019y\u0131 kabul etmi\u015fti. G\u00f6r\u00fc\u015fme de T\u00fcrkiye\u2019nin Suriye hakk\u0131nda g\u00f6r\u00fc\u015fleri ele al\u0131nm\u0131\u015ft\u0131.<\/p>\n<p style=\"text-align: justify;\"><strong>SUR\u0130YE \u0130\u00c7\u0130N BM&#8217;YLE ORTAK BARI\u015e G\u00dcC\u00dc \u0130ST\u0130YOR<\/strong><\/p>\n<p style=\"text-align: justify;\">Toplant\u0131 sonunda Arap Birli\u011fi, BM&#8217;ye Suriye i\u00e7in ortak bar\u0131\u015f g\u00fcc\u00fc olu\u015fturulmas\u0131 konusunda \u00e7a\u011fr\u0131da bulundu.<\/p>\n<p style=\"text-align: justify;\">Bu \u00e7a\u011fr\u0131ya Cezayir ve L\u00fcbnan&#8217;\u0131n \u00e7ekince koydu\u011fu belirtildi.<\/p>\n<p style=\"text-align: justify;\">Arap Birli\u011fi Genel Sekreteri Nebil El Arabi ve Birli\u011fin D\u00f6nem Ba\u015fkan\u0131 Katar&#8217;\u0131n Ba\u015fbakan\u0131 ve D\u0131\u015fi\u015fleri Bakan\u0131 Hamad Bin Casim Ettani sonu\u00e7 bildirisini da\u011f\u0131tacak.<\/p>\n<p style=\"text-align: justify;\"><a href=\"http:\/\/www.radikal.com.tr\/Radikal.aspx?aType=RadikalDetayV3&amp;ArticleID=1078532&amp;CategoryID=81\" target=\"_blank\">Kaynak : Radikal.com.tr<\/a><\/p>\n","protected":false},"excerpt":{"rendered":"<p style=\"text-align: center;\">\n<p style=\"text-align: justify;\">M\u0131s\u0131r&#8217;\u0131n ba\u015fkenti Kahire&#8217;de bir araya gelen Arap Birli\u011fi liderleri Suriye ile diplomatik ili\u015fkileri kesme karar\u0131 ald\u0131.<\/p>\n<p style=\"text-align: justify;\">M\u0131s\u0131r\u2019\u0131n ba\u015fkenti Kahire\u2019de sabah saatlerinde K\u00f6rfez \u0130\u015fbirli\u011fi toplant\u0131s\u0131 yap\u0131ld\u0131. Ard\u0131ndan Arap D\u0131\u015fi\u015fleri Bakanlar\u0131, Suriye\u2019deki geli\u015fmeleri ele almak \u00fczere topland\u0131. Toplant\u0131 sonunda Arap Birli\u011fi Suriye ile ili\u015fkilerini kesme karar\u0131 ald\u0131. <\/p>\n","protected":false},"author":1,"featured_media":0,"comment_status":"open","ping_status":"open","sticky":false,"template":"","format":"standard","meta":{"footnotes":""},"categories":[105],"tags":[],"class_list":["post-48732","post","type-post","status-publish","format-standard","hentry","category-gundem","odd"],"_links":{"self":[{"href":"http:\/\/www.korhanyilmaz.com\/index.php?rest_route=\/wp\/v2\/posts\/48732","targetHints":{"allow":["GET"]}}],"collection":[{"href":"http:\/\/www.korhanyilmaz.com\/index.php?rest_route=\/wp\/v2\/posts"}],"about":[{"href":"http:\/\/www.korhanyilmaz.com\/index.php?rest_route=\/wp\/v2\/types\/post"}],"author":[{"embeddable":true,"href":"http:\/\/www.korhanyilmaz.com\/index.php?rest_route=\/wp\/v2\/users\/1"}],"replies":[{"embeddable":true,"href":"http:\/\/www.korhanyilmaz.com\/index.php?rest_route=%2Fwp%2Fv2%2Fcomments&post=48732"}],"version-history":[{"count":0,"href":"http:\/\/www.korhanyilmaz.com\/index.php?rest_route=\/wp\/v2\/posts\/48732\/revisions"}],"wp:attachment":[{"href":"http:\/\/www.korhanyilmaz.com\/index.php?rest_route=%2Fwp%2Fv2%2Fmedia&parent=48732"}],"wp:term":[{"taxonomy":"category","embeddable":true,"href":"http:\/\/www.korhanyilmaz.com\/index.php?rest_route=%2Fwp%2Fv2%2Fcategories&post=48732"},{"taxonomy":"post_tag","embeddable":true,"href":"http:\/\/www.korhanyilmaz.com\/index.php?rest_route=%2Fwp%2Fv2%2Ftags&post=48732"}],"curies":[{"name":"wp","href":"https:\/\/api.w.org\/{rel}","templated":true}]}}