{"id":48727,"date":"2012-02-12T18:16:17","date_gmt":"2012-02-12T16:16:17","guid":{"rendered":"http:\/\/www.korhanyilmaz.com\/?p=48727"},"modified":"2012-02-12T23:50:39","modified_gmt":"2012-02-12T21:50:39","slug":"bdpli-kurkcu-tayyip-erdogan-belasini-aradi-ve-buldu","status":"publish","type":"post","link":"http:\/\/www.korhanyilmaz.com\/?p=48727","title":{"rendered":"BDP&#8217;li K\u00fcrk\u00e7\u00fc: Tayyip Erdo\u011fan belas\u0131n\u0131 arad\u0131 ve buldu"},"content":{"rendered":"<p style=\"text-align: center;\"><a href=\"http:\/\/www.korhanyilmaz.com\/wp-content\/uploads\/2012\/02\/9760.jpg\"  class=\"lightview\"><img loading=\"lazy\" decoding=\"async\" class=\"aligncenter  wp-image-48728\" src=\"http:\/\/www.korhanyilmaz.com\/wp-content\/uploads\/2012\/02\/9760.jpg\" alt=\"\" width=\"336\" height=\"223\" \/><\/a><\/p>\n<p style=\"text-align: justify;\">BDP&#8217;nin 2&#8217;nci Ola\u011fan Kongresi&#8217;ne kat\u0131lan BDP Mersin Milletvekili Ertu\u011frul K\u00fcrk\u00e7\u00fc, Ba\u015fbakan Recep Tayyip Erdo\u011fan&#8217;\u0131 ele\u015ftirdi.<\/p>\n<p style=\"text-align: justify;\">BDP\u2019nin 2\u2019nci ola\u011fan kongresi Nurol K\u00fclt\u00fcr Merkezi\u2019nde yap\u0131ld\u0131. Kongreye, BDP Mersin Milletvekili Ertu\u011frul K\u00fcrk\u00e7\u00fc, BDP Genel Merkezi\u2019nden Cemil Elden, \u015eehbal \u015eenyurt, \u00fcyeler ve yakla\u015f\u0131k bine yak\u0131n BDP\u2019li kat\u0131ld\u0131. Kad\u0131nlar\u0131n \u00f6n saflarda y\u00f6resel k\u0131yafetlerini giyerek yer ald\u0131\u011f\u0131 kongrede konu\u015fmak i\u00e7in k\u00fcrs\u00fcye \u00e7\u0131kan Ertu\u011frul K\u00fcrk\u00e7\u00fc dakikalarca alk\u0131\u015fland\u0131.<!--more--><\/p>\n<p style=\"text-align: justify;\">Salona as\u0131lan K\u00fcrt\u00e7e ve T\u00fcrk\u00e7e yaz\u0131l\u0131 \u2018Onurlu Bir Ya\u015fam i\u00e7in Ya \u00d6zg\u00fcrl\u00fck, Ya \u00d6zg\u00fcrl\u00fck\u2019 pankart\u0131 dikkat \u00e7ekti. Kongrede konu\u015fan K\u00fcrk\u00e7\u00fc, Ba\u015fbakan Recep Tayyip Erdo\u011fan\u2019a, Fetullah G\u00fclen\u2019e ve AK Parti\u2019ye ate\u015f p\u00fcsk\u00fcrd\u00fc. Konu\u015fmas\u0131 s\u0131k s\u0131k sloganlarla kesilen K\u00fcrk\u00e7\u00fc \u015funlar\u0131 s\u00f6yledi:<\/p>\n<p style=\"text-align: justify;\">&#8220;KCK operasyonlar\u0131 ad\u0131 alt\u0131ndaki bast\u0131rma heraketi t\u00fcm h\u0131z\u0131yla s\u00fcr\u00fcyor. Bu siyasi yok etme harekat\u0131d\u0131r. Tarihin gidi\u015fine, toplumun ihtiya\u00e7lar\u0131na, T\u00fcrkiye\u2019nin \u00f6zg\u00fcrle\u015fme taleplerine kar\u015f\u0131l\u0131k vermedi\u011fi i\u00e7in mutlaka bir g\u00fcn bata\u011fa bataca\u011f\u0131 a\u00e7\u0131k\u00e7a ortadayd\u0131. Bug\u00fcn h\u00fck\u00fcmete kar\u015f\u0131 \u2019M\u0130T krizi\u2019 olarak \u00e7\u0131kan \u015fey asl\u0131nda K\u00fcrt \u00f6zg\u00fcrl\u00fck hareketinin m\u00fccadelesine kar\u015f\u0131, uzla\u015fma, \u00e7\u00f6z\u00fcm, bar\u0131\u015f se\u00e7ene\u011fini de\u011fil, \u015fiddet se\u00e7ene\u011fini se\u00e7mi\u015f olanlar\u0131n belas\u0131yd\u0131. Tayyip Erdo\u011fan belas\u0131n\u0131 arad\u0131 ve buldu arkada\u015flar.<\/p>\n<p style=\"text-align: justify;\">Tayyip Erdo\u011fan iyi \u015feyler yapacakm\u0131\u015f ama cemaat ve Fetullah G\u00fclen elini tutuyormu\u015f. Bundan b\u00fcy\u00fck yalan olmaz. Fetullah G\u00fclen ve devlet ayn\u0131 \u015feydir. Kar\u015f\u0131 kar\u015f\u0131ya kald\u0131\u011f\u0131m\u0131z mesele bir Tayyip Erdo\u011fan ve Fetullah G\u00fclen kavgas\u0131 de\u011fildir. K\u00fcrt halk\u0131 direniyor, kad\u0131nlar direniyor, emek\u00e7iler direniyor. Bu h\u00fck\u00fcmet \u015fu ya da bu \u015fekilde kendi i\u00e7 ihtilaflar\u0131 ABD ile olan meseleleri, Avrupa ile olan meseleleri y\u00fcz\u00fcnden de\u011fil K\u00fcrt halk\u0131n\u0131n \u00f6zg\u00fcrl\u00fc\u011f\u00fcn\u00fc, ana diline tutkusunu, ortak ve e\u015fit bir ya\u015fam i\u00e7in yeni bir cumhuriyet azmini kar\u015f\u0131s\u0131nda g\u00f6rmedik\u00e7e bu \u015fiddete devam edecektir. Tayyip Erdo\u011fan ve partisi \u015fu hedefi koymu\u015ftur; 2014 y\u0131l\u0131nda Tayyip Erdo\u011fan\u2019\u0131 cumhurba\u015fkanl\u0131\u011f\u0131na \u00e7\u0131karmak. Onu T\u00fcrkiye\u2019nin sultan\u0131 k\u0131lacak bir anayasay\u0131 devreye sokmak, K\u00fcrt halk\u0131n\u0131n temsilcilerini ortadan kald\u0131rmakt\u0131r. KCK operasyonlar\u0131 bunun i\u00e7indir.&#8221;<\/p>\n<p style=\"text-align: justify;\">Konu\u015fmas\u0131 s\u0131k s\u0131k \u2019Ya\u015fas\u0131n halklar\u0131n karde\u015fli\u011fi\u2019, \u2019K\u00fcrdistan seninle gurur duyuyor\u2019, \u2019Ya\u015fas\u0131n b\u00fcy\u00fck \u00f6nder Apo\u2019, \u2019Bask\u0131lar bizi y\u0131ld\u0131ramaz\u2019 sloganlar\u0131yla kesilen K\u00fcrk\u00e7\u00fc, yeni bir T\u00fcrkiye yaratacaklar\u0131n\u0131 s\u00f6yledi\u011finde salondakilerin t\u00fcm\u00fc a\u011faya kalkt\u0131.<\/p>\n<p style=\"text-align: justify;\"><strong>\u2018K\u00dcRT \u00d6ZG\u00dcRL\u00dcK HAREKET\u0130, T\u00dcRK\u0130YE DEVR\u0130MC\u0130 HAREKET\u0130NE, YEN\u0130 B\u0130R DENEY\u0130M SUNUYOR\u2019<\/strong><\/p>\n<p style=\"text-align: justify;\">Konu\u015fmas\u0131na devam eden K\u00fcrk\u00e7\u00fc, y\u0131llar \u00f6nce T\u00fcrkiye devrimci hareketinin K\u00fcrt \u00f6zg\u00fcrl\u00fck m\u00fccadelesine \u00f6rnek oldu\u011funu belirterek, &#8220;Abdullah \u00d6calan\u2019a ne zaman sorsan\u0131z, \u2019Mahir \u00c7ayan, Deniz Gezmi\u015f, \u0130brahim Kaypakkaya, dev gen\u00e7ler bunlar bizim \u00f6nc\u00fclerimizdir. Biz onlar\u0131n yolundan y\u00fcr\u00fcd\u00fck\u2019 diyor. Abdullah \u00d6calan 40 y\u0131l bu yoldan y\u00fcr\u00fcd\u00fckten sonra \u015fimdi K\u00fcrt \u00f6zg\u00fcrl\u00fck hareketi, T\u00fcrkiye devrimci hareketine, yeni bir deneyim sunuyor. Biz bu deneyimi oldu\u011fu gibi kabul ediyoruz. Ba\u015f tac\u0131 ediyoruz. Onunla birle\u015fiyoruz. Onunla birlikte yeni bir T\u00fcrkiye kuraca\u011f\u0131z. K\u00fcrt m\u00fccadelisinin \u00f6rg\u00fctlerinin bast\u0131r\u0131lmas\u0131na raz\u0131 de\u011filiz&#8221; diye konu\u015ftu.<\/p>\n<p style=\"text-align: justify;\">Daha sonra kongrede yap\u0131lan oylamada \u0130dris Dan\u0131\u015fl\u0131 Bodrum BDP il\u00e7e ba\u015fkanl\u0131\u011f\u0131na, Y\u00fcksel Y\u0131ld\u0131z, Diba Y\u0131ld\u0131z, Adalet Demir, Salih Arslan ve H\u00fclya Erta\u015f y\u00f6netim kurulu \u00fcyeliklerine se\u00e7ildi.<\/p>\n<p style=\"text-align: justify;\"><a href=\"http:\/\/www.radikal.com.tr\/Radikal.aspx?aType=RadikalDetayV3&amp;ArticleID=1078514&amp;CategoryID=78\" target=\"_blank\">Kaynak : Radikal.com.tr<\/a><\/p>\n","protected":false},"excerpt":{"rendered":"<p style=\"text-align: center;\">\n<p style=\"text-align: justify;\">BDP&#8217;nin 2&#8217;nci Ola\u011fan Kongresi&#8217;ne kat\u0131lan BDP Mersin Milletvekili Ertu\u011frul K\u00fcrk\u00e7\u00fc, Ba\u015fbakan Recep Tayyip Erdo\u011fan&#8217;\u0131 ele\u015ftirdi.<\/p>\n<p style=\"text-align: justify;\">BDP\u2019nin 2\u2019nci ola\u011fan kongresi Nurol K\u00fclt\u00fcr Merkezi\u2019nde yap\u0131ld\u0131. Kongreye, BDP Mersin Milletvekili Ertu\u011frul K\u00fcrk\u00e7\u00fc, BDP Genel Merkezi\u2019nden Cemil Elden, \u015eehbal \u015eenyurt, \u00fcyeler ve yakla\u015f\u0131k bine yak\u0131n BDP\u2019li kat\u0131ld\u0131. Kad\u0131nlar\u0131n \u00f6n saflarda y\u00f6resel k\u0131yafetlerini <\/p>\n","protected":false},"author":1,"featured_media":0,"comment_status":"open","ping_status":"open","sticky":false,"template":"","format":"standard","meta":{"footnotes":""},"categories":[105],"tags":[],"class_list":["post-48727","post","type-post","status-publish","format-standard","hentry","category-gundem","odd"],"_links":{"self":[{"href":"http:\/\/www.korhanyilmaz.com\/index.php?rest_route=\/wp\/v2\/posts\/48727","targetHints":{"allow":["GET"]}}],"collection":[{"href":"http:\/\/www.korhanyilmaz.com\/index.php?rest_route=\/wp\/v2\/posts"}],"about":[{"href":"http:\/\/www.korhanyilmaz.com\/index.php?rest_route=\/wp\/v2\/types\/post"}],"author":[{"embeddable":true,"href":"http:\/\/www.korhanyilmaz.com\/index.php?rest_route=\/wp\/v2\/users\/1"}],"replies":[{"embeddable":true,"href":"http:\/\/www.korhanyilmaz.com\/index.php?rest_route=%2Fwp%2Fv2%2Fcomments&post=48727"}],"version-history":[{"count":0,"href":"http:\/\/www.korhanyilmaz.com\/index.php?rest_route=\/wp\/v2\/posts\/48727\/revisions"}],"wp:attachment":[{"href":"http:\/\/www.korhanyilmaz.com\/index.php?rest_route=%2Fwp%2Fv2%2Fmedia&parent=48727"}],"wp:term":[{"taxonomy":"category","embeddable":true,"href":"http:\/\/www.korhanyilmaz.com\/index.php?rest_route=%2Fwp%2Fv2%2Fcategories&post=48727"},{"taxonomy":"post_tag","embeddable":true,"href":"http:\/\/www.korhanyilmaz.com\/index.php?rest_route=%2Fwp%2Fv2%2Ftags&post=48727"}],"curies":[{"name":"wp","href":"https:\/\/api.w.org\/{rel}","templated":true}]}}