{"id":48723,"date":"2012-02-12T15:05:40","date_gmt":"2012-02-12T13:05:40","guid":{"rendered":"http:\/\/www.korhanyilmaz.com\/?p=48723"},"modified":"2012-02-12T23:37:53","modified_gmt":"2012-02-12T21:37:53","slug":"bozdag-suc-islemeden-pkkya-sizamazlardi","status":"publish","type":"post","link":"http:\/\/www.korhanyilmaz.com\/?p=48723","title":{"rendered":"Bozda\u011f: Su\u00e7 i\u015flemeden PKK&#8217;ya s\u0131zamazlard\u0131"},"content":{"rendered":"<p style=\"text-align: center;\"><a href=\"http:\/\/www.korhanyilmaz.com\/wp-content\/uploads\/2012\/02\/9759.jpg\"  class=\"lightview\"><img loading=\"lazy\" decoding=\"async\" class=\"aligncenter  wp-image-48724\" src=\"http:\/\/www.korhanyilmaz.com\/wp-content\/uploads\/2012\/02\/9759.jpg\" alt=\"\" width=\"421\" height=\"217\" \/><\/a><\/p>\n<p style=\"text-align: justify;\">Ba\u015fbakan Yard\u0131mc\u0131s\u0131 Bekir Bozda\u011f, M\u0130T mensuplar\u0131n\u0131n su\u00e7 i\u015flemeden ter\u00f6r \u00f6rg\u00fctlerinin i\u00e7ine s\u0131zamayaca\u011f\u0131n\u0131 s\u00f6yledi. Tart\u0131\u015fmalar\u0131n yorum fark\u0131ndan kaynakland\u0131\u011f\u0131n\u0131 belirten Bozda\u011f, \u201cPKK\u2019daki M\u0130T\u2019\u00e7iler de\u015fifre oldu\u201d dedi.<\/p>\n<p style=\"text-align: justify;\">ANKARA &#8211; Ba\u015fbakan Yard\u0131mc\u0131s\u0131 Bekir Bozda\u011f, Kanal 7&#8217;de yay\u0131mlanan Ba\u015fkent Kulisi program\u0131nda, M\u0130T M\u00fcste\u015far\u0131 Hakan Fidan ve baz\u0131 M\u0130T mensuplar\u0131n\u0131n KCK soru\u015fturmas\u0131 kapsam\u0131nda ifadeye \u00e7a\u011fr\u0131lmas\u0131yla ilgili sorular\u0131 yan\u0131tlad\u0131.\u00a0<!--more--><\/p>\n<p style=\"text-align: justify;\">Bozda\u011f, \u00f6zetle \u015f\u00f6yle konu\u015ftu:<\/p>\n<p style=\"text-align: justify;\">&#8221;Milli \u0130stihbarat&#8217;\u0131n ter\u00f6r \u00f6rg\u00fct\u00fc i\u00e7ine s\u0131zmalar\u0131na bakt\u0131\u011f\u0131n\u0131zda, s\u0131zman\u0131n su\u00e7 i\u015flemeden yap\u0131lma imkan\u0131 yok. Oraya girdi\u011finiz zaman o faaliyetlerin i\u00e7inde oldu\u011funuz zaman kar\u015f\u0131dakilerin g\u00fcvenini kazanmak i\u00e7in de baz\u0131 \u015feyler yapmas\u0131 gerekir ama burada \u00f6nemli olan \u015fu, bu yapt\u0131\u011f\u0131 \u015feylerin \u00fclkenin aleyhine sonu\u00e7lar do\u011furmamas\u0131. Askerimize, polisimize kur\u015fun s\u0131k\u0131lmamas\u0131, canl\u0131 bomba eylemlerinin yap\u0131lmamas\u0131&#8230; Bunlar zaten yok, olmas\u0131 da m\u00fcmk\u00fcn de\u011fil, d\u00fc\u015f\u00fcn\u00fclemez de zaten.<\/p>\n<p style=\"text-align: justify;\">Bunlar\u0131n i\u00e7erisine girdi\u011finde bir tak\u0131m kanunlar\u0131n su\u00e7 olarak tan\u0131mlad\u0131\u011f\u0131 baz\u0131 fiilleri i\u015flemeden bunlar\u0131n yap\u0131lma imkan\u0131 yok.<\/p>\n<p style=\"text-align: justify;\">Burada yorumdan kaynaklanan bir hadise oldu\u011funu d\u00fc\u015f\u00fcn\u00fcyorum. Bence kanunla de\u011fil, yorumla bir su\u00e7 iddias\u0131 var gibi geliyor. Ter\u00f6r\u00fcn i\u00e7ine s\u0131zm\u0131\u015f ki\u015fileri ter\u00f6rle i\u015fbirli\u011fi yapm\u0131\u015f olarak g\u00f6rmek kadar bir b\u00fcy\u00fck yorum hatas\u0131 olamaz.<\/p>\n<p style=\"text-align: justify;\">Bak\u0131yorsunuz bir canl\u0131 bomba yakalan\u0131yor, evlerde bomba d\u00fczenekleri, silah depolar\u0131 bulunuyor. Sokakta gezen polis &#8216;\u015furada bir \u015fey vard\u0131, ben bir bakay\u0131m&#8217; deyince mi oluyor bunlar? Hay\u0131r, bu bir istihbarat\u0131n sonucu, elde edilen bilginin de\u011ferlendirilmesiyle yap\u0131lan operasyonda ortaya \u00e7\u0131kar\u0131lan durum. Burada sorun bununla ilgili k\u0131sm\u0131, ben daha \u00f6nce ifade ettim, elmayla armudu birbirine kar\u0131\u015ft\u0131rm\u0131\u015f.<\/p>\n<p style=\"text-align: justify;\">Bu soru\u015fturma kapsam\u0131nda yap\u0131lan usul hatalar\u0131, KCK kapsam\u0131nda, belki de PKK&#8217;n\u0131n da i\u00e7erisinde pek \u00e7ok istihbarat g\u00f6revlisinin de\u015fifre olmas\u0131 sonucunu maalesef do\u011furdu.<\/p>\n<p style=\"text-align: justify;\">Yarg\u0131 ba\u011f\u0131ms\u0131zd\u0131r. Ba\u015fsavc\u0131l\u0131\u011f\u0131n da kendi i\u00e7inde yap\u0131lan yanl\u0131\u015flara kar\u015f\u0131 kendine has bir mekanizmas\u0131 var. Sizin \u00e7\u0131kard\u0131\u011f\u0131n\u0131z gaye belli ama uygulay\u0131c\u0131lar sizin hi\u00e7 murat etmedi\u011finiz \u015fekil ve y\u00f6ntemde o yasay\u0131 yorumluyor ve uyguluyorlarsa o zaman yasama organ\u0131 da der ki &#8216;benim maksad\u0131m bu de\u011fil&#8217;, o zaman yasama organ\u0131 neden yanl\u0131\u015f yorumlad\u0131klar\u0131na bakarak, yanl\u0131\u015f yorumu ortadan kald\u0131racak bir yasal d\u00fczenleme yapabilir. Bu anayasa taraf\u0131ndan verilmi\u015f bir hakt\u0131r.<\/p>\n<p style=\"text-align: justify;\">Olayda \u00fclkenin de aleyhine sonu\u00e7 do\u011furan bir durum bulundu\u011funu, M\u0130T&#8217;in ter\u00f6r \u00f6rg\u00fctlerinin i\u00e7ine s\u0131zabilece\u011fini s\u00f6yleyen Bozda\u011f, &#8221;Siz bundan sonraki s\u00fcre\u00e7te, ter\u00f6r \u00f6rg\u00fct\u00fcn\u00fcn i\u00e7ine can\u0131 pahas\u0131na s\u0131z\u0131yor, &#8216;ben \u015fehit olurum&#8217; diyor ama \u00f6te yandan s\u0131zd\u0131\u011f\u0131 zaman da ter\u00f6rle i\u015fbirli\u011fi yapm\u0131\u015f gibi yanl\u0131, sakat bir yorum olur mu? &#8216;Sen bunun i\u00e7ine s\u0131zd\u0131n onunla oturdun konu\u015ftun, sen ter\u00f6r \u00f6rg\u00fct\u00fcyle i\u015fbirli\u011fi yapt\u0131n&#8217; dedi\u011fin zaman \u00fclkenin g\u00fcvenli\u011fi a\u00e7\u0131s\u0131ndan toplanmas\u0131 gereken istihbarat\u0131 biz nas\u0131l toplayaca\u011f\u0131z.<\/p>\n<p style=\"text-align: justify;\">Bak\u0131l\u0131yor ki savc\u0131l\u0131k makam\u0131 250&#8217;yi \u00f6zel de\u011ferlendiriyor ama burada \u00f6zel yasa CMK de\u011fil, M\u0130T ile ilgili kanundur, 26. maddedir. Uyu\u015fturucu madde, organize su\u00e7 \u00f6rg\u00fct\u00fc veya ter\u00f6r \u00f6rg\u00fctleriyle M\u0130T mensuplar\u0131 i\u015fbirli\u011fi, dayan\u0131\u015fma i\u00e7inde birlikte hareket etme var m\u0131, yok mu bunu ay\u0131rt etmek gerekiyor.<\/p>\n<p style=\"text-align: justify;\">Dosyadaki el \u00e7ektirme bizim i\u015fimiz de\u011fil. Yarg\u0131n\u0131n kendi i\u00e7erisinde yapaca\u011f\u0131 bir tasarruf. Yarg\u0131 ne yapar, ne eder kanaati nedir bilemeyiz. \u00d6nemli olan bunlar\u0131n kasten yap\u0131lmam\u0131\u015f olmas\u0131d\u0131r.<\/p>\n<p style=\"text-align: justify;\">O kadar emek, gayret yap\u0131l\u0131yor. Bir \u00f6zensizlik, bu kadar eme\u011fi, gayreti bo\u015fa \u00e7\u0131karan sonu\u00e7lar do\u011furabiliyor. O y\u00fczden bu soru\u015fturmalar\u0131 yapanlar herkesten daha \u00e7ok \u00e7ok \u00f6zen ve dikkat g\u00f6stermek zorundad\u0131r.<\/p>\n<p style=\"text-align: justify;\">Yanl\u0131\u015f yapana en \u00f6nce cezay\u0131 soru\u015fturma izni vererek Ba\u015fbakan keser.&#8221;<\/p>\n<p style=\"text-align: justify;\"><a href=\"http:\/\/www.ntvmsnbc.com\/id\/25321440\" target=\"_blank\">Kaynak : NTVMSNBC<\/a><\/p>\n","protected":false},"excerpt":{"rendered":"<p style=\"text-align: center;\">\n<p style=\"text-align: justify;\">Ba\u015fbakan Yard\u0131mc\u0131s\u0131 Bekir Bozda\u011f, M\u0130T mensuplar\u0131n\u0131n su\u00e7 i\u015flemeden ter\u00f6r \u00f6rg\u00fctlerinin i\u00e7ine s\u0131zamayaca\u011f\u0131n\u0131 s\u00f6yledi. Tart\u0131\u015fmalar\u0131n yorum fark\u0131ndan kaynakland\u0131\u011f\u0131n\u0131 belirten Bozda\u011f, \u201cPKK\u2019daki M\u0130T\u2019\u00e7iler de\u015fifre oldu\u201d dedi.<\/p>\n<p style=\"text-align: justify;\">ANKARA &#8211; Ba\u015fbakan Yard\u0131mc\u0131s\u0131 Bekir Bozda\u011f, Kanal 7&#8217;de yay\u0131mlanan Ba\u015fkent Kulisi program\u0131nda, M\u0130T M\u00fcste\u015far\u0131 Hakan Fidan ve baz\u0131 M\u0130T mensuplar\u0131n\u0131n KCK soru\u015fturmas\u0131 kapsam\u0131nda ifadeye <\/p>\n","protected":false},"author":1,"featured_media":0,"comment_status":"open","ping_status":"open","sticky":false,"template":"","format":"standard","meta":{"footnotes":""},"categories":[105],"tags":[],"class_list":["post-48723","post","type-post","status-publish","format-standard","hentry","category-gundem","odd"],"_links":{"self":[{"href":"http:\/\/www.korhanyilmaz.com\/index.php?rest_route=\/wp\/v2\/posts\/48723","targetHints":{"allow":["GET"]}}],"collection":[{"href":"http:\/\/www.korhanyilmaz.com\/index.php?rest_route=\/wp\/v2\/posts"}],"about":[{"href":"http:\/\/www.korhanyilmaz.com\/index.php?rest_route=\/wp\/v2\/types\/post"}],"author":[{"embeddable":true,"href":"http:\/\/www.korhanyilmaz.com\/index.php?rest_route=\/wp\/v2\/users\/1"}],"replies":[{"embeddable":true,"href":"http:\/\/www.korhanyilmaz.com\/index.php?rest_route=%2Fwp%2Fv2%2Fcomments&post=48723"}],"version-history":[{"count":0,"href":"http:\/\/www.korhanyilmaz.com\/index.php?rest_route=\/wp\/v2\/posts\/48723\/revisions"}],"wp:attachment":[{"href":"http:\/\/www.korhanyilmaz.com\/index.php?rest_route=%2Fwp%2Fv2%2Fmedia&parent=48723"}],"wp:term":[{"taxonomy":"category","embeddable":true,"href":"http:\/\/www.korhanyilmaz.com\/index.php?rest_route=%2Fwp%2Fv2%2Fcategories&post=48723"},{"taxonomy":"post_tag","embeddable":true,"href":"http:\/\/www.korhanyilmaz.com\/index.php?rest_route=%2Fwp%2Fv2%2Ftags&post=48723"}],"curies":[{"name":"wp","href":"https:\/\/api.w.org\/{rel}","templated":true}]}}