{"id":48706,"date":"2012-02-12T08:02:12","date_gmt":"2012-02-12T06:02:12","guid":{"rendered":"http:\/\/www.korhanyilmaz.com\/?p=48706"},"modified":"2012-02-12T11:01:31","modified_gmt":"2012-02-12T09:01:31","slug":"izmirin-ilk-muruvveti","status":"publish","type":"post","link":"http:\/\/www.korhanyilmaz.com\/?p=48706","title":{"rendered":"\u0130zmir\u2019in ilk m\u00fcr\u00fcvveti"},"content":{"rendered":"<div id=\"attachment_37365\" style=\"width: 115px\" class=\"wp-caption alignright\"><img loading=\"lazy\" decoding=\"async\" aria-describedby=\"caption-attachment-37365\" class=\" wp-image-37365 \" title=\"Y\u0131lmaz \u00d6zdil - H\u00fcrriyet Gazetesi\" src=\"http:\/\/www.korhanyilmaz.com\/wp-content\/uploads\/2011\/07\/257.jpg\" alt=\"\" width=\"105\" height=\"112\" \/><p id=\"caption-attachment-37365\" class=\"wp-caption-text\">Y\u0131lmaz \u00d6zdil<\/p><\/div>\n<p style=\"text-align: justify;\">\u0130yi ki doo\u011fdun \u0130zmiir<\/p>\n<p style=\"text-align: justify;\">\u0130yi ki doo\u011fdun \u0130zmiir<\/p>\n<p style=\"text-align: justify;\">\u0130yi ki doo\u011fdun<\/p>\n<p style=\"text-align: justify;\">\u0130yi ki doo\u011fdun<\/p>\n<p style=\"text-align: justify;\">\u0130yi ki doo\u011fdun \u0130zmiir<\/p>\n<p style=\"text-align: justify;\">*<!--more--><\/p>\n<p style=\"text-align: justify;\">T\u00fcrkiye\u2019den s\u0131k\u0131ld\u0131m.<\/p>\n<p style=\"text-align: justify;\">Hadi gelin&#8230;<\/p>\n<p style=\"text-align: justify;\">\u0130zmir\u2019e g\u00f6t\u00fcreyim sizi.<\/p>\n<p style=\"text-align: justify;\">*<\/p>\n<p style=\"text-align: justify;\">Ya\u015f g\u00fcn\u00fc var bug\u00fcn.<\/p>\n<p style=\"text-align: justify;\">*<\/p>\n<p style=\"text-align: justify;\">T\u00fcrkiye Cumhuriyeti\u2019nin \u00f6zbe\u00f6z T\u00fcrk vatanda\u015f\u0131 olan ilk fili, \u0130zmir&#8230;<\/p>\n<p style=\"text-align: justify;\">Bir ya\u015f\u0131n\u0131 doldurdu.<\/p>\n<p style=\"text-align: justify;\">*<\/p>\n<p style=\"text-align: justify;\">(Yeni ba\u015flayanlar i\u00e7in \u00f6zetlersek&#8230; Bahad\u0131r\u2019d\u0131 ilk g\u00f6za\u011fr\u0131m\u0131z. Hindistan\u2019dan Pak Bahadur ad\u0131yla gelmi\u015fti. Ailesinden kopar\u0131ld\u0131\u011f\u0131 i\u00e7in, bak\u0131\u015flar\u0131nda h\u00fcz\u00fcn bulutlar\u0131 gezinen, duygusal delikanl\u0131. Fil de\u011fildi bizim i\u00e7in. \u201cBahad\u0131r\u201d dedik ona. Affedilmez hata yapt\u0131k, 50 sene yaln\u0131z b\u0131rakt\u0131k. Sonra kazmal\u0131\u011f\u0131m\u0131z\u0131 fark ettik. Hindistan\u2019dan rica ettik, Hint\u00e7e prenses manas\u0131na gelen Beg\u00fcm\u2019\u00fc g\u00f6nderdiler. \u0130ki ya\u015f\u0131ndayd\u0131. Gelin olamayaca\u011f\u0131na g\u00f6re, can yolda\u015f\u0131 olur dedik, ad\u0131n\u0131 \u201cBeg\u00fcmcan\u201d koyduk. 2007\u2019de, 59 ya\u015f\u0131ndayken, Bahad\u0131r\u2019\u0131 kaybettik. Topra\u011fa basmas\u0131 gereken ayaklar\u0131, \u00f6mr\u00fc boyunca betona bast\u0131\u011f\u0131 i\u00e7in iltihaplanm\u0131\u015ft\u0131, ameliyata al\u0131nd\u0131, masada kald\u0131. Son bi damla kederli ya\u015f s\u00fcz\u00fcld\u00fc g\u00f6zlerinden, kapand\u0131, a\u00e7\u0131lmad\u0131. S\u00f6zde yuva diye yap\u0131lan, pasl\u0131 \u00e7ivilerle, \u00fc\u00e7 metrelik \u00e7ukurla \u00e7evrili cezaevindeki tutsak hayat\u0131 sona ermi\u015fti. Bitmi\u015fti i\u015fkence&#8230; Oofff, off! Bahad\u0131r\u2019\u0131n \u00e7ekti\u011fi \u00e7ile, hepimize ders oldu. Fuar\u2019daki T\u00fcrkiye Cumhuriyeti\u2019nin ilk hayvanat bah\u00e7esini, Sasal\u0131\u2019ya ta\u015f\u0131d\u0131k. Do\u011fal Ya\u015fam Park\u0131, 425 bin metrekare, ferah ferah, alabildi\u011fine, dokuz bin metrekarelik g\u00f6l\u00fc bile var. Bahad\u0131r\u2019\u0131 oraya defnettik, an\u0131t diktik. Bahad\u0131r\u2019a yapt\u0131\u011f\u0131m\u0131z\u0131 Beg\u00fcmcan\u2019a yapmad\u0131k. Arad\u0131k, tarad\u0131k, \u0130srail\u2019de bulduk damad\u0131m\u0131z\u0131. Ad\u0131 \u201cWinner\u201dd\u0131. 11 ya\u015f\u0131na gelen Beg\u00fcmcan\u2019\u0131n ya\u015f\u0131t\u0131yd\u0131. Bu sefer denk getirmi\u015ftik. \u0130lk g\u00f6r\u00fc\u015fte a\u015fk derler ya, \u00f6yle oldu. Gerdek detaylar\u0131n\u0131 atlayay\u0131m&#8230; T\u00fcrkiye\u2019nin T\u00fcrkiye\u2019de d\u00fcnyaya gelen ilk fili do\u011fdu. Nur topu gibi, k\u0131z&#8230; \u0130zmir B\u00fcy\u00fck\u015fehir Belediye Ba\u015fkan\u0131 Aziz Kocao\u011flu, ad\u0131n\u0131 ne koyal\u0131m diye, internet \u00fczerinden referandum yapt\u0131rd\u0131. Oyumu H\u00fcrriyet\u2019teki k\u00f6\u015femden kullan\u0131rken, bir \u00f6neride bulundum, \u201cHitit Prensesi\u2019dir Smyrna, \u00f6zbe\u00f6z Anadolu\u2019dur, annesinin ad\u0131 prenses, do\u011fdu\u011fu \u015fehir prenses, T\u00fcrkiye\u2019nin prensesidir o, bebi\u015fimizin ad\u0131 \u0130zmir olsun\u201d diye yazd\u0131m. Referandumdan \u201c\u0130zmir\u201d \u00e7\u0131kt\u0131.)<\/p>\n<p style=\"text-align: justify;\">*<\/p>\n<p style=\"text-align: justify;\"><a href=\"http:\/\/www.korhanyilmaz.com\/wp-content\/uploads\/2012\/02\/9757.jpg\"  class=\"lightview\"><img loading=\"lazy\" decoding=\"async\" class=\"alignleft  wp-image-48709\" style=\"margin-left: 10px; margin-right: 10px;\" src=\"http:\/\/www.korhanyilmaz.com\/wp-content\/uploads\/2012\/02\/9757.jpg\" alt=\"\" width=\"280\" height=\"168\" \/><\/a>22 ay gebelik ve 48 saat s\u00fcren do\u011fum sanc\u0131lar\u0131n\u0131n ard\u0131ndan, pembeye \u00e7alan k\u0131sac\u0131k hortumuyla d\u00fcnyaya gelen bebi\u015f, 110 kiloydu! Do\u011fal ortam\u0131ndan kopuk b\u00fcy\u00fcyen anne Beg\u00fcmcan\u2019\u0131n tecr\u00fcbesizli\u011fi herkesi endi\u015felendiriyordu. Ancak, do\u011fa her yerde do\u011fa\u2019yd\u0131, annelik i\u00e7g\u00fcd\u00fcs\u00fcn\u00fcn e\u011fitime ihtiyac\u0131 yoktu. Sadece alt\u0131 saat sonra kendili\u011finden emzirdi.<\/p>\n<p style=\"text-align: justify;\">*<\/p>\n<p style=\"text-align: justify;\">\u0130lk hafta, g\u00fcnde 15 litre anne s\u00fct\u00fcyle beslendi. Sonra, s\u00fcte ilaveten, her g\u00fcn alt\u0131 \u00f6\u011f\u00fcnde iki\u015fer litrelik mamaya ba\u015flad\u0131. Bi ara panik ya\u015fand\u0131&#8230; Bebi\u015f ac\u0131k\u0131nca annesine yana\u015f\u0131yor, anne iteliyor, ka\u00e7\u0131yor, emzirmeyi reddediyordu. Me\u011fer, memesi tahri\u015f olmu\u015ftu. Anne \u00f6zel kremlerle tedavi edilirken, bebi\u015fin mamas\u0131 takviye edildi. Anne iyile\u015fti, hayat normale d\u00f6nd\u00fc.<\/p>\n<p style=\"text-align: justify;\">*<\/p>\n<p style=\"text-align: justify;\">350 kilo oldu&#8230;<\/p>\n<p style=\"text-align: justify;\">S\u00fcte ihtiya\u00e7 hissetmiyor. \u00c7\u00fcnk\u00fc di\u015fleri \u00e7\u0131kt\u0131. Di\u015fleri \u00e7\u0131karken, hepimiz gibi, ne bulduysa kemirdi, dama\u011f\u0131n\u0131 ka\u015f\u0131d\u0131. \u015eimdi, hem mama yiyor, hem de g\u00fcnde 45 kilo meyve-sebze.<\/p>\n<p style=\"text-align: justify;\">*<\/p>\n<p style=\"text-align: justify;\">Anne babas\u0131yla, 15 bin metrekarelik alanda ya\u015f\u0131yor. \u0130lk g\u00fcnden beri babas\u0131n\u0131 her g\u00fcn g\u00f6r\u00fcyor ama, uzaktan, yan\u0131na gitmesi yasak&#8230; Erkek filler, annenin ilgisini k\u0131skand\u0131\u011f\u0131 i\u00e7in, yavruya zarar verebiliyor. Kar\u0131-koca bulu\u015fuyorlar, bebi\u015f bak\u0131c\u0131lar\u0131yla kal\u0131yor. Al\u0131\u015ft\u0131ra al\u0131\u015ft\u0131ra&#8230; Az daha b\u00fcy\u00fcs\u00fcn, c\u00fcsselensin, iki ya\u015f\u0131na do\u011fru, babas\u0131n\u0131n yan\u0131na gitmeye ba\u015flayacak.<\/p>\n<p style=\"text-align: justify;\">*<\/p>\n<p style=\"text-align: justify;\">Yeme\u011fini kapal\u0131 bar\u0131nakta yiyor, kapal\u0131 bar\u0131nakta uyuyor. \u0130ki bak\u0131c\u0131s\u0131 var. Her sabah y\u0131kan\u0131yor, paklan\u0131yor, manik\u00fcr-pedik\u00fcr yap\u0131l\u0131yor. 24 saat n\u00f6bet tutan veteriner hekimleri var.<\/p>\n<p style=\"text-align: justify;\">*<\/p>\n<p style=\"text-align: justify;\">Plates yap\u0131yor!<\/p>\n<p style=\"text-align: justify;\">Yanl\u0131\u015f okumad\u0131n\u0131z&#8230;<\/p>\n<p style=\"text-align: justify;\">Minik hortumuyla plates topu yuvarlamaya bay\u0131l\u0131yor.<\/p>\n<p style=\"text-align: justify;\">*<\/p>\n<p style=\"text-align: justify;\">G\u00fcn\u00fcn\u00fc, a\u00e7\u0131k alanda, temiz hava, bol g\u00fcne\u015fte ge\u00e7iriyor. Ge\u00e7enlerde \u0130zmir\u2019e kar ya\u011fd\u0131, \u0130zmirliler gibi, bebi\u015f \u0130zmir de \u015fa\u015ft\u0131 kald\u0131. Sabah uyan\u0131nca bar\u0131na\u011f\u0131ndan kafas\u0131n\u0131 uzatt\u0131, \u201cgel bi tanem, korkma\u201d diye seslenen bak\u0131c\u0131s\u0131na do\u011fru y\u00fcr\u00fcmek istedi, kap\u0131da durdu, tedirgindi, ilk kez g\u00f6rd\u00fc\u011f\u00fc bembeyaz zemine basmaya \u00e7ekiniyordu, sonra do\u011fan\u0131n kanunu devreye girdi, \u00e7\u0131kt\u0131, ko\u015ftu ko\u015ftu, karlarda yuvarland\u0131, seneler sonra kar g\u00f6ren \u0130zmirliler gibi \u015fendi.<\/p>\n<p style=\"text-align: justify;\">*<\/p>\n<p style=\"text-align: justify;\">Foto\u011fraf&#8230;<\/p>\n<p style=\"text-align: justify;\">\u0130\u015fte o an\u2019\u0131n foto\u011fraf\u0131.<\/p>\n<p style=\"text-align: justify;\">*<\/p>\n<p style=\"text-align: justify;\">Ve, bug\u00fcn, birinci ya\u015f g\u00fcn\u00fc partisi var \u0130zmir\u2019imizin&#8230; Asl\u0131na bakarsan\u0131z, 5 \u015eubat 2011\u2019de d\u00fcnyaya gelmi\u015fti. Ancak, ge\u00e7en hafta s\u00f6mestr tatiliydi, de\u011ferli \u00f6\u011fretmenlerimiz bu hafta ders ba\u015f\u0131 yapan \u00f6\u011frencilerine haber versin diye, bug\u00fcne ertelendi.<\/p>\n<p style=\"text-align: justify;\">*<\/p>\n<p style=\"text-align: justify;\">Bug\u00fcn, saat 13\u2019te, \u0130zmir Do\u011fal Ya\u015fam Park\u0131\u2019nda, T\u00fcrkiye\u2019nin ilk bebi\u015f fili \u0130zmir\u2019in, ya\u015f g\u00fcn\u00fc pastas\u0131 kesilecek. Konser var. Tiyatro var. Palya\u00e7o var. Y\u00fcz boyama var. Kurabiye var. Sevgili \u00e7ocuklar\u0131m\u0131z, sevgili bebi\u015fimiz \u0130zmir\u2019le birlikte unutulmaz bir g\u00fcn ge\u00e7irecek.<\/p>\n<p style=\"text-align: justify;\">*<\/p>\n<p style=\"text-align: justify;\">De\u011ferli Egeliler&#8230;<\/p>\n<p style=\"text-align: justify;\">Uzaktakiler \u015fanss\u0131z.<\/p>\n<p style=\"text-align: justify;\">Size yak\u0131n.<\/p>\n<p style=\"text-align: justify;\">Tarihimiz boyunca, ana-babas\u0131yla ya\u015fayan ilk bebi\u015f filimiz o&#8230;<\/p>\n<p style=\"text-align: justify;\">Al\u0131n evlad\u0131n\u0131z\u0131, gidin ona&#8230; Hem onu mutlu edin, hem de torunlar\u0131na bile anlataca\u011f\u0131 bi hat\u0131ra hediye edin evlad\u0131n\u0131za.<\/p>\n<p style=\"text-align: justify;\"><a href=\"http:\/\/www.hurriyet.com.tr\/yazarlar\/19899314.asp\" target=\"_blank\">Kaynak : H\u00fcrriyet.com.tr<\/a><\/p>\n","protected":false},"excerpt":{"rendered":"<p id=\"caption-attachment-37365\" class=\"wp-caption-text\">Y\u0131lmaz \u00d6zdil<\/p>\n<p style=\"text-align: justify;\">\u0130yi ki doo\u011fdun \u0130zmiir<\/p>\n<p style=\"text-align: justify;\">\u0130yi ki doo\u011fdun \u0130zmiir<\/p>\n<p style=\"text-align: justify;\">\u0130yi ki doo\u011fdun<\/p>\n<p style=\"text-align: justify;\">\u0130yi ki doo\u011fdun<\/p>\n<p style=\"text-align: justify;\">\u0130yi ki doo\u011fdun \u0130zmiir<\/p>\n<p style=\"text-align: justify;\">*<\/p>\n","protected":false},"author":1,"featured_media":0,"comment_status":"open","ping_status":"open","sticky":false,"template":"","format":"standard","meta":{"footnotes":""},"categories":[16],"tags":[30],"class_list":["post-48706","post","type-post","status-publish","format-standard","hentry","category-kose-yazilari","tag-yilmaz-ozdil","odd"],"_links":{"self":[{"href":"http:\/\/www.korhanyilmaz.com\/index.php?rest_route=\/wp\/v2\/posts\/48706","targetHints":{"allow":["GET"]}}],"collection":[{"href":"http:\/\/www.korhanyilmaz.com\/index.php?rest_route=\/wp\/v2\/posts"}],"about":[{"href":"http:\/\/www.korhanyilmaz.com\/index.php?rest_route=\/wp\/v2\/types\/post"}],"author":[{"embeddable":true,"href":"http:\/\/www.korhanyilmaz.com\/index.php?rest_route=\/wp\/v2\/users\/1"}],"replies":[{"embeddable":true,"href":"http:\/\/www.korhanyilmaz.com\/index.php?rest_route=%2Fwp%2Fv2%2Fcomments&post=48706"}],"version-history":[{"count":0,"href":"http:\/\/www.korhanyilmaz.com\/index.php?rest_route=\/wp\/v2\/posts\/48706\/revisions"}],"wp:attachment":[{"href":"http:\/\/www.korhanyilmaz.com\/index.php?rest_route=%2Fwp%2Fv2%2Fmedia&parent=48706"}],"wp:term":[{"taxonomy":"category","embeddable":true,"href":"http:\/\/www.korhanyilmaz.com\/index.php?rest_route=%2Fwp%2Fv2%2Fcategories&post=48706"},{"taxonomy":"post_tag","embeddable":true,"href":"http:\/\/www.korhanyilmaz.com\/index.php?rest_route=%2Fwp%2Fv2%2Ftags&post=48706"}],"curies":[{"name":"wp","href":"https:\/\/api.w.org\/{rel}","templated":true}]}}