{"id":48699,"date":"2012-02-12T00:02:46","date_gmt":"2012-02-11T22:02:46","guid":{"rendered":"http:\/\/www.korhanyilmaz.com\/?p=48699"},"modified":"2012-02-12T10:37:07","modified_gmt":"2012-02-12T08:37:07","slug":"chpde-kurultay-tarihi-degisti-2","status":"publish","type":"post","link":"http:\/\/www.korhanyilmaz.com\/?p=48699","title":{"rendered":"CHP&#8217;de kurultay tarihi de\u011fi\u015fti"},"content":{"rendered":"<p style=\"text-align: center;\"><a href=\"http:\/\/www.korhanyilmaz.com\/wp-content\/uploads\/2012\/02\/9756.jpg\"  class=\"lightview\"><img loading=\"lazy\" decoding=\"async\" class=\"aligncenter  wp-image-48700\" src=\"http:\/\/www.korhanyilmaz.com\/wp-content\/uploads\/2012\/02\/9756.jpg\" alt=\"\" width=\"396\" height=\"180\" \/><\/a><\/p>\n<p style=\"text-align: justify;\">CHP&#8217;de 1 Mart&#8217;ta yap\u0131laca\u011f\u0131 a\u00e7\u0131klanan ola\u011fan\u00fcst\u00fc kurultay\u0131n, 27 \u015eubat&#8217;ta toplanmas\u0131 kararla\u015ft\u0131r\u0131ld\u0131.<\/p>\n<p style=\"text-align: justify;\">ANKARA &#8211; CHP Genel Ba\u015fkan\u0131 Kemal K\u0131l\u0131\u00e7daro\u011flu&#8217;nun, daha \u00f6nce 1 Mart&#8217;ta yap\u0131laca\u011f\u0131 a\u00e7\u0131klanan ola\u011fan\u00fcst\u00fc kurultay\u0131n, 27 \u015eubat&#8217;ta toplanmas\u0131n\u0131 kararla\u015ft\u0131rd\u0131\u011f\u0131 bildirildi.\u00a0<!--more--><\/p>\n<p style=\"text-align: justify;\">CHP&#8217;den yap\u0131lan a\u00e7\u0131klamada, K\u0131l\u0131\u00e7daro\u011flu&#8217;nun, d\u00fcn parti genel merkezinde toplanan T\u00fcz\u00fck Haz\u0131rl\u0131k Komisyonu&#8217;nun e\u011filimi, iste\u011fi ve mevsim ko\u015fullar\u0131 nedeniyle ola\u011fan\u00fcst\u00fc kurultay\u0131n, 1 Mart yerine 27 \u015eubat Pazar g\u00fcn\u00fc toplanmas\u0131na karar verdi\u011fi belirtildi.<\/p>\n<p style=\"text-align: justify;\">A\u00e7\u0131klamada, &#8221;Genel Ba\u015fkan K\u0131l\u0131\u00e7daro\u011flu&#8217;nun \u00e7a\u011fr\u0131s\u0131 \u00fczerine toplanacak olan ola\u011fan\u00fcst\u00fc kurultay 26 \u015eubat g\u00fcn\u00fc, 362 delegenin \u00e7a\u011fr\u0131s\u0131 \u00fczerine Genel Ba\u015fkan taraf\u0131ndan toplant\u0131ya \u00e7a\u011f\u0131r\u0131lan ola\u011fan\u00fcst\u00fc kurultay ise 1 Mart yerine 27 \u015eubat g\u00fcn\u00fc Ankara&#8217;da toplanacakt\u0131r&#8221; denildi.<\/p>\n<p style=\"text-align: justify;\"><a href=\"http:\/\/www.gazeteport.com.tr\/haber\/78695\/chpde_kurultay_tarihi_degisti\" target=\"_blank\">Kaynak : GAZETEPORT<\/a><\/p>\n","protected":false},"excerpt":{"rendered":"<p style=\"text-align: center;\">\n<p style=\"text-align: justify;\">CHP&#8217;de 1 Mart&#8217;ta yap\u0131laca\u011f\u0131 a\u00e7\u0131klanan ola\u011fan\u00fcst\u00fc kurultay\u0131n, 27 \u015eubat&#8217;ta toplanmas\u0131 kararla\u015ft\u0131r\u0131ld\u0131.<\/p>\n<p style=\"text-align: justify;\">ANKARA &#8211; CHP Genel Ba\u015fkan\u0131 Kemal K\u0131l\u0131\u00e7daro\u011flu&#8217;nun, daha \u00f6nce 1 Mart&#8217;ta yap\u0131laca\u011f\u0131 a\u00e7\u0131klanan ola\u011fan\u00fcst\u00fc kurultay\u0131n, 27 \u015eubat&#8217;ta toplanmas\u0131n\u0131 kararla\u015ft\u0131rd\u0131\u011f\u0131 bildirildi. <\/p>\n","protected":false},"author":1,"featured_media":0,"comment_status":"open","ping_status":"open","sticky":false,"template":"","format":"standard","meta":{"footnotes":""},"categories":[105],"tags":[],"class_list":["post-48699","post","type-post","status-publish","format-standard","hentry","category-gundem","odd"],"_links":{"self":[{"href":"http:\/\/www.korhanyilmaz.com\/index.php?rest_route=\/wp\/v2\/posts\/48699","targetHints":{"allow":["GET"]}}],"collection":[{"href":"http:\/\/www.korhanyilmaz.com\/index.php?rest_route=\/wp\/v2\/posts"}],"about":[{"href":"http:\/\/www.korhanyilmaz.com\/index.php?rest_route=\/wp\/v2\/types\/post"}],"author":[{"embeddable":true,"href":"http:\/\/www.korhanyilmaz.com\/index.php?rest_route=\/wp\/v2\/users\/1"}],"replies":[{"embeddable":true,"href":"http:\/\/www.korhanyilmaz.com\/index.php?rest_route=%2Fwp%2Fv2%2Fcomments&post=48699"}],"version-history":[{"count":0,"href":"http:\/\/www.korhanyilmaz.com\/index.php?rest_route=\/wp\/v2\/posts\/48699\/revisions"}],"wp:attachment":[{"href":"http:\/\/www.korhanyilmaz.com\/index.php?rest_route=%2Fwp%2Fv2%2Fmedia&parent=48699"}],"wp:term":[{"taxonomy":"category","embeddable":true,"href":"http:\/\/www.korhanyilmaz.com\/index.php?rest_route=%2Fwp%2Fv2%2Fcategories&post=48699"},{"taxonomy":"post_tag","embeddable":true,"href":"http:\/\/www.korhanyilmaz.com\/index.php?rest_route=%2Fwp%2Fv2%2Ftags&post=48699"}],"curies":[{"name":"wp","href":"https:\/\/api.w.org\/{rel}","templated":true}]}}