{"id":48695,"date":"2012-02-11T16:11:02","date_gmt":"2012-02-11T14:11:02","guid":{"rendered":"http:\/\/www.korhanyilmaz.com\/?p=48695"},"modified":"2012-02-12T10:27:41","modified_gmt":"2012-02-12T08:27:41","slug":"emniyette-deprem-gibi-atamalar","status":"publish","type":"post","link":"http:\/\/www.korhanyilmaz.com\/?p=48695","title":{"rendered":"Emniyet&#8217;te deprem gibi atamalar"},"content":{"rendered":"<p style=\"text-align: center;\"><a href=\"http:\/\/www.korhanyilmaz.com\/wp-content\/uploads\/2012\/02\/9755.jpg\"  class=\"lightview\"><img loading=\"lazy\" decoding=\"async\" class=\"aligncenter  wp-image-48696\" src=\"http:\/\/www.korhanyilmaz.com\/wp-content\/uploads\/2012\/02\/9755.jpg\" alt=\"\" width=\"396\" height=\"180\" \/><\/a><\/p>\n<p style=\"text-align: justify;\">M\u0130T operasyonundan sonra g\u00f6revden al\u0131nan emniyet m\u00fcd\u00fcrlerinin yeni yerleri belli oldu.<\/p>\n<p style=\"text-align: justify;\">ANKARA &#8211; M\u0130T operasyonundan sonra g\u00f6revden al\u0131nan Ter\u00f6r \u015eube ve \u0130stihbarat \u015eube m\u00fcd\u00fcrleri Ankara&#8217;ya atand\u0131.\u00a0<!--more--><\/p>\n<p style=\"text-align: justify;\">\u0130\u00e7i\u015fleri Bakanl\u0131\u011f\u0131 karar\u0131 ve \u0130stanbul Valili\u011fi tebli\u011fiyle hafta i\u00e7i g\u00f6revden al\u0131nan \u0130stanbul Ter\u00f6rle M\u00fccadele \u015eube M\u00fcd\u00fcr\u00fc Yurt Atay\u00fcn&#8217;\u00fcn Emniyet Genel M\u00fcd\u00fcrl\u00fc\u011f\u00fc Emniyet Kontrol Komuta Merkezi&#8217;ne, \u0130stanbul \u0130stihbarat \u015eube M\u00fcd\u00fcr\u00fc Erol Demirhan&#8217;\u0131n Ankara \u0130stihbarat Daire Ba\u015fkanl\u0131\u011f\u0131 emrine, Mart 2011&#8217;de g\u00f6revden al\u0131nan Ali Fuat Y\u0131lmazer&#8217;in ise Ankara Polis Akademisi&#8217;ne atand\u0131\u011f\u0131 belirtildi.<\/p>\n<p style=\"text-align: justify;\">\u0130stanbul \u0130stihbarat \u015eubeden Sorumlu Emniyet M\u00fcd\u00fcr Yard\u0131mc\u0131s\u0131 olan Y\u0131lmazer, Ergenekon operasyonlar\u0131n\u0131 ba\u015flatm\u0131\u015f ve bir\u00e7ok operasyonda g\u00f6rev alm\u0131\u015ft\u0131.<\/p>\n<p style=\"text-align: justify;\"><a href=\"http:\/\/www.gazeteport.com.tr\/haber\/78660\/emniyette_deprem_gibi_atamalar\" target=\"_blank\">Kaynak : GAZETEPORT<\/a><\/p>\n","protected":false},"excerpt":{"rendered":"<p style=\"text-align: center;\">\n<p style=\"text-align: justify;\">M\u0130T operasyonundan sonra g\u00f6revden al\u0131nan emniyet m\u00fcd\u00fcrlerinin yeni yerleri belli oldu.<\/p>\n<p style=\"text-align: justify;\">ANKARA &#8211; M\u0130T operasyonundan sonra g\u00f6revden al\u0131nan Ter\u00f6r \u015eube ve \u0130stihbarat \u015eube m\u00fcd\u00fcrleri Ankara&#8217;ya atand\u0131. <\/p>\n","protected":false},"author":1,"featured_media":0,"comment_status":"open","ping_status":"open","sticky":false,"template":"","format":"standard","meta":{"footnotes":""},"categories":[105],"tags":[],"class_list":["post-48695","post","type-post","status-publish","format-standard","hentry","category-gundem","odd"],"_links":{"self":[{"href":"http:\/\/www.korhanyilmaz.com\/index.php?rest_route=\/wp\/v2\/posts\/48695","targetHints":{"allow":["GET"]}}],"collection":[{"href":"http:\/\/www.korhanyilmaz.com\/index.php?rest_route=\/wp\/v2\/posts"}],"about":[{"href":"http:\/\/www.korhanyilmaz.com\/index.php?rest_route=\/wp\/v2\/types\/post"}],"author":[{"embeddable":true,"href":"http:\/\/www.korhanyilmaz.com\/index.php?rest_route=\/wp\/v2\/users\/1"}],"replies":[{"embeddable":true,"href":"http:\/\/www.korhanyilmaz.com\/index.php?rest_route=%2Fwp%2Fv2%2Fcomments&post=48695"}],"version-history":[{"count":0,"href":"http:\/\/www.korhanyilmaz.com\/index.php?rest_route=\/wp\/v2\/posts\/48695\/revisions"}],"wp:attachment":[{"href":"http:\/\/www.korhanyilmaz.com\/index.php?rest_route=%2Fwp%2Fv2%2Fmedia&parent=48695"}],"wp:term":[{"taxonomy":"category","embeddable":true,"href":"http:\/\/www.korhanyilmaz.com\/index.php?rest_route=%2Fwp%2Fv2%2Fcategories&post=48695"},{"taxonomy":"post_tag","embeddable":true,"href":"http:\/\/www.korhanyilmaz.com\/index.php?rest_route=%2Fwp%2Fv2%2Ftags&post=48695"}],"curies":[{"name":"wp","href":"https:\/\/api.w.org\/{rel}","templated":true}]}}