{"id":48685,"date":"2012-02-11T18:05:50","date_gmt":"2012-02-11T16:05:50","guid":{"rendered":"http:\/\/www.korhanyilmaz.com\/?p=48685"},"modified":"2012-02-12T00:59:31","modified_gmt":"2012-02-11T22:59:31","slug":"ati-alan-uskudari-gecti-artik-bunun-donusu-yok","status":"publish","type":"post","link":"http:\/\/www.korhanyilmaz.com\/?p=48685","title":{"rendered":"&#8216;At\u0131 alan \u00dcsk\u00fcdar&#8217;\u0131 ge\u00e7ti, art\u0131k bunun d\u00f6n\u00fc\u015f\u00fc yok&#8217;"},"content":{"rendered":"<p style=\"text-align: center;\"><a href=\"http:\/\/www.korhanyilmaz.com\/wp-content\/uploads\/2012\/02\/9753.jpg\"  class=\"lightview\"><img loading=\"lazy\" decoding=\"async\" class=\"aligncenter  wp-image-48686\" src=\"http:\/\/www.korhanyilmaz.com\/wp-content\/uploads\/2012\/02\/9753.jpg\" alt=\"\" width=\"308\" height=\"206\" \/><\/a><\/p>\n<p style=\"text-align: justify;\">Avrupa Birli\u011fi Bakan\u0131 ve Ba\u015fm\u00fczakereci Egemen Ba\u011f\u0131\u015f, birilerinin, T\u00fcrkiye&#8217;nin demokratikle\u015fmesinden, \u015feffafla\u015fmas\u0131ndan, g\u00fc\u00e7lenmesinden rahats\u0131z olabilece\u011fini belirterek, &#8220;Ama onlara \u00dcsk\u00fcdar&#8217;dan bir mesaj vermek istiyoruz; At\u0131 alan \u00dcsk\u00fcdar&#8217;\u0131 ge\u00e7ti. Art\u0131k bunun d\u00f6n\u00fc\u015f\u00fc yok&#8221; dedi.<!--more--><\/p>\n<p style=\"text-align: justify;\">Burhan Felek Spor Salonunda d\u00fczenlenen AK Parti \u00dcsk\u00fcdar \u0130l\u00e7e Ba\u015fkanl\u0131\u011f\u0131 4. Ola\u011fan Kongresinde konu\u015fan Ba\u011f\u0131\u015f, bir \u00dcsk\u00fcdarl\u0131 olan Ba\u015fbakan Recep Tayyip Erdo\u011fan&#8217;\u0131n selamlar\u0131n\u0131 getirdi\u011fini belirterek, \u201c\u00dcsk\u00fcdar, Recep Tayyip Erdo\u011fan&#8217;a her zaman sahip \u00e7\u0131kt\u0131. Bug\u00fcn de dualar\u0131n\u0131zla onunla birlikte oldu\u011funuzu biliyorum. G\u00f6nl\u00fcn\u00fcz\u00fc rahat tutun. K\u0131sa s\u00fcre i\u00e7inde g\u00f6revinin ba\u015f\u0131nda olacak\u201d dedi. AK Parti&#8217;nin kurulmas\u0131nda \u00dcsk\u00fcdar&#8217;\u0131n b\u00fcy\u00fck rol\u00fc oldu\u011funu s\u00f6yleyen Ba\u011f\u0131\u015f, 26 Mart 1999&#8217;da \u015fiir okudu\u011fu i\u00e7in P\u0131narhisar&#8217;a yolcu edilen Erdo\u011fan&#8217;a \u00dcsk\u00fcdar&#8217;\u0131n \u00e7ok g\u00f6rkemli bir u\u011furlama yapt\u0131\u011f\u0131n\u0131 ve sonras\u0131nda da Erdo\u011fan&#8217;\u0131 sadece T\u00fcrkiye&#8217;nin ba\u015fbakan\u0131 de\u011fil, d\u00fcnya vicdan\u0131n\u0131n sesi haline getirdi\u011fini kaydetti.<\/p>\n<p style=\"text-align: justify;\">Ba\u011f\u0131\u015f, s\u00f6zlerini \u015f\u00f6yle s\u00fcrd\u00fcrd\u00fc:<\/p>\n<p style=\"text-align: justify;\">\u201cBirileri, T\u00fcrkiye&#8217;nin demokratikle\u015fmesinden, \u015feffafla\u015fmas\u0131ndan, g\u00fc\u00e7lenmesinden rahats\u0131z olabilir ama onlara \u00dcsk\u00fcdar&#8217;dan bir mesaj vermek istiyoruz; At\u0131 alan \u00dcsk\u00fcdar&#8217;\u0131 ge\u00e7ti. Art\u0131k bunun d\u00f6n\u00fc\u015f\u00fc yok. Art\u0131k milletin iktidar\u0131, milletin muktedir oldu\u011fu bir T\u00fcrkiye var. Art\u0131k elitistlerin de\u011fil, milletin s\u00f6z\u00fcn\u00fc dinleyen, milletin derdiyle dertlenen, milleti i\u00e7in siyaset yapan bir AK Parti var.\u201d<\/p>\n<p style=\"text-align: justify;\">Gen\u00e7lik ve Spor Bakan\u0131 Suat K\u0131l\u0131\u00e7 da AK Parti&#8217;nin kurulu\u015fundan bu yana ge\u00e7en s\u00fcre\u00e7te \u201cAK Parti kurulamaz, kurulsa bile iktidar olamaz, bir kez iktidar olsa bile bir daha se\u00e7im kazanamaz\u201d iddialar\u0131n\u0131n dile getirildi\u011fini, oysa AK Parti olarak \u00fcst \u00fcste \u00fc\u00e7 milletvekilli\u011fi se\u00e7imi, iki yerel se\u00e7im ve iki referandum kazand\u0131klar\u0131n\u0131 s\u00f6yledi. Son d\u00f6nemdeki anketlerin ve kamuoyu ara\u015ft\u0131rmalar\u0131n\u0131n, h\u00fck\u00fcmete g\u00fcvenin artt\u0131\u011f\u0131n\u0131 g\u00f6sterdi\u011fini belirten K\u0131l\u0131\u00e7, \u201cTazeli\u011fimiz, yenili\u011fimiz, vadetti\u011fimiz umutlar hi\u00e7 eskimiyor. Sevgiler azalm\u0131yor, g\u00fcven t\u00fckenmiyor. Milletin AK Parti&#8217;ye, Recep Tayyip Erdo\u011fan&#8217;a olan umutlar\u0131 erimiyor, azalm\u0131yor, eksilmiyor\u201d dedi. Muhalefetteki geli\u015fmelere de de\u011finen K\u0131l\u0131\u00e7, \u201cMuhalefettekiler b\u0131rak\u0131n diplomasiyi, ekonomiyi, e\u011fitimi, sa\u011fl\u0131\u011f\u0131, gen\u00e7lik politikalar\u0131n\u0131, durduklar\u0131 yerde kay\u0131k\u00e7\u0131 kavgalar\u0131 bitmiyor. Bir partiyi bile y\u00f6netemiyorlar\u201d diye konu\u015ftu.<\/p>\n<p style=\"text-align: justify;\">Orman ve Su \u0130\u015fleri Bakan\u0131 Veysel Ero\u011flu da \u00dcsk\u00fcdar&#8217;da AK Parti&#8217;nin \u00fcye say\u0131s\u0131n\u0131n, se\u00e7men say\u0131s\u0131n\u0131n y\u00fczde 21&#8217;ine \u00e7\u0131kt\u0131\u011f\u0131n\u0131 belirterek, \u201c\u00dcsk\u00fcdar b\u00fct\u00fcn se\u00e7imlerde destan yazd\u0131\u201d dedi. Kendi bakanl\u0131\u011f\u0131 kapsam\u0131nda 1.128 tesisin a\u00e7\u0131l\u0131\u015f\u0131n\u0131 ger\u00e7ekle\u015ftirdiklerini, bunun 206&#8217;s\u0131n\u0131n dev barajlar oldu\u011funu kaydeden Ero\u011flu, 49 \u015fehrin su meselesini k\u00f6k\u00fcnden \u00e7\u00f6zd\u00fcklerini, \u0130stanbul d\u0131\u015f\u0131ndaki 34 milyon vatanda\u015fa ilave i\u00e7me suyu verdiklerini kaydetti. Ero\u011flu, ba\u015flatt\u0131klar\u0131 a\u011fa\u00e7land\u0131rma seferberli\u011fi \u00e7er\u00e7evesinde 2,3 milyon hektar alan\u0131n a\u011fa\u00e7land\u0131r\u0131laca\u011f\u0131n\u0131, \u0130stanbul&#8217;un da bundan nasibini alaca\u011f\u0131n\u0131 belirterek, Asya ve Avrupa yakalar\u0131nda iki orman alan\u0131 kurulaca\u011f\u0131n\u0131 s\u00f6yledi.<\/p>\n<p style=\"text-align: justify;\">Milli E\u011fitim Bakan\u0131 \u00d6mer Din\u00e7er ise kongrenin hay\u0131rl\u0131 olmas\u0131 temennisinde bulunarak, il\u00e7e y\u00f6netiminde \u015fimdiye kadar g\u00f6rev alanlar\u0131 ve bundan sonra alacaklar\u0131 tebrik etti.<\/p>\n<p style=\"text-align: justify;\">AK Parti Genel Ba\u015fkan Yard\u0131mc\u0131s\u0131 Ekrem Erdem de Kad\u0131k\u00f6y&#8217;de ba\u015flatt\u0131klar\u0131 \u0130stanbul il\u00e7e kongrelerinin, \u00dcsk\u00fcdar&#8217;daki bu kongreyle tamamland\u0131\u011f\u0131n\u0131 belirterek, \u201cKongremiz hay\u0131rl\u0131 olsun. Yeni ba\u015far\u0131lar\u0131m\u0131z \u015fimdiden kutlu olsun\u201d dedi.<\/p>\n<p style=\"text-align: justify;\"><strong>Ba\u015fbakan Erdo\u011fan&#8217;\u0131n telgraf\u0131<\/strong><\/p>\n<p style=\"text-align: justify;\">Kongrede, AK Parti Genel Ba\u015fkan\u0131 ve Ba\u015fbakan Recep Tayyip Erdo\u011fan&#8217;\u0131n telgraf\u0131 da okundu. Telgraf\u0131nda, kongrenin ba\u015far\u0131l\u0131 ge\u00e7mesi temennisinde bulunan Erdo\u011fan, 12 Haziran se\u00e7imlerinde her iki se\u00e7menden birinin oyunu alarak y\u00fczde 50 oy oran\u0131yla \u00fc\u00e7\u00fcnc\u00fc kez millete hizmetkarl\u0131k vazifesi \u00fcstlendiklerini belirterek, AK Parti&#8217;nin ba\u015far\u0131s\u0131nda te\u015fkilat\u0131n en b\u00fcy\u00fck paya sahip oldu\u011funu kaydetti. Elde edilen ba\u015far\u0131n\u0131n, sorumluluklar\u0131n\u0131 bir kat daha artt\u0131rd\u0131\u011f\u0131na i\u015faret eden Erdo\u011fan, \u201c\u00dc\u00e7\u00fcnc\u00fc iktidar d\u00f6nemimiz, t\u0131pk\u0131 \u00f6nceki d\u00f6nemler gibi daha fazla gayretle eser \u00fcretti\u011fimiz, milletimize \u00e7ok daha fazla hizmet \u00fcretti\u011fimiz, T\u00fcrkiye&#8217;yi daha da b\u00fcy\u00fctt\u00fc\u011f\u00fcm\u00fcz ve g\u00fc\u00e7lendirdi\u011fimiz bir d\u00f6nem olacakt\u0131r. \u00dc\u00e7\u00fcnc\u00fc iktidar d\u00f6nemimiz AK Parti&#8217;nin ustal\u0131k d\u00f6nemidir\u201d ifadelerini kulland\u0131.<\/p>\n<p style=\"text-align: justify;\">Ba\u015fbakan Erdo\u011fan, AK Parti&#8217;yi kurduklar\u0131 tarihte sahip olduklar\u0131 ayn\u0131 enerji ve heyecana, hatta \u00e7ok daha fazlas\u0131na sahip olduklar\u0131n\u0131 belirtti. Kongreye, \u0130stanbul Milletvekilleri Mustafa Ata\u015f, \u0130dris G\u00fcll\u00fcce, Erol Kaya, Mihrimah Belma Sat\u0131r, Muhammed \u00c7etin, \u0130smet U\u00e7ma, Osman Boyraz, Osman A\u015fk\u0131n Bak, Ahmet Haldun Ert\u00fcrk, B\u00fclent Turan, Mustafa \u015eentop, Metin K\u00fcl\u00fcnk, Oktay Saral, Kahramanmara\u015f Milletvekili Y\u0131ld\u0131r\u0131m Mehmet Ramazano\u011flu, AK Parti \u0130stanbul \u0130l Ba\u015fkan\u0131 Aziz Babu\u015fcu, \u0130stanbul B\u00fcy\u00fck\u015fehir Belediye Ba\u015fkan\u0131 Kadir Topba\u015f ve \u00dcsk\u00fcdar Belediye Ba\u015fkan\u0131 Mustafa Kara da kat\u0131ld\u0131.<\/p>\n<p style=\"text-align: justify;\"><a href=\"http:\/\/www.radikal.com.tr\/Radikal.aspx?aType=RadikalDetayV3&amp;ArticleID=1078444&amp;CategoryID=78\" target=\"_blank\">Kaynak : Radikal.com.tr<\/a><\/p>\n","protected":false},"excerpt":{"rendered":"<p style=\"text-align: center;\">\n<p style=\"text-align: justify;\">Avrupa Birli\u011fi Bakan\u0131 ve Ba\u015fm\u00fczakereci Egemen Ba\u011f\u0131\u015f, birilerinin, T\u00fcrkiye&#8217;nin demokratikle\u015fmesinden, \u015feffafla\u015fmas\u0131ndan, g\u00fc\u00e7lenmesinden rahats\u0131z olabilece\u011fini belirterek, &#8220;Ama onlara \u00dcsk\u00fcdar&#8217;dan bir mesaj vermek istiyoruz; At\u0131 alan \u00dcsk\u00fcdar&#8217;\u0131 ge\u00e7ti. Art\u0131k bunun d\u00f6n\u00fc\u015f\u00fc yok&#8221; dedi.<\/p>\n","protected":false},"author":1,"featured_media":0,"comment_status":"open","ping_status":"open","sticky":false,"template":"","format":"standard","meta":{"footnotes":""},"categories":[105],"tags":[],"class_list":["post-48685","post","type-post","status-publish","format-standard","hentry","category-gundem","odd"],"_links":{"self":[{"href":"http:\/\/www.korhanyilmaz.com\/index.php?rest_route=\/wp\/v2\/posts\/48685","targetHints":{"allow":["GET"]}}],"collection":[{"href":"http:\/\/www.korhanyilmaz.com\/index.php?rest_route=\/wp\/v2\/posts"}],"about":[{"href":"http:\/\/www.korhanyilmaz.com\/index.php?rest_route=\/wp\/v2\/types\/post"}],"author":[{"embeddable":true,"href":"http:\/\/www.korhanyilmaz.com\/index.php?rest_route=\/wp\/v2\/users\/1"}],"replies":[{"embeddable":true,"href":"http:\/\/www.korhanyilmaz.com\/index.php?rest_route=%2Fwp%2Fv2%2Fcomments&post=48685"}],"version-history":[{"count":0,"href":"http:\/\/www.korhanyilmaz.com\/index.php?rest_route=\/wp\/v2\/posts\/48685\/revisions"}],"wp:attachment":[{"href":"http:\/\/www.korhanyilmaz.com\/index.php?rest_route=%2Fwp%2Fv2%2Fmedia&parent=48685"}],"wp:term":[{"taxonomy":"category","embeddable":true,"href":"http:\/\/www.korhanyilmaz.com\/index.php?rest_route=%2Fwp%2Fv2%2Fcategories&post=48685"},{"taxonomy":"post_tag","embeddable":true,"href":"http:\/\/www.korhanyilmaz.com\/index.php?rest_route=%2Fwp%2Fv2%2Ftags&post=48685"}],"curies":[{"name":"wp","href":"https:\/\/api.w.org\/{rel}","templated":true}]}}