{"id":48677,"date":"2012-02-11T20:07:04","date_gmt":"2012-02-11T18:07:04","guid":{"rendered":"http:\/\/www.korhanyilmaz.com\/?p=48677"},"modified":"2012-02-11T22:34:15","modified_gmt":"2012-02-11T20:34:15","slug":"chpde-kurultay-tarihi-degisti","status":"publish","type":"post","link":"http:\/\/www.korhanyilmaz.com\/?p=48677","title":{"rendered":"CHP&#8217;de kurultay tarihi de\u011fi\u015fti"},"content":{"rendered":"<p style=\"text-align: center;\"><a href=\"http:\/\/www.korhanyilmaz.com\/wp-content\/uploads\/2012\/02\/9751.jpg\"  class=\"lightview\"><img loading=\"lazy\" decoding=\"async\" class=\"aligncenter  wp-image-48678\" src=\"http:\/\/www.korhanyilmaz.com\/wp-content\/uploads\/2012\/02\/9751.jpg\" alt=\"\" width=\"290\" height=\"217\" \/><\/a><\/p>\n<p style=\"text-align: justify;\">CHP&#8217;de Kurultay tarihi de\u011fi\u015fti. 1 Mart&#8217;ta yap\u0131lmas\u0131 planlanan kurultay 27 \u015eubat&#8217;a al\u0131nd\u0131.<\/p>\n<p style=\"text-align: justify;\">Ankara- CHP&#8217;den verilen bilgiye g\u00f6re, Genel Ba\u015fkan Kemal K\u0131l\u0131\u00e7daro\u011flu, 10 \u015eubat g\u00fcn\u00fc Ankara&#8217;da toplanan 81 il temsilcisinin yan\u0131 s\u0131ra PM, CHP Meclis Grubu ve genel merkez temsilcilerinin olu\u015fturdu\u011fu T\u00fcz\u00fck Haz\u0131rl\u0131k Komisyonu&#8217;nun e\u011filimi, iste\u011fi ve mevsim ko\u015fullar\u0131 nedeniyle 1 Mart g\u00fcn\u00fc toplanma \u00e7a\u011fr\u0131s\u0131 yapt\u0131\u011f\u0131 ola\u011fan\u00fcst\u00fc kurultay\u0131n 27 \u015eubat g\u00fcn\u00fc toplanmas\u0131n\u0131 kararla\u015ft\u0131rd\u0131.\u00a0<!--more--><\/p>\n<p style=\"text-align: justify;\">Genel Ba\u015fkan K\u0131l\u0131\u00e7daro\u011flu&#8217;nun \u00e7a\u011fr\u0131s\u0131 \u00fczerine toplanacak olan ola\u011fan\u00fcst\u00fc kurultay 26 \u015eubat g\u00fcn\u00fc, 362 CHP kurultay delegesinin iste\u011fi \u00fczene genel ba\u015fkan taraf\u0131ndan toplant\u0131ya \u00e7a\u011fr\u0131lan ola\u011fan\u00fcst\u00fc kurultay ise 1 Mart yerine 27 \u015eubat&#8217;ta Ankara&#8217;da toplanacak.<\/p>\n<p style=\"text-align: justify;\"><a href=\"http:\/\/www.cumhuriyet.com.tr\/?hn=314756\" target=\"_blank\">Kaynak : Cumhuriyet Haber Portal\u0131<\/a><\/p>\n","protected":false},"excerpt":{"rendered":"<p style=\"text-align: center;\">\n<p style=\"text-align: justify;\">CHP&#8217;de Kurultay tarihi de\u011fi\u015fti. 1 Mart&#8217;ta yap\u0131lmas\u0131 planlanan kurultay 27 \u015eubat&#8217;a al\u0131nd\u0131.<\/p>\n<p style=\"text-align: justify;\">Ankara- CHP&#8217;den verilen bilgiye g\u00f6re, Genel Ba\u015fkan Kemal K\u0131l\u0131\u00e7daro\u011flu, 10 \u015eubat g\u00fcn\u00fc Ankara&#8217;da toplanan 81 il temsilcisinin yan\u0131 s\u0131ra PM, CHP Meclis Grubu ve genel merkez temsilcilerinin olu\u015fturdu\u011fu T\u00fcz\u00fck Haz\u0131rl\u0131k Komisyonu&#8217;nun e\u011filimi, iste\u011fi ve mevsim ko\u015fullar\u0131 <\/p>\n","protected":false},"author":1,"featured_media":0,"comment_status":"open","ping_status":"open","sticky":false,"template":"","format":"standard","meta":{"footnotes":""},"categories":[105],"tags":[],"class_list":["post-48677","post","type-post","status-publish","format-standard","hentry","category-gundem","odd"],"_links":{"self":[{"href":"http:\/\/www.korhanyilmaz.com\/index.php?rest_route=\/wp\/v2\/posts\/48677","targetHints":{"allow":["GET"]}}],"collection":[{"href":"http:\/\/www.korhanyilmaz.com\/index.php?rest_route=\/wp\/v2\/posts"}],"about":[{"href":"http:\/\/www.korhanyilmaz.com\/index.php?rest_route=\/wp\/v2\/types\/post"}],"author":[{"embeddable":true,"href":"http:\/\/www.korhanyilmaz.com\/index.php?rest_route=\/wp\/v2\/users\/1"}],"replies":[{"embeddable":true,"href":"http:\/\/www.korhanyilmaz.com\/index.php?rest_route=%2Fwp%2Fv2%2Fcomments&post=48677"}],"version-history":[{"count":0,"href":"http:\/\/www.korhanyilmaz.com\/index.php?rest_route=\/wp\/v2\/posts\/48677\/revisions"}],"wp:attachment":[{"href":"http:\/\/www.korhanyilmaz.com\/index.php?rest_route=%2Fwp%2Fv2%2Fmedia&parent=48677"}],"wp:term":[{"taxonomy":"category","embeddable":true,"href":"http:\/\/www.korhanyilmaz.com\/index.php?rest_route=%2Fwp%2Fv2%2Fcategories&post=48677"},{"taxonomy":"post_tag","embeddable":true,"href":"http:\/\/www.korhanyilmaz.com\/index.php?rest_route=%2Fwp%2Fv2%2Ftags&post=48677"}],"curies":[{"name":"wp","href":"https:\/\/api.w.org\/{rel}","templated":true}]}}