{"id":48673,"date":"2012-02-11T13:32:12","date_gmt":"2012-02-11T11:32:12","guid":{"rendered":"http:\/\/www.korhanyilmaz.com\/?p=48673"},"modified":"2012-02-11T22:22:18","modified_gmt":"2012-02-11T20:22:18","slug":"takim-degil-kisi-yargilanacak","status":"publish","type":"post","link":"http:\/\/www.korhanyilmaz.com\/?p=48673","title":{"rendered":"&#8216;Tak\u0131m de\u011fil ki\u015fi yarg\u0131lanacak&#8217;"},"content":{"rendered":"<p style=\"text-align: center;\"><a href=\"http:\/\/www.korhanyilmaz.com\/wp-content\/uploads\/2012\/02\/9750.jpg\"  class=\"lightview\"><img loading=\"lazy\" decoding=\"async\" class=\"aligncenter  wp-image-48674\" src=\"http:\/\/www.korhanyilmaz.com\/wp-content\/uploads\/2012\/02\/9750.jpg\" alt=\"\" width=\"336\" height=\"223\" \/><\/a><\/p>\n<p style=\"text-align: justify;\">\u015eike davas\u0131na bakacak mahkemenin ba\u015fkan\u0131 konu\u015ftu: Kesinlikle tak\u0131mlar\u0131 yarg\u0131lam\u0131yoruz. Tak\u0131mlarda g\u00f6rev alm\u0131\u015f ve iddianamedeki su\u00e7lar\u0131 i\u015fledikleri iddia edilen ki\u015fileri yarg\u0131l\u0131yoruz.<\/p>\n<p style=\"text-align: justify;\">\u0130STANBUL &#8211; Herkesin merakla bekledi\u011fi \u015fike davas\u0131 14 \u015eubat&#8217;ta ba\u015flanacak. Silivri&#8217;de g\u00f6r\u00fclecek duru\u015fmaya hi\u00e7bir tak\u0131m\u0131n taraftar\u0131 al\u0131nmayacak. Davan\u0131n tutuklu san\u0131\u011f\u0131 Olgun Peker&#8217;in mahkemeden &#8220;Yalan makinas\u0131&#8221; istedi\u011fi \u00f6\u011frenildi.<!--more--><\/p>\n<p style=\"text-align: justify;\">\u015eike davas\u0131na bakacak 16. A\u011f\u0131r Ceza Mahkemesi Ba\u015fkan\u0131 Mehmet Ekinci, &#8220;Kesinlikle tak\u0131mlar\u0131 yarg\u0131lam\u0131yoruz. Tak\u0131mlarda g\u00f6rev alm\u0131\u015f ve iddianamedeki su\u00e7lar\u0131 i\u015fledikleri iddia edilen ki\u015fileri yarg\u0131l\u0131yoruz. Tak\u0131mlar \u00fclkemizin 100 y\u0131ll\u0131k de\u011ferleridir. Tak\u0131mlar yarg\u0131lama konusu de\u011fildir&#8221; diyerek taraftarlar\u0131 sa\u011fduyuya \u00e7a\u011f\u0131rd\u0131.<\/p>\n<p style=\"text-align: justify;\">Aralar\u0131nda Fenerbah\u00e7e Spor Kul\u00fcb\u00fc Ba\u015fkan\u0131 Aziz Y\u0131ld\u0131r\u0131m&#8217;\u0131n da bulundu\u011fu 23&#8217;\u00fc tutuklu 93 san\u0131k hakk\u0131nda a\u00e7\u0131lan dava, \u0130stanbul 16. A\u011f\u0131r Ceza Mahkemesince Silivri Ceza \u0130nfaz Kurumlar\u0131 Yerle\u015fkesi&#8217;ndeki salonunda g\u00f6r\u00fclecek. \u015eike davas\u0131na bakacak 16. A\u011f\u0131r Ceza Mahkemesi Ba\u015fkan\u0131 Mehmet Ekinci, sevgililer g\u00fcn\u00fcne denk gelen ilk duru\u015fma \u00f6ncesinde bas\u0131n mensuplar\u0131n\u0131n sorular\u0131n\u0131 yan\u0131tlad\u0131. Ba\u015fkan Ekinci, &#8220;Kesinlikle tak\u0131mlar\u0131 yarg\u0131lam\u0131yoruz. Tak\u0131mlarda g\u00f6rev alm\u0131\u015f ve iddianamedeki su\u00e7lar\u0131 i\u015fledikleri iddia edilen ki\u015fileri yarg\u0131l\u0131yoruz. Tak\u0131mlar \u00fclkemizin 100 y\u0131ll\u0131k de\u011ferleridir. Tak\u0131mlar yarg\u0131lama konusu de\u011fildir&#8221; diyerek taraftarlar\u0131 sa\u011fduyuya \u00e7a\u011f\u0131rd\u0131.<\/p>\n<p style=\"text-align: justify;\"><strong>H\u0130\u00c7B\u0130R TARAFTAR ALINMAYACAK\u00a0<\/strong><\/p>\n<p style=\"text-align: justify;\">Duru\u015fma salonuna hi\u00e7bir tak\u0131m\u0131n taraftar\u0131n\u0131n al\u0131nmayaca\u011f\u0131, izleyici olarak bas\u0131n mensuplar\u0131 d\u0131\u015f\u0131nda her san\u0131\u011f\u0131n \u00fc\u00e7er yak\u0131n\u0131n izleyici olarak al\u0131naca\u011f\u0131 \u00f6\u011frenildi. Duru\u015fma salonun d\u0131\u015f\u0131ndaki g\u00fcvenlikten jandarman\u0131n sorumlu oldu\u011fu bas\u0131n mensuplar\u0131na yap\u0131labilecek herhangi bir sald\u0131r\u0131dan mahkemenin de rahats\u0131zl\u0131k duyaca\u011f\u0131n\u0131 bunun i\u00e7in gerekli \u00f6nlemlerin en \u00fcst d\u00fczeyde al\u0131nmas\u0131 y\u00f6n\u00fcnde yetkililerle g\u00f6r\u00fc\u015f\u00fcld\u00fc\u011f\u00fc \u00f6\u011frenilirken jandarman\u0131n duru\u015fma g\u00fcn\u00fc en \u00fcst d\u00fczeyde g\u00fcvenlik \u00f6nlemi alaca\u011f\u0131 belirtildi. Kul\u00fcp y\u00f6netcilerinin ise \u00f6zel izinle kat\u0131lmas\u0131n\u0131n m\u00fcmk\u00fcn oldu\u011fu, \u015fu ana kadar sadece Fenerbah\u00e7e y\u00f6netiminin izleyici olarak kat\u0131lma talebinde bulundu\u011fu bildirildi. \u0130ddianamede m\u00fc\u015fteki s\u0131fat\u0131yla yer alan T\u00fcrkiye Futbol Federasyonu TFF yetkililerinin ise istedikleri takdirde duru\u015fmaya kat\u0131labilece\u011fi belirtildi.<\/p>\n<p style=\"text-align: justify;\"><strong>\u00dc\u00c7 M\u00dcDAH\u0130LL\u0130K TALEB\u0130\u00a0<\/strong><\/p>\n<p style=\"text-align: justify;\">Davaya \u00fc\u00e7 m\u00fcdahillik talebinde bulunuldu\u011fu \u00f6\u011frenilirken ilk olarak eski hakem Erman Toro\u011flu&#8217;nun ba\u015fvuruda bulundu\u011fu, ard\u0131ndan ise Bucaspor ve Samsun&#8217;da g\u00f6revli Trabzonspor taraftar\u0131 bir savc\u0131n\u0131n su\u00e7tan zarar g\u00f6rd\u00fckleri iddias\u0131yla m\u00fcdahillik talebinde bulundu\u011fu belirtildi.<\/p>\n<p style=\"text-align: justify;\"><strong>\u0130DD\u0130ANAME OKUNACAK\u00a0<\/strong><\/p>\n<p style=\"text-align: justify;\">14 \u015eubat Sal\u0131 g\u00fcn\u00fc Silivri&#8217;deki b\u00fcy\u00fck duru\u015fma salonunda g\u00f6r\u00fclmesine ba\u015flanacak duru\u015fman\u0131n \u00c7ar\u015famba, Per\u015fembe ve Cuma g\u00fcn\u00fc de g\u00f6r\u00fclmeye devam edece\u011fi ve d\u00f6rt g\u00fcn s\u00fcreyle 401 sayfal\u0131k iddianamenin 3 TRT spikeri taraf\u0131ndan okunaca\u011f\u0131 ifade edildi. 21 \u015eubat Pazartesi g\u00fcn\u00fcnden itibaren ise davan\u0131n \u00c7a\u011flayan&#8217;daki \u0130stanbul Adliyesi&#8217;nde g\u00f6r\u00fclmeye devam edilece\u011fi \u00f6\u011frenildi.<\/p>\n<p style=\"text-align: justify;\"><strong>&#8220;YALAN MAK\u0130NASI&#8221; TALEB\u0130\u00a0<\/strong><\/p>\n<p style=\"text-align: justify;\">Cezaevinde tutuklu bulunan dava san\u0131klar\u0131n\u0131n bilgisayar gibi baz\u0131 taleplerinin de oldu\u011fu \u00f6\u011frenilirken bu konunun cezaevi y\u00f6netiminin insiyatifinde oldu\u011fu en ilgin\u00e7 talebin ise davan\u0131n tutuklu san\u0131\u011f\u0131 Olgun Peker&#8217;den geldi\u011fi belirtildi. Peker&#8217;in mahkemeden &#8220;yalan makinas\u0131&#8221; talebinde bulundu\u011fu ifade edildi.<\/p>\n<p style=\"text-align: justify;\"><strong>&#8220;KES\u0130NL\u0130KLE TAKIMLARI YARGILAMIYORUZ&#8221;\u00a0<\/strong><\/p>\n<p style=\"text-align: justify;\">Mahkeme Ba\u015fkan\u0131 Mehmet Ekinci ise davayla ilgili, &#8220;Kesinlikle tak\u0131mlar\u0131 yarg\u0131lam\u0131yoruz. Tak\u0131mlarda g\u00f6rev alm\u0131\u015f ve iddianamedeki su\u00e7lar\u0131 i\u015fledikleri iddia edilen ki\u015fileri yarg\u0131l\u0131yoruz. Tak\u0131mlar \u00fclkemizin 100 y\u0131ll\u0131k de\u011ferleridir. Tak\u0131mlar yarg\u0131lama konusu de\u011fildir&#8221; diyerek taraftarlar\u0131 sa\u011fduyuya \u00e7a\u011f\u0131rd\u0131.<\/p>\n<p style=\"text-align: justify;\"><strong>TUTUKLU SAYISI 23&#8217;E D\u00dc\u015eT\u00dc\u00a0<\/strong><\/p>\n<p style=\"text-align: justify;\">Fenerbah\u00e7e Klub\u00fc Ba\u015fkan\u0131 Aziz Y\u0131ld\u0131r\u0131m&#8217;\u0131n 3 Temmuz 2011 tarihinde g\u00f6zalt\u0131na al\u0131nmas\u0131yla start alan soru\u015fturmay\u0131 \u00d6zel yetkili \u0130stanbul Cumhuriyet Savc\u0131s\u0131 Mehmet Berk y\u00fcr\u00fctm\u00fc\u015f Y\u0131ld\u0131r\u0131m&#8217;\u0131n da aralar\u0131nda bulundu\u011fu \u00e7ok say\u0131da futbolcu teknik direkt\u00f6r ve y\u00f6netici 31&#8217;i tutuklu 93 ki\u015fi hakk\u0131nda iddianame haz\u0131rlanm\u0131\u015ft\u0131. 401 sayfal\u0131k iddianame \u0130stanbul 16. A\u011f\u0131r Ceza Mahkemesi taraf\u0131ndan 9 Aral\u0131k&#8217;ta kabul edilmi\u015f, Bu arada san\u0131klar hakk\u0131nda uygulanmas\u0131 istenen 6222 say\u0131l\u0131 yasada de\u011fi\u015fiklik yapan 6259 say\u0131l\u0131 Sporda \u015eiddet ve D\u00fczensizli\u011fin \u00d6nlenmesine Dair Kanunda De\u011fi\u015fiklik Yap\u0131lmas\u0131 Hakk\u0131ndaki Kanun&#8221;un y\u00fcr\u00fcrl\u00fc\u011fe girmi\u015fti. Davaya bakan mahkemenin 12 Aral\u0131k 2011 tarihinde, Be\u015fikta\u015f Jimnastik Kul\u00fcb\u00fc y\u00f6neticisi Serdal Adal\u0131 ve teknik direkt\u00f6r\u00fc Tayfur Havut\u00e7u&#8217;nun da aralar\u0131nda bulundu\u011fu 8 ki\u015fiyi tahliye etmi\u015f dava kapsam\u0131nda tutuklu say\u0131s\u0131 23&#8217;e d\u00fc\u015fm\u00fc\u015ft\u00fc.<\/p>\n<p style=\"text-align: justify;\"><strong>YILDIRIM&#8217;IN 72 YILA KADAR HAPS\u0130 \u0130STEN\u0130YOR\u00a0<\/strong><\/p>\n<p style=\"text-align: justify;\">401 sayfal\u0131k iddianaede san\u0131klar i\u00e7in istenen cezalar ise \u015f\u00f6yle: eski Giresunspor Kul\u00fcb\u00fc Ba\u015fkan\u0131 oldu\u011fu belirtilen Olgun Peker&#8217;in, &#8220;haks\u0131z ekonomik \u00e7\u0131kar sa\u011flamak amac\u0131yla silahl\u0131 su\u00e7 \u00f6rg\u00fct\u00fc kurup y\u00f6netmek&#8221;, &#8220;doland\u0131r\u0131c\u0131l\u0131k&#8221;, &#8220;ya\u011fma&#8221;, &#8220;r\u00fc\u015fvet&#8221;, &#8220;\u015fike&#8221;, &#8220;konut dokunulmazl\u0131\u011f\u0131n\u0131 ihlal etmek&#8221;, &#8220;mala zarar vermek&#8221;, &#8220;tehdit&#8221;, &#8220;resmi belgede sahtecilik&#8221; ve &#8216;\u00f6zel belgede sahtecilik&#8221; su\u00e7lar\u0131ndan 48 ile\u00a0115 y\u0131l aras\u0131nda hapis cezas\u0131na \u00e7arpt\u0131r\u0131lmas\u0131 isteniyor. Fenerbah\u00e7e Spor Kul\u00fcb\u00fc Ba\u015fkan\u0131 Aziz Y\u0131ld\u0131r\u0131m&#8217;\u0131n &#8220;haks\u0131z ekonomik \u00e7\u0131kar sa\u011flamak amac\u0131yla su\u00e7 \u00f6rg\u00fct\u00fc kurup y\u00f6netmek&#8221;, &#8220;doland\u0131r\u0131c\u0131l\u0131k&#8221;, &#8220;\u015fike&#8221; ve &#8220;te\u015fvik primi vermek&#8221; su\u00e7lar\u0131ndan toplam 22 ile 72 y\u0131l aras\u0131nda hapis cezas\u0131na \u00e7arpt\u0131r\u0131lmas\u0131 talep ediliyor.<\/p>\n<p style=\"text-align: justify;\"><strong>MOSTURO\u011eLU \u0130\u00c7\u0130N 21 YIL 3 AYA KADAR HAP\u0130S\u00a0<\/strong><\/p>\n<p style=\"text-align: justify;\">Aziz Y\u0131ld\u0131r\u0131m taraf\u0131ndan kurulan \u00f6rg\u00fcte \u00fcye oldu\u011fu iddia edilen Fenerbah\u00e7e Spor Kul\u00fcb\u00fc Asba\u015fkan\u0131 \u015eekip Mosturo\u011flu&#8217;nun da &#8220;su\u00e7 \u00f6rg\u00fct\u00fcne \u00fcye olmak&#8221;, &#8220;doland\u0131r\u0131c\u0131l\u0131k&#8221;, &#8220;\u015fike&#8221; ve &#8220;te\u015fvik primi vermek&#8221; su\u00e7lar\u0131ndan 6 y\u0131l 9 aydan ile 21 y\u0131l 3 aya kadar hapis cezas\u0131na \u00e7arpt\u0131r\u0131lmas\u0131 talep edilen iddianamede, benzer su\u00e7lamalara ili\u015fkin olarak Fenerbah\u00e7e Spor Kul\u00fcb\u00fc y\u00f6neticileri \u0130lhan Ek\u015fio\u011flu&#8217;nun 19,5 y\u0131l ile 65 y\u0131l 3 ay, Alaeddin Y\u0131ld\u0131r\u0131m&#8217;\u0131n 5 y\u0131l ile 16 y\u0131l 8 ay, Fenerbah\u00e7e Spor Kul\u00fcb\u00fc Mali \u0130\u015fler M\u00fcd\u00fcr\u00fc Tamer Yelkovan&#8217;\u0131n 16 y\u0131l 2 ay ile 53 y\u0131l 8 ay, Fenerbah\u00e7e Spor Kul\u00fcb\u00fc Amat\u00f6r \u015eubeler Koordinat\u00f6r\u00fc Cemil Turan&#8217;\u0131n 8 y\u0131l ile 26 y\u0131l aras\u0131nda hapis cezas\u0131na \u00e7arpt\u0131r\u0131lmas\u0131 talep ediliyor.<\/p>\n<p style=\"text-align: justify;\"><strong>G\u00dcM\u00dc\u015eDA\u011e \u0130\u00c7\u0130N 7,5 YILA KADAR HAP\u0130S \u0130STEM\u0130\u00a0<\/strong><\/p>\n<p style=\"text-align: justify;\">T\u00fcrkiye Futbol Federasyonu (TFF) Ba\u015fkan Vekili\u011fi g\u00f6revinden istifa eden G\u00f6ksel G\u00fcm\u00fc\u015fda\u011f&#8217;\u0131n &#8220;haks\u0131z ekonomik \u00e7\u0131kar sa\u011flamak amac\u0131yla kurulan su\u00e7 \u00f6rg\u00fct\u00fcne \u00fcye olmak&#8221; ve &#8220;\u015fike&#8221; su\u00e7lar\u0131ndan 2,5 y\u0131ldan 7,5 y\u0131la kadar hapis cezas\u0131na \u00e7arpt\u0131r\u0131lmas\u0131 istendi.<\/p>\n<p style=\"text-align: justify;\"><strong>SADR\u0130 \u015eENER \u0130\u00c7\u0130N 3,5 YIL HAP\u0130S \u0130STEM\u0130\u00a0<\/strong><\/p>\n<p style=\"text-align: justify;\">Be\u015fikta\u015f Jimnastik Kul\u00fcb\u00fc (BJK) eski y\u00f6neticisi Serdal Adal\u0131&#8217;n\u0131n &#8220;\u015fike&#8221; su\u00e7undan 1,5 ile 4,5 y\u0131l aras\u0131nda, BJK futbol direkt\u00f6r\u00fc Tayfur Havut\u00e7u&#8217;nun ayn\u0131 su\u00e7lamaya ili\u015fkin 1 ile 3 y\u0131l aras\u0131nda hapis cezas\u0131na \u00e7arpt\u0131r\u0131lmas\u0131 \u00f6ng\u00f6r\u00fclen iddianamede, Trabzonspor Kul\u00fcb\u00fc Ba\u015fkan\u0131 Sadri \u015eener&#8217;in &#8220;te\u015fvik primi verme giri\u015fiminde bulunmak&#8221; su\u00e7undan 1 y\u0131l 2 ay ile 3,5 y\u0131l, Trabzonspor Asba\u015fkan\u0131 Nevzat \u015eakar&#8217;\u0131n &#8220;te\u015fvik primi verme giri\u015fiminde bulunmak&#8221; ve &#8220;tehdit&#8221; su\u00e7lar\u0131ndan 1 y\u0131l ile 3 y\u0131l 9 ay aras\u0131nda hapis cezas\u0131na \u00e7arpt\u0131r\u0131lmas\u0131 talep edildi.<\/p>\n<p style=\"text-align: justify;\"><strong>D\u0130\u011eER SANIKLAR \u0130\u00c7\u0130N \u0130STENEN CEZALAR\u00a0<\/strong><\/p>\n<p style=\"text-align: justify;\">Sivasspor Ba\u015fkan\u0131 Mecnun Odyakmaz&#8217;\u0131n da &#8220;\u00f6rg\u00fct \u00fcyesi olmak&#8221; ve &#8220;\u015fike&#8221; su\u00e7lar\u0131ndan 2,5 ile 7,5 y\u0131l aras\u0131nda hapis cezas\u0131na \u00e7arpt\u0131r\u0131lmas\u0131istenen iddianamede, s\u00f6zle\u015fmeleri fesh edilen Eski\u015fehirspor Teknik Direkt\u00f6r\u00fc B\u00fclent Uygun&#8217;un 5 y\u0131l 3 ay ile 16 y\u0131l 9 ay aras\u0131nda, sportif direkt\u00f6r\u00fc \u00dcmit Karan&#8217;\u0131n da 2 y\u0131l 9 ay ile 9 y\u0131l 3 ay aras\u0131nda hapse \u00e7arpt\u0131r\u0131lmalar\u0131 istendi. Futbolcu \u0130brahim Ak\u0131n&#8217;\u0131n &#8220;\u015fike&#8221; ve &#8220;te\u015fvik primi&#8221; su\u00e7lar\u0131ndan 2 y\u0131l 9 ay ile 8 y\u0131l 3 ay aras\u0131nda hapis cezas\u0131na \u00e7arpt\u0131r\u0131lmas\u0131 istenen iddianamede, futbolcu \u0130skender Al\u0131n&#8217;\u0131n da benzer su\u00e7lamalara ili\u015fkin 1 y\u0131l 9 ay ile 5 y\u0131l 3 ay aras\u0131nda hapis cezas\u0131na \u00e7arpt\u0131r\u0131lmas\u0131 \u00f6ng\u00f6r\u00fcld\u00fc.<\/p>\n<p style=\"text-align: justify;\">Futbolcu Serdar Kulbilge&#8217;nin &#8220;doland\u0131r\u0131c\u0131l\u0131k&#8221; su\u00e7undan 4 ile 14 y\u0131l aras\u0131nda hapis cezas\u0131na \u00e7arpt\u0131r\u0131lmas\u0131 istenen iddianamede, futbolcular Mahmut Boz ve Murat \u015eahin&#8217;in de ayn\u0131 su\u00e7lamaya ili\u015fkin 2 ile 7 y\u0131l hapis cezas\u0131na \u00e7arpt\u0131r\u0131lmas\u0131 talep edildi.<\/p>\n<p style=\"text-align: justify;\">Emmanuel Emenike, \u0130lhan \u00c7elikay, Korcan \u00c7elikay, Mehmet Y\u0131ld\u0131z ve Mustafa Ula\u015f Ortakaya hakk\u0131nda &#8220;\u015fike&#8221; su\u00e7undan 1 ile 3&#8217;\u015fer y\u0131l aras\u0131nda hapis cezas\u0131 istenen iddianamede, G\u00f6k\u00e7ek Vederson, Sercan Y\u0131ld\u0131r\u0131m ve Sezer \u00d6zt\u00fcrk&#8217;\u00fcn de &#8220;te\u015fvik primi&#8221; su\u00e7lamas\u0131na ili\u015fkin 9 ay ile 2 y\u0131l 3&#8217;er y\u0131l aras\u0131nda hapis cezas\u0131na \u00e7arpt\u0131r\u0131lmas\u0131 \u00f6ng\u00f6r\u00fcld\u00fc. \u0130ddianamede, di\u011fer san\u0131klar\u0131n da benzer su\u00e7lamalara ili\u015fkin 1 ile 24 y\u0131l aras\u0131nda de\u011fi\u015fen hapis cezalar\u0131na \u00e7arpt\u0131r\u0131lmalar\u0131 istendi.<\/p>\n<p style=\"text-align: justify;\"><a href=\"http:\/\/www.radikal.com.tr\/Radikal.aspx?aType=RadikalDetayV3&amp;ArticleID=1078429&amp;CategoryID=84\" target=\"_blank\">Kaynak : Radikal.com.tr<\/a><\/p>\n","protected":false},"excerpt":{"rendered":"<p style=\"text-align: center;\">\n<p style=\"text-align: justify;\">\u015eike davas\u0131na bakacak mahkemenin ba\u015fkan\u0131 konu\u015ftu: Kesinlikle tak\u0131mlar\u0131 yarg\u0131lam\u0131yoruz. Tak\u0131mlarda g\u00f6rev alm\u0131\u015f ve iddianamedeki su\u00e7lar\u0131 i\u015fledikleri iddia edilen ki\u015fileri yarg\u0131l\u0131yoruz.<\/p>\n<p style=\"text-align: justify;\">\u0130STANBUL &#8211; Herkesin merakla bekledi\u011fi \u015fike davas\u0131 14 \u015eubat&#8217;ta ba\u015flanacak. Silivri&#8217;de g\u00f6r\u00fclecek duru\u015fmaya hi\u00e7bir tak\u0131m\u0131n taraftar\u0131 al\u0131nmayacak. Davan\u0131n tutuklu san\u0131\u011f\u0131 Olgun Peker&#8217;in mahkemeden &#8220;Yalan makinas\u0131&#8221; istedi\u011fi \u00f6\u011frenildi.<\/p>\n","protected":false},"author":1,"featured_media":0,"comment_status":"open","ping_status":"open","sticky":false,"template":"","format":"standard","meta":{"footnotes":""},"categories":[42],"tags":[],"class_list":["post-48673","post","type-post","status-publish","format-standard","hentry","category-spor","odd"],"_links":{"self":[{"href":"http:\/\/www.korhanyilmaz.com\/index.php?rest_route=\/wp\/v2\/posts\/48673","targetHints":{"allow":["GET"]}}],"collection":[{"href":"http:\/\/www.korhanyilmaz.com\/index.php?rest_route=\/wp\/v2\/posts"}],"about":[{"href":"http:\/\/www.korhanyilmaz.com\/index.php?rest_route=\/wp\/v2\/types\/post"}],"author":[{"embeddable":true,"href":"http:\/\/www.korhanyilmaz.com\/index.php?rest_route=\/wp\/v2\/users\/1"}],"replies":[{"embeddable":true,"href":"http:\/\/www.korhanyilmaz.com\/index.php?rest_route=%2Fwp%2Fv2%2Fcomments&post=48673"}],"version-history":[{"count":0,"href":"http:\/\/www.korhanyilmaz.com\/index.php?rest_route=\/wp\/v2\/posts\/48673\/revisions"}],"wp:attachment":[{"href":"http:\/\/www.korhanyilmaz.com\/index.php?rest_route=%2Fwp%2Fv2%2Fmedia&parent=48673"}],"wp:term":[{"taxonomy":"category","embeddable":true,"href":"http:\/\/www.korhanyilmaz.com\/index.php?rest_route=%2Fwp%2Fv2%2Fcategories&post=48673"},{"taxonomy":"post_tag","embeddable":true,"href":"http:\/\/www.korhanyilmaz.com\/index.php?rest_route=%2Fwp%2Fv2%2Ftags&post=48673"}],"curies":[{"name":"wp","href":"https:\/\/api.w.org\/{rel}","templated":true}]}}