{"id":48668,"date":"2012-02-11T17:28:54","date_gmt":"2012-02-11T15:28:54","guid":{"rendered":"http:\/\/www.korhanyilmaz.com\/?p=48668"},"modified":"2012-02-11T21:28:16","modified_gmt":"2012-02-11T19:28:16","slug":"manisada-kck-operasyonu-13-gozalti","status":"publish","type":"post","link":"http:\/\/www.korhanyilmaz.com\/?p=48668","title":{"rendered":"Manisa&#8217;da KCK operasyonu: 13 g\u00f6zalt\u0131"},"content":{"rendered":"<p style=\"text-align: center;\"><a href=\"http:\/\/www.korhanyilmaz.com\/wp-content\/uploads\/2012\/02\/9749.jpg\"  class=\"lightview\"><img loading=\"lazy\" decoding=\"async\" class=\"aligncenter  wp-image-48669\" src=\"http:\/\/www.korhanyilmaz.com\/wp-content\/uploads\/2012\/02\/9749.jpg\" alt=\"\" width=\"320\" height=\"214\" \/><\/a><\/p>\n<p style=\"text-align: justify;\">Manisa ve Salihli \u0130l\u00e7esi&#8217;nde, polisin KCK&#8217;ya y\u00f6nelik d\u00fczenledi\u011fi operasyonda 3&#8217;\u00fc \u00fcniversite \u00f6\u011frencisi 13 \u015f\u00fcpheli g\u00f6zalt\u0131na al\u0131nd\u0131.<\/p>\n<p style=\"text-align: justify;\">Manisa Emniyet M\u00fcd\u00fcrl\u00fc\u011f\u00fc Ter\u00f6rle M\u00fccadele \u015eubesi ekipleri, Manisa ile Salihli \u0130l\u00e7esi\u2019ndeki yakla\u015f\u0131k 20 eve, bu sabah saatlerinde e\u015f zamanl\u0131 operasyon d\u00fczenledi.<!--more--><\/p>\n<p style=\"text-align: justify;\">KCK operasyonunda, Bar\u0131\u015f ve Demokrasi Partisi (BDP) Manisa Merkez \u0130l\u00e7e eski Ba\u015fkan\u0131 Murat Bi\u00e7ici, Servet G\u00fcndo\u011fdu, F\u0131ndi \u00d6zdemir, Mehmet Salih Tarhan, Muhammet Peksoy, Song\u00fcl Oru\u00e7, Kadir G\u00fcndo\u011fdu, Murat Aykal ile Celal Bayar \u00dcniversitesi \u00f6\u011frencileri M.K. ve C.A.\u2019n\u0131n da aralar\u0131nda bulundu\u011fu 13 \u015f\u00fcpeheli g\u00f6zalt\u0131na al\u0131nd\u0131. Operasyonun s\u00fcrd\u00fc\u011f\u00fc, g\u00f6zalt\u0131 say\u0131s\u0131nda art\u0131\u015f olabilece\u011fi bildirildi. G\u00f6zalt\u0131na al\u0131nan 13 \u015f\u00fcphelinin \u0130l Emniyet M\u00fcd\u00fcrl\u00fc\u011f\u00fc\u2019ndeki sorgular\u0131 s\u00fcr\u00fcyor.<\/p>\n<p style=\"text-align: justify;\"><a href=\"http:\/\/www.radikal.com.tr\/Radikal.aspx?aType=RadikalDetayV3&amp;ArticleID=1078439&amp;CategoryID=77\" target=\"_blank\">Kaynak : Radikal.com.tr<\/a><\/p>\n","protected":false},"excerpt":{"rendered":"<p style=\"text-align: center;\">\n<p style=\"text-align: justify;\">Manisa ve Salihli \u0130l\u00e7esi&#8217;nde, polisin KCK&#8217;ya y\u00f6nelik d\u00fczenledi\u011fi operasyonda 3&#8217;\u00fc \u00fcniversite \u00f6\u011frencisi 13 \u015f\u00fcpheli g\u00f6zalt\u0131na al\u0131nd\u0131.<\/p>\n<p style=\"text-align: justify;\">Manisa Emniyet M\u00fcd\u00fcrl\u00fc\u011f\u00fc Ter\u00f6rle M\u00fccadele \u015eubesi ekipleri, Manisa ile Salihli \u0130l\u00e7esi\u2019ndeki yakla\u015f\u0131k 20 eve, bu sabah saatlerinde e\u015f zamanl\u0131 operasyon d\u00fczenledi.<\/p>\n","protected":false},"author":1,"featured_media":0,"comment_status":"open","ping_status":"open","sticky":false,"template":"","format":"standard","meta":{"footnotes":""},"categories":[105],"tags":[],"class_list":["post-48668","post","type-post","status-publish","format-standard","hentry","category-gundem","odd"],"_links":{"self":[{"href":"http:\/\/www.korhanyilmaz.com\/index.php?rest_route=\/wp\/v2\/posts\/48668","targetHints":{"allow":["GET"]}}],"collection":[{"href":"http:\/\/www.korhanyilmaz.com\/index.php?rest_route=\/wp\/v2\/posts"}],"about":[{"href":"http:\/\/www.korhanyilmaz.com\/index.php?rest_route=\/wp\/v2\/types\/post"}],"author":[{"embeddable":true,"href":"http:\/\/www.korhanyilmaz.com\/index.php?rest_route=\/wp\/v2\/users\/1"}],"replies":[{"embeddable":true,"href":"http:\/\/www.korhanyilmaz.com\/index.php?rest_route=%2Fwp%2Fv2%2Fcomments&post=48668"}],"version-history":[{"count":0,"href":"http:\/\/www.korhanyilmaz.com\/index.php?rest_route=\/wp\/v2\/posts\/48668\/revisions"}],"wp:attachment":[{"href":"http:\/\/www.korhanyilmaz.com\/index.php?rest_route=%2Fwp%2Fv2%2Fmedia&parent=48668"}],"wp:term":[{"taxonomy":"category","embeddable":true,"href":"http:\/\/www.korhanyilmaz.com\/index.php?rest_route=%2Fwp%2Fv2%2Fcategories&post=48668"},{"taxonomy":"post_tag","embeddable":true,"href":"http:\/\/www.korhanyilmaz.com\/index.php?rest_route=%2Fwp%2Fv2%2Ftags&post=48668"}],"curies":[{"name":"wp","href":"https:\/\/api.w.org\/{rel}","templated":true}]}}