{"id":48662,"date":"2012-02-11T17:58:40","date_gmt":"2012-02-11T15:58:40","guid":{"rendered":"http:\/\/www.korhanyilmaz.com\/?p=48662"},"modified":"2012-02-11T21:17:04","modified_gmt":"2012-02-11T19:17:04","slug":"kilicdaroglundan-mit-yasasina-tepki","status":"publish","type":"post","link":"http:\/\/www.korhanyilmaz.com\/?p=48662","title":{"rendered":"K\u0131l\u0131\u00e7daro\u011flu&#8217;ndan M\u0130T yasas\u0131na tepki"},"content":{"rendered":"<p style=\"text-align: justify;\">\n<p style=\"text-align: center;\"><a href=\"http:\/\/www.korhanyilmaz.com\/wp-content\/uploads\/2012\/02\/97481.jpg\"  class=\"lightview\"><img loading=\"lazy\" decoding=\"async\" class=\"aligncenter  wp-image-48664\" src=\"http:\/\/www.korhanyilmaz.com\/wp-content\/uploads\/2012\/02\/97481.jpg\" alt=\"\" width=\"315\" height=\"211\" \/><\/a><\/p>\n<p style=\"text-align: justify;\">CHP lideri Kemal K\u0131l\u0131\u00e7daro\u011flu, \u0130T\u00dc Evi&#8217;nde konferansa kat\u0131ld\u0131. Konferansta yapt\u0131\u011f\u0131 konu\u015fmada M\u0130T Yasas\u0131nda yap\u0131lmas\u0131 \u00f6ng\u00f6r\u00fclen de\u011fi\u015fikli\u011fi ele\u015ftiren K\u0131l\u0131\u00e7daro\u011flu; &#8220;Bu kanun, Recep Tayyip Erdo\u011fan&#8217;a devlet i\u00e7inde \u00f6zel \u00e7ete kurma yetkisi veren kanundur&#8221; dedi.\u00a0<!--more--><\/p>\n<p style=\"text-align: justify;\">\u0130stanbul Teknik \u00dcniversitesi Y\u00fcksek M\u00fchendisleri Birli\u011fi Derne\u011fi&#8217;nde ( \u0130T\u00dc Evi ) d\u00fczenlenen konferansa kat\u0131lan K\u0131l\u0131\u00e7daro\u011flu, g\u00fcndeme dair \u00f6nemli a\u00e7\u0131klamalarda bulundu. K\u0131l\u0131\u00e7daro\u011flu: &#8220;Bize g\u00fczel bir miras b\u0131rak\u0131ld\u0131. O b\u0131rak\u0131lan miras\u0131 ald\u0131k ilerilere ta\u015f\u0131d\u0131k. \u00c7ok partili rejimi getirdik, yarg\u0131 ba\u011f\u0131ms\u0131zl\u0131\u011f\u0131n\u0131, medya \u00f6zg\u00fcrl\u00fc\u011f\u00fcn\u00fc, \u00f6zel ya\u015fam\u0131n gizlili\u011fini. Bunlar\u0131n hepsi \u00f6nemli kazan\u0131mlard\u0131r. Geldi\u011fimiz noktada bu \u00f6nemli kazan\u0131mlar\u0131n tek tek elimizden kayd\u0131\u011f\u0131n\u0131 g\u00f6r\u00fcyoruz. O zaman d\u00f6n\u00fcp kendimize \u015fu soruyu soraca\u011f\u0131z: Biz \u00e7ocuklar\u0131m\u0131za, babalar\u0131m\u0131z\u0131n bize b\u0131rakt\u0131p geli\u015ftirin, daha iyiye g\u00f6t\u00fcr\u00fcn dedi\u011fi bir T\u00fcrkiye&#8217;yi mi b\u0131rakaca\u011f\u0131z yoksa onlar\u0131n ve bizim kazan\u0131mlar\u0131m\u0131z\u0131n elimizden al\u0131nd\u0131\u011f\u0131 bir T\u00fcrkiye&#8217;mi b\u0131rakaca\u011f\u0131z ? R\u00fcyalar\u0131m\u0131zdan uyanmal\u0131y\u0131z, ger\u00e7ekleri g\u00f6rmeliyiz, o ger\u00e7eklerle yola \u00e7\u0131kmay\u0131z&#8221; diye konu\u015ftu.<\/p>\n<p style=\"text-align: justify;\">T\u00fcrkiye&#8217;de sa\u011fl\u0131kl\u0131 bir demokrasinin olmad\u0131\u011f\u0131n\u0131 s\u00f6yleyen K\u0131l\u0131\u00e7daro\u011flu, Post-modern bir dikta rejiminin oldu\u011funu s\u00f6yledi. CHP lideri K\u0131l\u0131\u00e7daro\u011flu s\u00f6zlerine \u015f\u00f6yle devam etti: &#8220;Bak\u0131n \u015fimdi kendi kendimize soruyoruz; Otokrasi miyiz biz, polis devletimiyiz, yarg\u0131\u00e7lar devleti miyiz, neyiz biz ? Bu sorular\u0131 tart\u0131\u015f\u0131yoruz. Oysa normalde tart\u0131\u015f\u0131lmayacak ger\u00e7ek \u015fu: T\u00fcrkiye&#8217;de sa\u011fl\u0131kl\u0131 bir demokrasinin olmad\u0131\u011f\u0131, T\u00fcrkiye&#8217;de demokratik bir devletin olmad\u0131\u011f\u0131, hukukun \u00fcst\u00fcnl\u00fc\u011f\u00fcn\u00fcn b\u00fcy\u00fck \u00f6l\u00e7\u00fcde yara ald\u0131\u011f\u0131d\u0131r. O zaman otokratik devlet de\u011filiz, polis devleti de\u011filiz, yarg\u0131\u00e7lar devleti de\u011filiz. Peki biz ne devletiyiz ? Bunun ad\u0131na \u015funu s\u00f6yledik: Post-modern bir dikta rejimi ile kar\u015f\u0131 kar\u015f\u0131yay\u0131z. Bakt\u0131\u011f\u0131n\u0131z zaman \u015feklen her \u015fey var. Yarg\u0131 ba\u011f\u0131ms\u0131zl\u0131\u011f\u0131 m\u0131?, yaz\u0131yor yasalarda. Medya \u00f6zg\u00fcrl\u00fc\u011f\u00fc m\u00fc?, o da var zaten yasalarda. G\u00fc\u00e7ler ayr\u0131l\u0131\u011f\u0131 ilkesi de var Anayasa&#8217;da. Ancak ger\u00e7e\u011fe bakt\u0131\u011f\u0131m\u0131zda bunlar T\u00fcrkiye&#8217;de sa\u011fl\u0131kl\u0131 \u00e7al\u0131\u015f\u0131yor mu ? Hay\u0131r, hi\u00e7birisi \u00e7al\u0131\u015fm\u0131yor. O zaman bu demokrasi anlay\u0131\u015f\u0131n\u0131 bir \u015fekliyle bizim sorgulamam\u0131z gerekir. Bizim arzu etti\u011fimiz; insan haklar\u0131na dayal\u0131, insan haklar\u0131n\u0131 koruyan, yarg\u0131 ba\u011f\u0131ms\u0131zl\u0131\u011f\u0131 olan, g\u00fc\u00e7ler ayr\u0131l\u0131\u011f\u0131 ilkesinin sa\u011fl\u0131kl\u0131 \u00e7al\u0131\u015ft\u0131\u011f\u0131 bir demokrasi var m\u0131 \u00fclkemizde?<\/p>\n<p style=\"text-align: justify;\"><strong>&#8220;\u00d6zel yetkili mahkemeleri kald\u0131ral\u0131m&#8221;<\/strong><\/p>\n<p style=\"text-align: justify;\">\u00d6zel yetkili mahkemelerin demokrasi ay\u0131b\u0131 oldu\u011funu s\u00f6yleyen K\u0131l\u0131\u00e7daro\u011flu: &#8220;Devletin kurumlar\u0131n\u0131 tetik\u00e7ili\u011fine al\u0131\u015ft\u0131r\u0131rsan, tetik\u00e7i olarak kullan\u0131rsan, bir g\u00fcn o namlular\u0131n kime d\u00f6nece\u011fi belli olmaz. Yap\u0131lan o. Herkese, her ki\u015fiye, hatta birbirlerine d\u00f6nerler bu namlular bir g\u00fcn. Yarg\u0131s\u0131yla, g\u00fcvenlik kurumlar\u0131yla illegalite bata\u011f\u0131na saplanm\u0131\u015f, gayri me\u015fru hale getirilmi\u015f bir devleti sonsuza kadar ayakta tutamazs\u0131n\u0131z. Devleti gayri me\u015fru konuma getiriyorlar. Biz \u00f6zel yetkili mahkemelere kar\u015f\u0131y\u0131z. \u00d6zel yetkili mahkemelerle hukukun \u00fcst\u00fcnl\u00fc\u011f\u00fc sa\u011flanamaz. Onlar birer operasyon mahkemeleridir. Say\u0131n Recep Tayyip Erdo\u011fan, hayat\u0131n\u0131n en b\u00fcy\u00fck hatas\u0131n\u0131 yapmak \u00fczere. CHP olarak a\u00e7\u0131k\u00e7a s\u00f6yl\u00fcyoruz: \u00d6zel yetkili mahkemeleri gelin kald\u0131ral\u0131m. Bu rezalete T\u00fcrkiye&#8217;de son verelim&#8221; dedi.<\/p>\n<p style=\"text-align: justify;\"><strong>&#8220;Bunun ad\u0131 hukuku katletmektir&#8221;<\/strong><\/p>\n<p style=\"text-align: justify;\">Son g\u00fcnlerde T\u00fcrkiye&#8217;nin g\u00fcndemini me\u015fgul eden M\u0130T M\u00fc\u015fte\u015far\u0131 Hakan Fidan&#8217;\u0131n savc\u0131l\u0131k taraf\u0131ndan ifadeye \u00e7a\u011fr\u0131lmas\u0131 sonras\u0131 M\u0130T Yasas\u0131nda yap\u0131lan de\u011fi\u015fikli\u011fi ele\u015ftirdi. Kanun teklifinin Ba\u015fbakan Erdo\u011fan&#8217;a &#8216;\u00c7ete kurma&#8217; yetkisi verdi\u011fini iddia eden K\u0131l\u0131\u00e7daro\u011flu \u015f\u00f6yle konu\u015ftu: &#8220;Kendi \u00f6zel temsilcini savc\u0131ya sorgulatmamak ad\u0131na, yapt\u0131\u011f\u0131n kanun teklifini de kabul etmiyoruz. Bununda yery\u00fcz\u00fcnde \u00f6rne\u011fi yoktur. Bunun ad\u0131 hukuku katletmektir. Devlet a\u00e7\u0131s\u0131nda korkun\u00e7 bir \u015feydir bu. B\u00f6yle bir anlay\u0131\u015f olamaz. Bu kanun, Recep Tayyip Erdo\u011fan&#8217;a devlet i\u00e7inde \u00f6zel \u00e7ete kurma yetkisi veren kanundur. Bu yasa \u00e7\u0131kt\u0131\u011f\u0131 zaman bunun hesab\u0131n\u0131 kimse veremez. Son 40 g\u00fcnde ya\u015fad\u0131\u011f\u0131m\u0131z en tehlikeli, en trajik olay budur. Bu kanun teklifine evet diyecekler, tarih \u00f6n\u00fcnde sorumluluktan ka\u00e7amayacaklar.&#8221;<\/p>\n<p style=\"text-align: justify;\"><a href=\"http:\/\/www.cnnturk.com\/2012\/turkiye\/02\/11\/kilicdaroglundan.mit.yasasina.tepki\/648720.0\/index.html\" target=\"_blank\">Kaynak : CNN T\u00dcRK<\/a><\/p>\n","protected":false},"excerpt":{"rendered":"<p style=\"text-align: justify;\">\n<p style=\"text-align: center;\">\n<p style=\"text-align: justify;\">CHP lideri Kemal K\u0131l\u0131\u00e7daro\u011flu, \u0130T\u00dc Evi&#8217;nde konferansa kat\u0131ld\u0131. Konferansta yapt\u0131\u011f\u0131 konu\u015fmada M\u0130T Yasas\u0131nda yap\u0131lmas\u0131 \u00f6ng\u00f6r\u00fclen de\u011fi\u015fikli\u011fi ele\u015ftiren K\u0131l\u0131\u00e7daro\u011flu; &#8220;Bu kanun, Recep Tayyip Erdo\u011fan&#8217;a devlet i\u00e7inde \u00f6zel \u00e7ete kurma yetkisi veren kanundur&#8221; dedi. <\/p>\n","protected":false},"author":1,"featured_media":0,"comment_status":"open","ping_status":"open","sticky":false,"template":"","format":"standard","meta":{"footnotes":""},"categories":[105],"tags":[],"class_list":["post-48662","post","type-post","status-publish","format-standard","hentry","category-gundem","odd"],"_links":{"self":[{"href":"http:\/\/www.korhanyilmaz.com\/index.php?rest_route=\/wp\/v2\/posts\/48662","targetHints":{"allow":["GET"]}}],"collection":[{"href":"http:\/\/www.korhanyilmaz.com\/index.php?rest_route=\/wp\/v2\/posts"}],"about":[{"href":"http:\/\/www.korhanyilmaz.com\/index.php?rest_route=\/wp\/v2\/types\/post"}],"author":[{"embeddable":true,"href":"http:\/\/www.korhanyilmaz.com\/index.php?rest_route=\/wp\/v2\/users\/1"}],"replies":[{"embeddable":true,"href":"http:\/\/www.korhanyilmaz.com\/index.php?rest_route=%2Fwp%2Fv2%2Fcomments&post=48662"}],"version-history":[{"count":0,"href":"http:\/\/www.korhanyilmaz.com\/index.php?rest_route=\/wp\/v2\/posts\/48662\/revisions"}],"wp:attachment":[{"href":"http:\/\/www.korhanyilmaz.com\/index.php?rest_route=%2Fwp%2Fv2%2Fmedia&parent=48662"}],"wp:term":[{"taxonomy":"category","embeddable":true,"href":"http:\/\/www.korhanyilmaz.com\/index.php?rest_route=%2Fwp%2Fv2%2Fcategories&post=48662"},{"taxonomy":"post_tag","embeddable":true,"href":"http:\/\/www.korhanyilmaz.com\/index.php?rest_route=%2Fwp%2Fv2%2Ftags&post=48662"}],"curies":[{"name":"wp","href":"https:\/\/api.w.org\/{rel}","templated":true}]}}