{"id":48658,"date":"2012-02-11T20:25:35","date_gmt":"2012-02-11T18:25:35","guid":{"rendered":"http:\/\/www.korhanyilmaz.com\/?p=48658"},"modified":"2012-02-12T12:25:02","modified_gmt":"2012-02-12T10:25:02","slug":"dokunan-yanmaya-devam-ediyor","status":"publish","type":"post","link":"http:\/\/www.korhanyilmaz.com\/?p=48658","title":{"rendered":"&#8220;Dokunan yanmaya devam ediyor&#8221;"},"content":{"rendered":"<p style=\"text-align: justify;\"><a href=\"http:\/\/www.korhanyilmaz.com\/wp-content\/uploads\/2012\/02\/9747.jpg\"  class=\"lightview\"><img loading=\"lazy\" decoding=\"async\" class=\"aligncenter  wp-image-48659\" src=\"http:\/\/www.korhanyilmaz.com\/wp-content\/uploads\/2012\/02\/9747.jpg\" alt=\"\" width=\"307\" height=\"237\" \/><\/a><\/p>\n<p style=\"text-align: justify;\">CHP lideri Kemal K\u0131l\u0131\u00e7daro\u011flu, M\u0130T mensuplar\u0131n\u0131 ifadeye \u00e7a\u011f\u0131ran savc\u0131n\u0131n dosyadan el \u00e7ektirilmesi hakk\u0131nda Twitter&#8217;da a\u00e7\u0131klama yapt\u0131: Dokunan yanmaya devam ediyor.<\/p>\n<p style=\"text-align: justify;\">\u0130stanbul- CHP lideri K\u0131l\u0131\u00e7daro\u011flu&#8217;nun sosyal payla\u015f\u0131m sitesi Twitter&#8217;dan yapt\u0131\u011f\u0131 a\u00e7\u0131klama \u015f\u00f6yle ; &#8220;Dosyan\u0131n savc\u0131dan al\u0131nmas\u0131 AKP yarg\u0131s\u0131n\u0131n ne kadar tarafs\u0131z ve ba\u011f\u0131ms\u0131z oldu\u011funu bir kez daha ortaya koymu\u015ftur.<\/p>\n<p style=\"text-align: justify;\">Dokunan yanmaya devam ediyor. AKP adalete bir d\u00fc\u011f\u00fcm daha atm\u0131\u015ft\u0131r. Bu AKP&#8217;nin yarg\u0131s\u0131d\u0131r diyorduk bizi ele\u015ftiriyorlard\u0131. Bir kez daha hakl\u0131l\u0131\u011f\u0131m\u0131z ortaya \u00e7\u0131km\u0131\u015ft\u0131r. CHP&#8217;li belediyelerde \u00e7al\u0131\u015fanlar, \u00f6\u011frenciler, gazeteciler tutuklan\u0131nca yarg\u0131 ba\u011f\u0131ms\u0131z oluyor AKP&#8217;ye dokununca savc\u0131ya el \u00e7ektiriliyor. Bu olay AKP yarg\u0131s\u0131n\u0131n, \u00d6zel Yetkili Mahkemelerin me\u015fruiyetini tamamen ortadan kald\u0131rm\u0131\u015ft\u0131r. Tutuklama kararlar\u0131 me\u015fruiyetini yitirmi\u015ftir.&#8221;<!--more--><\/p>\n<p style=\"text-align: justify;\"><strong>K\u0131l\u0131\u00e7daro\u011flu \u0130T\u00dc Evi&#8217;nde de konu\u015ftu\u00a0<\/strong><\/p>\n<p style=\"text-align: justify;\">CHP Genel Ba\u015fkan\u0131 Kemal K\u0131l\u0131\u00e7daro\u011flu, \u0130T\u00dc Evi&#8217;nde d\u00fczenlenen ve g\u00fcncel konular\u0131n de\u011ferlendirildi\u011fi konferansta, T\u00fcrkiye&#8217;nin \u00e7ok \u00f6nemli g\u00fcnlerden ge\u00e7ti\u011fini, her sabah gazeteleri &#8221;Biraz \u00fcrkerek&#8221; a\u00e7t\u0131klar\u0131n\u0131 s\u00f6yledi.<\/p>\n<p style=\"text-align: justify;\">T\u00fcrkiye&#8217;nin \u00f6n\u00fcne son g\u00fcnlerde dev bir ayna konuldu\u011funa de\u011finen K\u0131l\u0131\u00e7daro\u011flu, &#8221;Kendimizi g\u00f6relim, toplumu g\u00f6relim diye ya\u015fanan son geli\u015fmeleri g\u00f6rmemekte \u0131srar edenler art\u0131k ger\u00e7e\u011fi g\u00f6recekler. Art\u0131k ger\u00e7ekleri g\u00f6rmek, pembe r\u00fcyalardan uyanmak, \u00fclkenin kar\u015f\u0131la\u015ft\u0131\u011f\u0131 sorunlar\u0131n ne oldu\u011funu sorgulamak hepimizin g\u00f6revidir&#8221; ifadesini kulland\u0131.<\/p>\n<p style=\"text-align: justify;\">K\u0131l\u0131\u00e7daro\u011flu, &#8221;R\u00fcyalar\u0131m\u0131zdan uyanmal\u0131y\u0131z, ger\u00e7e\u011fi g\u00f6rmeliyiz, o ger\u00e7eklerle yola \u00e7\u0131kmal\u0131y\u0131z. Bak\u0131n \u015fimdi kendi kendimize soruyoruz; otokrasi miyiz biz, polis devleti miyiz, yarg\u0131\u00e7lar devleti miyiz? Neyiz biz? Bu sorular\u0131 tart\u0131\u015f\u0131yoruz. Oysa normalde tart\u0131\u015f\u0131lmayacak ger\u00e7ek \u015fu; nedir tart\u0131\u015f\u0131lmayacak ger\u00e7ek? T\u00fcrkiye&#8217;de sa\u011fl\u0131kl\u0131 bir demokrasinin olmad\u0131\u011f\u0131&#8230;&#8221; dedi.<\/p>\n<p style=\"text-align: justify;\">T\u00fcrkiye&#8217;deki demokrasi anlay\u0131\u015f\u0131n\u0131n sorgulanmas\u0131 gerekti\u011fini belirten K\u0131l\u0131\u00e7daro\u011flu, &#8221;\u0130nsan haklar\u0131n\u0131 koruyan, yarg\u0131 ba\u011f\u0131ms\u0131zl\u0131\u011f\u0131n\u0131 koruyan, g\u00fc\u00e7ler ayr\u0131l\u0131\u011f\u0131 ilkesinin sa\u011fl\u0131kl\u0131 \u00e7al\u0131\u015ft\u0131\u011f\u0131 bir demokrasi var m\u0131 \u00fclkemizde? Bunu anlamak i\u00e7in kendimize iki soru sorarsak yeter. Birinci soru, acaba ben Recep Tayyip Erdo\u011fan hakk\u0131nda olumsuz bir \u015fey s\u00f6ylersem ba\u015f\u0131ma bir \u015fey gelir mi? Bu kayg\u0131y\u0131 ta\u015f\u0131yorsak bu \u00fclkede demokrasi yoktur. \u0130kinci soru ise \u015fu; acaba benim telefonlar\u0131m dinleniyor mu? E\u011fer bu kayg\u0131y\u0131 ta\u015f\u0131yorsak demokrasiden bahsedemeyiz&#8221; ifadesini kulland\u0131.<\/p>\n<p style=\"text-align: justify;\">Ba\u015fbakan Erdo\u011fan&#8217;\u0131n 12 Eyl\u00fcl 2010&#8217;da &#8221;Millet idareye, millet yarg\u0131ya el koymu\u015ftur&#8221; dedi\u011fini belirten K\u0131l\u0131\u00e7daro\u011flu, \u015f\u00f6yle devam etti:<\/p>\n<p style=\"text-align: justify;\">&#8221;Yani referandumdan sonra millet yarg\u0131ya el koydu, ne demek yarg\u0131ya el koymak?.. &#8216;Yarg\u0131ya el koyduk biz&#8217; diyor. &#8216;Millet&#8217; derken kendini kastediyor. Bu anlay\u0131\u015f\u0131 biz ne zaman duymu\u015ftuk? 12 Eyl\u00fcl askeri darbe d\u00f6neminde. O zaman generaller &#8216;ordu y\u00f6netime el koydu&#8217; demi\u015fti. Benzerlikleri g\u00f6r\u00fcyorsunuz de\u011fil mi? Ama o d\u00f6nemde bile Kenan Evren ve arkada\u015flar\u0131 yarg\u0131ya el koyma c\u00fcretini g\u00f6stermemi\u015flerdi. Bunlar, do\u011frudan do\u011fruya \u00e7\u0131k\u0131p milletin \u00f6n\u00fcne &#8216;Biz yarg\u0131ya el koyduk&#8217; diyorlar.&#8221;<\/p>\n<p style=\"text-align: justify;\">K\u0131l\u0131\u00e7daro\u011flu, gelinen noktada \u00fclkenin iyi y\u00f6netilmedi\u011fini g\u00f6rd\u00fcklerini dile getiren K\u0131l\u0131\u00e7daro\u011flu, \u015funlar\u0131 s\u00f6yledi:<\/p>\n<p style=\"text-align: justify;\">&#8221;Y\u00fczde 49 oy alacaks\u0131n\u0131z ve \u00fclkeyi cumhuriyet tarihinin en k\u00f6t\u00fc y\u00f6netimiyle kar\u015f\u0131 kar\u015f\u0131ya b\u0131rakacaks\u0131n\u0131z. Kimin ne yapt\u0131\u011f\u0131 belli de\u011fil. Olaylar\u0131n aras\u0131nda kaybolan, olaylar\u0131 koordine edemeyen bir Ba\u015fbakan ile kar\u015f\u0131 kar\u015f\u0131yay\u0131z. Ger\u00e7i rahats\u0131zl\u0131\u011f\u0131 var, kendisine acil \u015fifalar diliyoruz. \u0130n\u015fallah, sa\u011fl\u0131\u011f\u0131na kavu\u015fur ve bir an \u00f6ce g\u00f6revinin ba\u015f\u0131na d\u00f6ner. Daha 10 g\u00fcn \u00f6nce \u015funu s\u00f6yledim; bir \u00fclkede genelkurmay ba\u015fkan\u0131 ter\u00f6r \u00f6rg\u00fct\u00fcn\u00fcn lideri olarak tutuklan\u0131yor ve bu genelkurmay ba\u015fkan\u0131, kendili\u011finden genelkurmay ba\u015fkan\u0131 olmad\u0131. H\u00fck\u00fcmet ordu ba\u015fkan\u0131 yapt\u0131, terfileri getirdi, en sonunda da genelkurmay ba\u015fkan\u0131 yapt\u0131. \u015eunu sordum say\u0131n Ba\u015fbakana; &#8216;e\u011fer bir \u00fclkede genelkurmay ba\u015fkan\u0131 ter\u00f6rist olursa o \u00fclkenin Ba\u015fbakan\u0131 ne olur?&#8217; Herhalde bunun hesab\u0131n\u0131 vermek durumunda. Ter\u00f6r \u00f6rg\u00fct\u00fcne yard\u0131m ve yatakl\u0131ktan onun da sorgulanmas\u0131 laz\u0131m. \u00c7\u00fcnk\u00fc atamay\u0131 yapan o, g\u00f6revlendiren o, her hafta g\u00f6r\u00fc\u015fen o. Nas\u0131l oluyor da b\u00f6yle bir tablo bu \u00fclkede ortaya \u00e7\u0131kabiliyor? Tutukland\u0131, bir s\u00fcre sonra her \u015fey unutuldu.&#8221;<\/p>\n<p style=\"text-align: justify;\">&#8221;Ba\u015fbakan\u0131n demokrasi k\u00fclt\u00fcr\u00fcn\u00fcn s\u0131f\u0131r oldu\u011funu&#8221; ileri s\u00fcren K\u0131l\u0131\u00e7daro\u011flu, s\u00f6zlerini \u015f\u00f6yle s\u00fcrd\u00fcrd\u00fc:<\/p>\n<p style=\"text-align: justify;\">&#8221;O kadar demokrasiye yatk\u0131n bir insan de\u011fil ki ben \u00f6zel yetkili mahkemeleri ele\u015ftirdim diye hakk\u0131mda bir fezleke d\u00fczenlendi. Say\u0131n Ba\u015fbakana sordular, &#8216;olmas\u0131 gereken oldu&#8217; dedi. Yani, &#8216;Oh olsun&#8217; dedi. D\u00fc\u015f\u00fcn\u00fcn ana muhalefet partisi lideri olarak \u00f6zel yetkili mahkemelerin hukuksuz oldu\u011funu, insan haklar\u0131n\u0131n oralarda ihlal edildi\u011fini, oralarda sa\u011fl\u0131kl\u0131 bir hukukun olmad\u0131\u011f\u0131n\u0131, yarg\u0131laman\u0131n do\u011fru d\u00fcr\u00fcst yap\u0131lmad\u0131\u011f\u0131n\u0131, yarg\u0131\u00e7larla yarg\u0131lananlar aras\u0131nda adete bir kan davas\u0131, husumetin olu\u015ftu\u011funu s\u00f6yledim. Silivri&#8217;deki hapishanenin 1940&#8217;lar\u0131n Almanya&#8217;s\u0131ndaki toplama kamp\u0131n\u0131n 21. y\u00fczy\u0131ldaki T\u00fcrkiye versiyonu oldu\u011funu s\u00f6yledim. Tek ortak paydalar\u0131n\u0131n h\u00fck\u00fcmeti ele\u015ftirmek oldu\u011funu s\u00f6yledim, hakk\u0131mda fezleke d\u00fczenlendi. Hemen, &#8216;Vay efendim, siz buradan kahramanl\u0131k m\u0131 \u00e7\u0131kar\u0131yorsunuz?&#8217; &#8216;Kahramanl\u0131k de\u011fil&#8217; dedim. &#8216;Bir demokrasi ay\u0131b\u0131 \u00e7\u0131kar\u0131yoruz&#8217; dedim. Bu bir demokrasi ay\u0131b\u0131d\u0131r. Ben, bunu ele\u015ftirmeyece\u011fim de kim ele\u015ftirecek. Zaten insanlar ele\u015ftirmekten korkuyor. M\u00fcsaade et biz ele\u015ftirelim.&#8221;<\/p>\n<p style=\"text-align: justify;\">Irak s\u0131n\u0131r\u0131ndaki olaya da de\u011finen K\u0131l\u0131\u00e7daro\u011flu, yakla\u015f\u0131k 40 g\u00fcnd\u00fcr H\u00fck\u00fcmete buradaki istihbarat\u0131 nereden ald\u0131klar\u0131n\u0131 sordu\u011funu s\u00f6yledi.<\/p>\n<p style=\"text-align: justify;\">K\u0131l\u0131\u00e7daro\u011flu, sorusuna yan\u0131t alamad\u0131\u011f\u0131n\u0131 \u00f6ne s\u00fcrerek, &#8221;Asl\u0131nda bu sorunun yan\u0131t\u0131 bulunsa son 10 g\u00fcnde ya\u015fanan olaylar\u0131n perde arkas\u0131 biraz daha net a\u00e7\u0131klanm\u0131\u015f olacak. E\u011fer a\u00e7\u0131klan\u0131rsa H\u00fck\u00fcmetin istihbarat konusunda kimlerin oyunca\u011f\u0131 oldu\u011fu ortaya \u00e7\u0131kacak. Kimlerin \u00f6ng\u00f6r\u00fcs\u00fcyle, kimlerin politikas\u0131yla, kimlerin y\u00f6nlendirmeleriyle 34 yurtta\u015f\u0131m\u0131z\u0131n imha edildi\u011fi ortaya \u00e7\u0131kacak. Bu, bilinen bir olay ama s\u0131r gibi saklan\u0131yor. Ama a\u00e7\u0131klayaca\u011f\u0131z&#8221; diye konu\u015ftu.<\/p>\n<p style=\"text-align: justify;\">K\u0131l\u0131\u00e7daro\u011flu, \u015funlar\u0131 s\u00f6yledi:<\/p>\n<p style=\"text-align: justify;\">&#8221;Ba\u015fbakan\u0131n bir t\u00fcrl\u00fc anlayamad\u0131\u011f\u0131 \u00f6nemli bir konu daha var. Devletin kurumlar\u0131n\u0131 tetik\u00e7ili\u011fe al\u0131\u015ft\u0131r\u0131rsan, tetik\u00e7i olarak kullan\u0131rsan bir g\u00fcn o namlular\u0131n kime d\u00f6nece\u011fi belli olmaz. Yap\u0131lan o. Herkese, her ki\u015fiye, hatta birbirlerine d\u00f6ner o namlular. Yarg\u0131s\u0131yla, g\u00fcvenlik kurumlar\u0131yla illegalite batakl\u0131\u011f\u0131na saplanm\u0131\u015f, gayrime\u015fru hale getirilmi\u015f bir devleti sonsuza kadar ayakta tutamazs\u0131n\u0131z. Devlet dedi\u011finiz me\u015fru bir kurumdur. Devlet dedi\u011finiz me\u015fru alanda m\u00fccadele eder. Devlet dedi\u011finiz kurum, hukukun \u00fcst\u00fcnl\u00fc\u011f\u00fcne inanm\u0131\u015f bir kurumdur. Devlet budur. Onu illegaliteye itti\u011finiz andan itibaren devleti gayrime\u015fru bir konuma getirirsiniz. Yapt\u0131klar\u0131 budur. Devleti gayrime\u015fru bir konuma getirmek istiyorlar.&#8221;<\/p>\n<p style=\"text-align: justify;\"><strong>\u00d6zel yetkili mahkemeler\u00a0<\/strong><\/p>\n<p style=\"text-align: justify;\">CHP olarak \u00f6zel yetkili mahkemelere kar\u015f\u0131 olduklar\u0131n\u0131 yineleyen K\u0131l\u0131\u00e7daro\u011flu, bu mahkemelerin hukuk d\u00fczeninde yeri olmad\u0131\u011f\u0131n\u0131 ifade etti. \u00d6zel yetkili mahkemelerin bir &#8221;Operasyon mahkemesi&#8221; ve siyasi otoritenin emrinde oldu\u011funu iddia eden K\u0131l\u0131\u00e7daro\u011flu, o mahkemelerle \u00fclkede hukukun \u00fcst\u00fcnl\u00fc\u011f\u00fcn\u00fcn sa\u011flanamayaca\u011f\u0131n\u0131 s\u00f6yledi.<\/p>\n<p style=\"text-align: justify;\">Ki\u015filerin hukukun \u00fcst\u00fcnl\u00fc\u011f\u00fc \u00e7er\u00e7evesinde yarg\u0131lanmas\u0131n\u0131n \u00f6nemine i\u015faret eden K\u0131l\u0131\u00e7daro\u011flu, \u00f6zel yetkili mahkemelerin derhal tasfiye edilmesi gerekti\u011fini dile getirdi.<\/p>\n<p style=\"text-align: justify;\">&#8221;E\u011fer me\u015fruiyetinizi egemen g\u00fc\u00e7lerden al\u0131rsan\u0131z, onlar\u0131n g\u00f6n\u00fcll\u00fc ta\u015feronlu\u011funa soyunursan\u0131z, ancak onlar\u0131n izin verdi\u011fi kadar \u00fclkeyi y\u00f6netirsiniz&#8221; diyen K\u0131l\u0131\u00e7daro\u011flu, &#8221;AKP&#8217;nin d\u00fc\u015ft\u00fc\u011f\u00fc konum budur. Egemen g\u00fc\u00e7lerin Orta Do\u011fu&#8217;daki ta\u015feronu konumundad\u0131r&#8221; iddias\u0131nda bulundu.<\/p>\n<p style=\"text-align: justify;\"><strong>M\u0130T Kanununda de\u011fi\u015fiklik \u00f6ng\u00f6ren teklif\u00a0<\/strong><\/p>\n<p style=\"text-align: justify;\">Ba\u015fbakan\u0131n &#8221;hayat\u0131n\u0131n en b\u00fcy\u00fck hatas\u0131n\u0131 yapmak \u00fczere oldu\u011funu&#8221; \u00f6ne s\u00fcren K\u0131l\u0131\u00e7daro\u011flu, \u015f\u00f6yle konu\u015ftu:<\/p>\n<p style=\"text-align: justify;\">&#8221;\u00d6zel yetkili mahkemeleri gelin kald\u0131ral\u0131m. Bu rezalete son verelim. Yarg\u0131\u00e7lara g\u00fcvenelim, yarg\u0131\u00e7lar ba\u011f\u0131ms\u0131z olsunlar, \u00f6zg\u00fcr olsunlar&#8230;Hukukun \u00fcst\u00fcnl\u00fc\u011f\u00fc i\u00e7erisinde hi\u00e7 kimse yarg\u0131lanmaktan korkmamal\u0131. Biz hukuktan, adaletten, ba\u011f\u0131ms\u0131z yarg\u0131dan yanay\u0131z ama kendi \u00f6zel temsilcini savc\u0131ya sorgulatmamak ad\u0131na yapt\u0131rd\u0131\u011f\u0131n kanun teklifini de biz kabul etmiyoruz. Bunun da yery\u00fcz\u00fcnde bir \u00f6rne\u011fi yoktur. Kimse kusura bakmas\u0131n. Adam g\u00f6revlendireceksin, gidecek i\u00e7lerine girecek, savc\u0131 onu sorgulamaya ba\u015flay\u0131nca da &#8216;onu savc\u0131n\u0131n elinden nas\u0131l kurtar\u0131r\u0131m&#8217; diye \u00f6zel yasa \u00e7\u0131karacaks\u0131n. Bunun ad\u0131 hukuku katletmektir. Kanun teklifinin ki\u015fiye \u00f6zel bir kanun olmas\u0131n\u0131n \u00e7ok \u00f6tesinde devlet ad\u0131na korkun\u00e7 bir \u015feydir bu. B\u00f6yle bir anlay\u0131\u015f olabilir mi?&#8221;<\/p>\n<p style=\"text-align: justify;\">M\u0130T Kanununda de\u011fi\u015fiklik \u00f6ng\u00f6ren teklifi okuyan K\u0131l\u0131\u00e7daro\u011flu, \u015funlar\u0131 kaydetti:<\/p>\n<p style=\"text-align: justify;\">&#8221;Bu ne demektir biliyor musunuz? Bu kanun say\u0131n Recep Tayyip Erdo\u011fan&#8217;a devlet i\u00e7inde, \u00f6zel \u00e7ete kurma yetkisi veren kanundur. B\u00f6yle bir anlay\u0131\u015f olabilir mi? Bunu kabul edebilir miyiz? B\u00f6yle bir rezalet herhalde d\u00fcnya hukuk tarihine girecektir. Bu yasa \u00e7\u0131kt\u0131\u011f\u0131 zaman bunun hesab\u0131n\u0131 kimse veremez. Hukuk ad\u0131na veremez. Bu yasaya el kald\u0131ranlar kendi \u00e7ocuklar\u0131na hesab\u0131n\u0131 veremezler. Son 40 g\u00fcnde ya\u015fad\u0131\u011f\u0131m\u0131z en tehlikeli, en trajik olay budur. Bu kanun teklifine &#8216;evet&#8217; diyecekler, tarih \u00f6n\u00fcnde sorumluluktan ka\u00e7\u0131namazlar.&#8221;<\/p>\n<p style=\"text-align: justify;\">K\u0131l\u0131\u00e7daro\u011flu, CHP olarak teklifin yasala\u015fmamas\u0131 i\u00e7in m\u00fccadele vereceklerini, &#8221;Devletin illegal olmamas\u0131n\u0131&#8221; isteyen herkesin de bunun kar\u015f\u0131s\u0131nda olmas\u0131 gerekti\u011fini s\u00f6zlerine ekledi.<\/p>\n<p style=\"text-align: justify;\">Konferans daha sonra bas\u0131na kapal\u0131 devam etti.<\/p>\n<p style=\"text-align: justify;\"><a href=\"http:\/\/www.cumhuriyet.com.tr\/?hn=314742\" target=\"_blank\">Kaynak : Cumhuriyet Haber Portal\u0131<\/a><\/p>\n","protected":false},"excerpt":{"rendered":"<p style=\"text-align: justify;\">\n<p style=\"text-align: justify;\">CHP lideri Kemal K\u0131l\u0131\u00e7daro\u011flu, M\u0130T mensuplar\u0131n\u0131 ifadeye \u00e7a\u011f\u0131ran savc\u0131n\u0131n dosyadan el \u00e7ektirilmesi hakk\u0131nda Twitter&#8217;da a\u00e7\u0131klama yapt\u0131: Dokunan yanmaya devam ediyor.<\/p>\n<p style=\"text-align: justify;\">\u0130stanbul- CHP lideri K\u0131l\u0131\u00e7daro\u011flu&#8217;nun sosyal payla\u015f\u0131m sitesi Twitter&#8217;dan yapt\u0131\u011f\u0131 a\u00e7\u0131klama \u015f\u00f6yle ; &#8220;Dosyan\u0131n savc\u0131dan al\u0131nmas\u0131 AKP yarg\u0131s\u0131n\u0131n ne kadar tarafs\u0131z ve ba\u011f\u0131ms\u0131z oldu\u011funu bir kez daha ortaya koymu\u015ftur.<\/p>\n","protected":false},"author":1,"featured_media":0,"comment_status":"open","ping_status":"open","sticky":false,"template":"","format":"standard","meta":{"footnotes":""},"categories":[105],"tags":[],"class_list":["post-48658","post","type-post","status-publish","format-standard","hentry","category-gundem","odd"],"_links":{"self":[{"href":"http:\/\/www.korhanyilmaz.com\/index.php?rest_route=\/wp\/v2\/posts\/48658","targetHints":{"allow":["GET"]}}],"collection":[{"href":"http:\/\/www.korhanyilmaz.com\/index.php?rest_route=\/wp\/v2\/posts"}],"about":[{"href":"http:\/\/www.korhanyilmaz.com\/index.php?rest_route=\/wp\/v2\/types\/post"}],"author":[{"embeddable":true,"href":"http:\/\/www.korhanyilmaz.com\/index.php?rest_route=\/wp\/v2\/users\/1"}],"replies":[{"embeddable":true,"href":"http:\/\/www.korhanyilmaz.com\/index.php?rest_route=%2Fwp%2Fv2%2Fcomments&post=48658"}],"version-history":[{"count":0,"href":"http:\/\/www.korhanyilmaz.com\/index.php?rest_route=\/wp\/v2\/posts\/48658\/revisions"}],"wp:attachment":[{"href":"http:\/\/www.korhanyilmaz.com\/index.php?rest_route=%2Fwp%2Fv2%2Fmedia&parent=48658"}],"wp:term":[{"taxonomy":"category","embeddable":true,"href":"http:\/\/www.korhanyilmaz.com\/index.php?rest_route=%2Fwp%2Fv2%2Fcategories&post=48658"},{"taxonomy":"post_tag","embeddable":true,"href":"http:\/\/www.korhanyilmaz.com\/index.php?rest_route=%2Fwp%2Fv2%2Ftags&post=48658"}],"curies":[{"name":"wp","href":"https:\/\/api.w.org\/{rel}","templated":true}]}}