{"id":48654,"date":"2012-02-11T20:16:40","date_gmt":"2012-02-11T18:16:40","guid":{"rendered":"http:\/\/www.korhanyilmaz.com\/?p=48654"},"modified":"2012-02-11T21:55:54","modified_gmt":"2012-02-11T19:55:54","slug":"o-savciya-dosyadan-el-cektirildi","status":"publish","type":"post","link":"http:\/\/www.korhanyilmaz.com\/?p=48654","title":{"rendered":"O savc\u0131ya dosyadan el \u00e7ektirildi"},"content":{"rendered":"<p style=\"text-align: center;\"><a href=\"http:\/\/www.korhanyilmaz.com\/wp-content\/uploads\/2012\/02\/9746.jpg\"  class=\"lightview\"><img loading=\"lazy\" decoding=\"async\" class=\"aligncenter  wp-image-48655\" src=\"http:\/\/www.korhanyilmaz.com\/wp-content\/uploads\/2012\/02\/9746.jpg\" alt=\"\" width=\"306\" height=\"218\" \/><\/a><\/p>\n<p style=\"text-align: justify;\">KCK soru\u015fturmas\u0131 kapsam\u0131nda M\u0130T M\u00fcste\u015far\u0131 Hakan Fidan&#8217;\u0131n da aralar\u0131nda bulundu\u011fu 5 M\u0130T mensubunu ifadeye \u00e7a\u011f\u0131ran soru\u015fturma savc\u0131s\u0131 Sadrettin Sar\u0131kaya dosyadaki g\u00f6revinden al\u0131nd\u0131. Savc\u0131 Sar\u0131kaya &#8220;Yapacak bir\u015fey yok. G\u00f6revlendirme bug\u00fcn oldu. Biz g\u00f6revimizi yapt\u0131k&#8221; dedi.\u00a0<!--more--><\/p>\n<p style=\"text-align: justify;\">\u00d6zel yetkili \u0130stanbul Cumhuriyet Ba\u015fsavc\u0131vekili Fikret Se\u00e7en, M\u0130T M\u00fcste\u015far\u0131 Hakan Fidan&#8217;\u0131n da ifadeye \u00e7a\u011f\u0131r\u0131ld\u0131\u011f\u0131 soru\u015fturma dosyas\u0131n\u0131n, \u00f6zel yetkili \u0130stanbul Cumhuriyet Savc\u0131s\u0131 Sadrettin Sar\u0131kaya&#8217;dan al\u0131nd\u0131\u011f\u0131n\u0131 bildirdi.<\/p>\n<p style=\"text-align: justify;\">\u00d6zel Yetkili Savc\u0131 Sadrettin Sar\u0131kaya&#8217;n\u0131n yerine \u0130brahim I\u015f\u0131k ve Adem \u00d6zcan g\u00f6revlendirildi. Bilal Bayraktar&#8217;\u0131n ise soru\u015fturma dosyas\u0131ndaki g\u00f6revi devam ediyor.<\/p>\n<p style=\"text-align: justify;\">\u0130stanbul Cumhuriyet Ba\u015fsavc\u0131vekili Fikret Se\u00e7en, Sar\u0131kaya\u2019n\u0131n yerine iki \u00f6zel yetkili savc\u0131 dosyada g\u00f6revlendirildi. KCK soru\u015fturmas\u0131na savc\u0131lar \u0130smail I\u015f\u0131k ve Adem \u00d6zcan g\u00f6revlendirildi. \u00d6zel yetkili savc\u0131 Bilal Bayraktar\u2019\u0131n ise soru\u015fturma dosyas\u0131ndaki g\u00f6revi devam ediyor. Bundan sonra KCK soru\u015fturmas\u0131n\u0131 savc\u0131lar Bilal Bayraktar, \u0130smail I\u015f\u0131k ve Adem \u00d6zcan y\u00fcr\u00fctecek. Sar\u0131kaya\u2019n\u0131n dosyadaki g\u00f6revinden al\u0131nmas\u0131n\u0131n nedenine ili\u015fkin bir a\u00e7\u0131klama yap\u0131lmad\u0131.<\/p>\n<p style=\"text-align: justify;\"><strong>\u0130lk a\u00e7\u0131klama<\/strong><\/p>\n<p style=\"text-align: justify;\">Savc\u0131 Sar\u0131kaya &#8220;G\u00f6revden al\u0131nd\u0131\u011f\u0131m\u0131 televizyondan \u00f6\u011frendim. Ba\u015fsavc\u0131&#8217;n\u0131n taktiri. Yapacak bir\u015fey yok. G\u00f6revlendirme bug\u00fcn oldu. Biz g\u00f6revimizi yapt\u0131k&#8221; dedi. Savc\u0131 Bilal Bayraktar&#8217;\u0131n KCK soru\u015fturmadaki g\u00f6revi ise s\u00fcr\u00fcyor.<\/p>\n<p style=\"text-align: justify;\"><strong>HSYK: &#8220;Yap\u0131lan i\u015flem Ba\u015fsavc\u0131l\u0131\u011f\u0131n\u0131n tasarrufudur&#8221;\u00a0<\/strong><\/p>\n<p style=\"text-align: justify;\">Hakimler ve Savc\u0131lar Y\u00fcksek Kurulu (HSYK) Birinci Daire Ba\u015fkan\u0131 \u0130brahim Okur, Milli \u0130stihbarat Te\u015fkilat\u0131 (M\u0130T) M\u00fcste\u015far\u0131<\/p>\n<p style=\"text-align: justify;\">Hakan Fidan&#8217;\u0131n da ifadeye \u00e7a\u011fr\u0131ld\u0131\u011f\u0131 soru\u015fturma dosyas\u0131n\u0131n, \u00f6zel yetkili \u0130stanbul Cumhuriyet Savc\u0131s\u0131 Sadrettin Sar\u0131kaya&#8217;dan al\u0131nmas\u0131 i\u015fleminin \u0130stanbul Cumhuriyet Ba\u015fsavc\u0131l\u0131\u011f\u0131n\u0131n bir tasarrufu oldu\u011funu s\u00f6yledi.<\/p>\n<p style=\"text-align: justify;\">Okur, AA muhabirine yapt\u0131\u011f\u0131 a\u00e7\u0131klamada, Cuma g\u00fcn\u00fc ak\u015fam\u0131na kadar Cumhuriyet Savc\u0131s\u0131 Sar\u0131kaya hakk\u0131nda bir \u015fikayet dilek\u00e7esinin HSYK&#8217;ya gelmedi\u011fini belirtti.<\/p>\n<p style=\"text-align: justify;\">\u0130brahim Okur, &#8220;HSYK&#8217;da soru\u015fturmay\u0131 y\u00fcr\u00fcten savc\u0131lara ili\u015fkin herhangi bir i\u015flem yok. Cuma ak\u015fam\u0131na kadar herhangi bir \u015fikayet dilek\u00e7esi de gelmedi. Savc\u0131lar\u0131n soru\u015fturmadan al\u0131nma i\u015flemi tamamen \u0130stanbul Cumhuriyet Ba\u015fsavc\u0131l\u0131\u011f\u0131n\u0131n tasarrufudur&#8221; diye konu\u015ftu.<\/p>\n<p style=\"text-align: justify;\"><strong>Yeni KCK savc\u0131s\u0131 adliyeye geldi, Sar\u0131kaya&#8217;dan dosyay\u0131 devrald\u0131<\/strong><\/p>\n<p style=\"text-align: justify;\">Ak\u015fam saatlerinde dosyaya yeni g\u00f6revlendirilen savc\u0131 \u0130smail I\u015f\u0131k adliyeye geldi. I\u015f\u0131k, yakla\u015f\u0131k 1 saat savc\u0131 Sadrettin Sar\u0131kaya ile ba\u015f ba\u015fa g\u00f6r\u00fc\u015ft\u00fc. Sar\u0131kaya&#8217;n\u0131n yeni savc\u0131 I\u015f\u0131k&#8217;a soru\u015fturma dosyas\u0131n\u0131 devretti\u011fi \u00f6\u011frenildi.<\/p>\n<p style=\"text-align: justify;\"><strong>Sar\u0131kaya &#8216;sorular\u0131 yan\u0131ts\u0131z&#8217; b\u0131rakt\u0131<\/strong><\/p>\n<p style=\"text-align: justify;\">Dosya devir i\u015flemlerinin ard\u0131ndan Sar\u0131kaya, Organize Su\u00e7larla M\u00fccadele \u015eube M\u00fcd\u00fcrl\u00fc\u011f\u00fc&#8217;ne ait sivil polis arac\u0131 ile adliyeden ayr\u0131ld\u0131. H\u0131zl\u0131 ad\u0131mlarla adliyeden ayr\u0131lan Sar\u0131kaya gazetecilerin sorular\u0131n\u0131 yan\u0131ts\u0131z b\u0131rakt\u0131.<\/p>\n<p style=\"text-align: justify;\"><strong>\u00dc\u00e7 ayd\u0131r Be\u015fikta\u015f Adliyesi&#8217;nde<\/strong><\/p>\n<p style=\"text-align: justify;\">\u00d6zel Yetkili Savc\u0131 Sar\u0131kaya, \u00f6zel yetkili Cumhuriyet Savc\u0131s\u0131 Bilal Bayraktar ile birlikte KCK soru\u015fturmas\u0131n\u0131 y\u00fcr\u00fct\u00fcyordu. Savc\u0131 Sar\u0131kaya ismi, M\u0130T M\u00fcste\u015far\u0131 Hakan Fidan, eski M\u00fcste\u015far Emre Tanre ve eski M\u00fcste\u015far Yard\u0131mc\u0131s\u0131 Afet G\u00fcne\u015f&#8217;i ifadeye \u00e7a\u011f\u0131rmas\u0131 ile g\u00fcndeme geldi. M\u0130T&#8217;\u00e7ilerin ifadeye \u00e7a\u011fr\u0131ld\u0131\u011f\u0131, daha sonra 4&#8217;\u00fc hakk\u0131nda yakalama karar\u0131 \u00e7\u0131kar\u0131ld\u0131\u011f\u0131 s\u00fcre\u00e7te \u00d6zel Yetkili Savc\u0131 Bilal Bayraktar bir seminere kat\u0131ld\u0131\u011f\u0131 i\u00e7in g\u00f6revli olarak Kolombiya&#8217;da bulunuyordu.<\/p>\n<p style=\"text-align: justify;\">Konya\u2019n\u0131n \u00c7umra H\u00e2kimli\u011fi\u2019nden 2005\u2019de Adalet M\u00fcfetti\u015fli\u011fi\u2019ne atanan Sadrettin Sar\u0131kaya, 2011\u2019de de \u0130stanbul Cumhuriyet Ba\u015fsavc\u0131l\u0131\u011f\u0131\u2019na atand\u0131. Sar\u0131kaya daha sonra \u00f6zel yetkili savc\u0131 olarak Be\u015fikta\u015f\u2019taki \u0130stanbul Adliyesi\u2019nde g\u00f6revlendirildi. Yakla\u015f\u0131k 3 ayd\u0131r Be\u015fikta\u015f\u2019taki \u0130stanbul Adliyesi\u2019nde g\u00f6rev yapan Sar\u0131kaya KCK soru\u015fturmas\u0131n\u0131 y\u00fcr\u00fct\u00fcyor.<\/p>\n<p style=\"text-align: justify;\"><a href=\"http:\/\/www.cnnturk.com\/2012\/turkiye\/02\/11\/o.savciya.dosyadan.el.cektirildi\/648734.0\/index.html\" target=\"_blank\">Kaynak : CNN T\u00dcRK<\/a><\/p>\n","protected":false},"excerpt":{"rendered":"<p style=\"text-align: center;\">\n<p style=\"text-align: justify;\">KCK soru\u015fturmas\u0131 kapsam\u0131nda M\u0130T M\u00fcste\u015far\u0131 Hakan Fidan&#8217;\u0131n da aralar\u0131nda bulundu\u011fu 5 M\u0130T mensubunu ifadeye \u00e7a\u011f\u0131ran soru\u015fturma savc\u0131s\u0131 Sadrettin Sar\u0131kaya dosyadaki g\u00f6revinden al\u0131nd\u0131. Savc\u0131 Sar\u0131kaya &#8220;Yapacak bir\u015fey yok. G\u00f6revlendirme bug\u00fcn oldu. Biz g\u00f6revimizi yapt\u0131k&#8221; dedi. <\/p>\n","protected":false},"author":1,"featured_media":0,"comment_status":"open","ping_status":"open","sticky":false,"template":"","format":"standard","meta":{"footnotes":""},"categories":[105],"tags":[],"class_list":["post-48654","post","type-post","status-publish","format-standard","hentry","category-gundem","odd"],"_links":{"self":[{"href":"http:\/\/www.korhanyilmaz.com\/index.php?rest_route=\/wp\/v2\/posts\/48654","targetHints":{"allow":["GET"]}}],"collection":[{"href":"http:\/\/www.korhanyilmaz.com\/index.php?rest_route=\/wp\/v2\/posts"}],"about":[{"href":"http:\/\/www.korhanyilmaz.com\/index.php?rest_route=\/wp\/v2\/types\/post"}],"author":[{"embeddable":true,"href":"http:\/\/www.korhanyilmaz.com\/index.php?rest_route=\/wp\/v2\/users\/1"}],"replies":[{"embeddable":true,"href":"http:\/\/www.korhanyilmaz.com\/index.php?rest_route=%2Fwp%2Fv2%2Fcomments&post=48654"}],"version-history":[{"count":0,"href":"http:\/\/www.korhanyilmaz.com\/index.php?rest_route=\/wp\/v2\/posts\/48654\/revisions"}],"wp:attachment":[{"href":"http:\/\/www.korhanyilmaz.com\/index.php?rest_route=%2Fwp%2Fv2%2Fmedia&parent=48654"}],"wp:term":[{"taxonomy":"category","embeddable":true,"href":"http:\/\/www.korhanyilmaz.com\/index.php?rest_route=%2Fwp%2Fv2%2Fcategories&post=48654"},{"taxonomy":"post_tag","embeddable":true,"href":"http:\/\/www.korhanyilmaz.com\/index.php?rest_route=%2Fwp%2Fv2%2Ftags&post=48654"}],"curies":[{"name":"wp","href":"https:\/\/api.w.org\/{rel}","templated":true}]}}