{"id":48648,"date":"2012-02-11T12:32:58","date_gmt":"2012-02-11T10:32:58","guid":{"rendered":"http:\/\/www.korhanyilmaz.com\/?p=48648"},"modified":"2012-02-11T18:51:19","modified_gmt":"2012-02-11T16:51:19","slug":"mitcilerin-ifadesi-icin-izin-sart-degil","status":"publish","type":"post","link":"http:\/\/www.korhanyilmaz.com\/?p=48648","title":{"rendered":"&#8216;M\u0130T&#8217;\u00e7ilerin ifadesi i\u00e7in izin \u015fart de\u011fil!&#8217;"},"content":{"rendered":"<p style=\"text-align: center;\"><a href=\"http:\/\/www.korhanyilmaz.com\/wp-content\/uploads\/2012\/02\/9745.jpg\"  class=\"lightview\"><img loading=\"lazy\" decoding=\"async\" class=\"aligncenter  wp-image-48649\" src=\"http:\/\/www.korhanyilmaz.com\/wp-content\/uploads\/2012\/02\/9745.jpg\" alt=\"\" width=\"320\" height=\"240\" \/><\/a><\/p>\n<p style=\"text-align: justify;\">M\u0130T M\u00fcste\u015far\u0131 Hakan Fidan\u2019\u0131n ifade vermesi konusunda Ba\u015fbakan\u2019dan izin al\u0131n\u0131p al\u0131nmayaca\u011f\u0131 tart\u0131\u015fmas\u0131na eski Yarg\u0131tay Cumhuriyet Ba\u015fsavc\u0131s\u0131 Sabih Kanado\u011flu da kat\u0131ld\u0131. Kanado\u011flu, M\u0130T \u00fcst d\u00fczey y\u00f6neticilerinin ifadesinin al\u0131nmas\u0131na Ba\u015fbakan\u2019\u0131n izin vermesinin \u015fart olmad\u0131\u011f\u0131n\u0131 s\u00f6yledi.\u00a0<!--more--><\/p>\n<p style=\"text-align: justify;\"><strong>BA\u015eBAKAN&#8217;IN \u0130Z\u0130N VERME \u015eARTI YOK\u00a0<\/strong><\/p>\n<p style=\"text-align: justify;\">Yurt Gazetesi\u2019ne konu\u015fan Sabih Kanado\u011flu, M\u0130T M\u00fcste\u015far\u0131 Hakan Fidan\u2019\u0131n hangi s\u0131fatla ifadeye \u00e7a\u011fr\u0131ld\u0131\u011f\u0131n\u0131n \u00f6nemli oldu\u011funa dikkat \u00e7ekerek, \u2018M\u00fcste\u015far \u015f\u00fcpheli s\u0131fat\u0131yla ifadeye \u00e7a\u011fr\u0131l\u0131yorsa, o zaman savc\u0131, 250\u2019nci maddede sayan katalog su\u00e7lar kapsam\u0131nda bir soru\u015fturma y\u00fcr\u00fct\u00fcyor demektir ki, bu durumda Ba\u015fbakan\u2019\u0131n izin vermesi \u015fart\u0131 yoktur \u2019 dedi.<\/p>\n<p style=\"text-align: justify;\"><strong>250. MADDEDEK\u0130 TEK \u0130ST\u0130SNA\u00a0<\/strong><\/p>\n<p style=\"text-align: justify;\">250\u2019nci maddedeki tek istisnan\u0131n, \u2018Yarg\u0131lamas\u0131 Anayasa Mahkemesi ve Yarg\u0131tay\u2019da yap\u0131lacakt\u0131r\u2019 a\u00e7\u0131s\u0131ndan oldu\u011funu belirten Kanado\u011flu, \u0130lker Ba\u015fbu\u011f\u2019u kast ederek, Eski Genelkurmay Ba\u015fkan\u0131 hakk\u0131ndaki olay\u0131n bile \u00d6zel Yetkili Savc\u0131l\u0131k ve mahkemede y\u00fcr\u00fct\u00fcld\u00fc\u011f\u00fcn\u00fc oysa o soru\u015fturmada Yarg\u0131tay Cumhuriyet Ba\u015fsavc\u0131s\u0131\u2019n\u0131n, kovu\u015fturma a\u015famas\u0131nda da Y\u00fcce Divan\u2019\u0131n yetkili olmas\u0131 gerekti\u011fini ama uygulaman\u0131n bu \u015fekilde olmad\u0131\u011f\u0131n s\u00f6yledi.<\/p>\n<p style=\"text-align: justify;\"><strong>F\u0130DAN \u0130FADEYE G\u0130TMEZSE NE OLUR?\u00a0<\/strong><\/p>\n<p style=\"text-align: justify;\">Hakan Fidan\u2019\u0131n \u00d6zel Yetkili Savc\u0131\u2019n\u0131n davetine icabet etmezse ne olur sorusuna \u015fu yan\u0131t\u0131 verdi; \u201cGitmeyece\u011fim\u201d dememesini dilerim. \u00c7\u00fcnk\u00fc o zaman iki ihtimal \u00e7\u0131kar kar\u015f\u0131m\u0131za. Birincisi, savc\u0131, Fidan hakk\u0131nda yakalama karar\u0131 \u00e7\u0131kart\u0131r. O zaman ne olur, bir d\u00fc\u015f\u00fcn\u00fcn. \u0130kinci ihtimal ise en az birincisi kadar vahimdir: Fidan ifade vermeye gitmez ve hi\u00e7bir \u015fey olmaz. Bu ihtimal ger\u00e7ekle\u015firse yarg\u0131 b\u00fcsb\u00fct\u00fcn yok olur. Zaten \u015fimdi var m\u0131 yok mu belli de\u011fil ama bu tart\u0131\u015fmayla tamamen yok olur. Bu y\u00fczden diyorum ki \u2018Umar\u0131m gitmemezlik yapmaz\u2019 diye.<\/p>\n<p style=\"text-align: justify;\"><a href=\"http:\/\/haber.gazetevatan.com\/mitcilerin-ifadesi-icin-izin-sart-degil\/430326\/1\/Gundem\" target=\"_blank\">Kaynak : VATAN Gazetesi<\/a><\/p>\n","protected":false},"excerpt":{"rendered":"<p style=\"text-align: center;\">\n<p style=\"text-align: justify;\">M\u0130T M\u00fcste\u015far\u0131 Hakan Fidan\u2019\u0131n ifade vermesi konusunda Ba\u015fbakan\u2019dan izin al\u0131n\u0131p al\u0131nmayaca\u011f\u0131 tart\u0131\u015fmas\u0131na eski Yarg\u0131tay Cumhuriyet Ba\u015fsavc\u0131s\u0131 Sabih Kanado\u011flu da kat\u0131ld\u0131. Kanado\u011flu, M\u0130T \u00fcst d\u00fczey y\u00f6neticilerinin ifadesinin al\u0131nmas\u0131na Ba\u015fbakan\u2019\u0131n izin vermesinin \u015fart olmad\u0131\u011f\u0131n\u0131 s\u00f6yledi. <\/p>\n","protected":false},"author":1,"featured_media":0,"comment_status":"open","ping_status":"open","sticky":false,"template":"","format":"standard","meta":{"footnotes":""},"categories":[105],"tags":[],"class_list":["post-48648","post","type-post","status-publish","format-standard","hentry","category-gundem","odd"],"_links":{"self":[{"href":"http:\/\/www.korhanyilmaz.com\/index.php?rest_route=\/wp\/v2\/posts\/48648","targetHints":{"allow":["GET"]}}],"collection":[{"href":"http:\/\/www.korhanyilmaz.com\/index.php?rest_route=\/wp\/v2\/posts"}],"about":[{"href":"http:\/\/www.korhanyilmaz.com\/index.php?rest_route=\/wp\/v2\/types\/post"}],"author":[{"embeddable":true,"href":"http:\/\/www.korhanyilmaz.com\/index.php?rest_route=\/wp\/v2\/users\/1"}],"replies":[{"embeddable":true,"href":"http:\/\/www.korhanyilmaz.com\/index.php?rest_route=%2Fwp%2Fv2%2Fcomments&post=48648"}],"version-history":[{"count":0,"href":"http:\/\/www.korhanyilmaz.com\/index.php?rest_route=\/wp\/v2\/posts\/48648\/revisions"}],"wp:attachment":[{"href":"http:\/\/www.korhanyilmaz.com\/index.php?rest_route=%2Fwp%2Fv2%2Fmedia&parent=48648"}],"wp:term":[{"taxonomy":"category","embeddable":true,"href":"http:\/\/www.korhanyilmaz.com\/index.php?rest_route=%2Fwp%2Fv2%2Fcategories&post=48648"},{"taxonomy":"post_tag","embeddable":true,"href":"http:\/\/www.korhanyilmaz.com\/index.php?rest_route=%2Fwp%2Fv2%2Ftags&post=48648"}],"curies":[{"name":"wp","href":"https:\/\/api.w.org\/{rel}","templated":true}]}}