{"id":48644,"date":"2012-02-11T12:05:35","date_gmt":"2012-02-11T10:05:35","guid":{"rendered":"http:\/\/www.korhanyilmaz.com\/?p=48644"},"modified":"2012-02-11T22:55:32","modified_gmt":"2012-02-11T20:55:32","slug":"basbakana-ikinci-ameliyat","status":"publish","type":"post","link":"http:\/\/www.korhanyilmaz.com\/?p=48644","title":{"rendered":"Ba\u015fbakan&#8217;a ikinci ameliyat"},"content":{"rendered":"<p style=\"text-align: justify;\"><a href=\"http:\/\/www.korhanyilmaz.com\/wp-content\/uploads\/2012\/02\/9744.jpg\"  class=\"lightview\"><img loading=\"lazy\" decoding=\"async\" class=\"aligncenter  wp-image-48645\" src=\"http:\/\/www.korhanyilmaz.com\/wp-content\/uploads\/2012\/02\/9744.jpg\" alt=\"\" width=\"360\" height=\"240\" \/><\/a><\/p>\n<p style=\"text-align: justify;\">Ba\u015fbakan Tayyip Erdo\u011fan d\u00fcn \u0130stanbul&#8217;da ikinci kez ameliyat oldu. Ba\u015fbakan&#8217;\u0131n ameliyat\u0131 d\u00fcn ak\u015fam saat 21.00&#8217;de Ko\u015fuyolu \u0130stanbul Medipol Hastanesi&#8217;nde yap\u0131ld\u0131. D\u00fcnk\u00fc operasyonun, ilk ameliyat\u0131n devam\u0131 niteli\u011finde oldu\u011fu belirtildi. Ba\u015fbakan&#8217;\u0131n kanser riskinin devam etti\u011fi, bu nedenle ameliyata al\u0131nd\u0131\u011f\u0131 da iddialar aras\u0131nda.<!--more--><\/p>\n<p style=\"text-align: justify;\">\u0130STANBUL -b a\u015fbakanl\u0131k&#8217;tan yap\u0131lan a\u00e7\u0131klamada \u015f\u00f6yle denildi: &#8220;Say\u0131n Ba\u015fbakan\u0131m\u0131z\u0131n 26 Kas\u0131m 2011&#8217;de ger\u00e7ekle\u015fen sindirim sistemi operasyonunun ikinci ve son a\u015famas\u0131, yakla\u015f\u0131k 30 dakikal\u0131k bir giri\u015fimle ba\u015far\u0131yla tamamlanm\u0131\u015f; ba\u015flang\u0131\u00e7ta planland\u0131\u011f\u0131 \u00fczere tedavi bu \u015fekilde nihayete ermi\u015ftir. Ba\u015fbakan\u0131m\u0131z\u0131n sa\u011fl\u0131\u011f\u0131 son derece iyidir. Kendisi, hafta i\u00e7inde rutin mesaisine ba\u015flamay\u0131 planlamaktad\u0131r. Kamuoyuna sayg\u0131yla duyurulur.&#8221;<\/p>\n<p style=\"text-align: justify;\"><strong>AKDA\u011e: SIKINTI YOK\u00a0<\/strong><\/p>\n<p style=\"text-align: justify;\">Edirne\u2019de temaslar\u0131n\u0131 s\u00fcrd\u00fcren Sa\u011fl\u0131k Bakan\u0131 Recep Akda\u011f, d\u00fcn gece ameliyat olan Ba\u015fbakan Recep Tayyip Erdo\u011fan\u2019\u0131n sa\u011fl\u0131k durumunun iyi oldu\u011funu s\u00f6yleyerek, &#8220;Durumu tamamen Ba\u015fbakanl\u0131\u011f\u0131m\u0131z\u0131n yapt\u0131\u011f\u0131 a\u00e7\u0131klamadaki gibidir. Bir \u00f6nceki ameliyat\u0131yla ilgili k\u00fc\u00e7\u00fck bir i\u015flem vard\u0131 o yap\u0131ld\u0131. Tamamland\u0131 bitti. S\u0131hhati Allah\u2019a \u015f\u00fck\u00fcr son derece iyi. Bu ameliyatlar\u0131n \u00fclkeye yarar\u0131 oldu bize de s\u0131k\u0131nt\u0131s\u0131 oldu. Ba\u015fbakanla \u00e7al\u0131\u015fan ki\u015filer olarak. Ba\u015fbakan\u0131m\u0131z bu ilk ameliyat\u0131ndan sonra biraz kilo verdi. Biraz daha zinde hale geldi, bizi \u00e7ok \u00e7al\u0131\u015ft\u0131rmaya gece yar\u0131lar\u0131na kadar takip etmeye ba\u015flad\u0131. Allah\u2019a \u015f\u00fck\u00fcr bunun d\u0131\u015f\u0131nda bir s\u0131k\u0131nt\u0131m\u0131z yok. Ben \u015fimdi \u0130stanbul\u2019daki seyri \u00e7ok iyi takip edemedim burada oldu\u011fum i\u00e7in. Ba\u015fbakanl\u0131k yeniden a\u00e7\u0131klama yapacakt\u0131r&#8221; diye konu\u015ftu.<\/p>\n<p style=\"text-align: justify;\"><strong>KALIN BARSA\u011eININ B\u0130R B\u00d6L\u00dcM\u00dc ALINMI\u015eTI<\/strong><\/p>\n<p style=\"text-align: justify;\">Ba\u015fbakan Erdo\u011fan, 26 Kas\u0131m\u2019da 2011\u2019de de yine \u0130stanbul\u2019da ameliyat olmu\u015ftu. Ameliyat ilk g\u00fcnlerde kamuoyuna duyurulmam\u0131\u015f ancak, s\u00f6ylentilerin artmas\u0131 \u00fczerine 28 Kas\u0131m\u2019da Ba\u015fbakanl\u0131k\u2019tan yap\u0131lan a\u00e7\u0131klamayla do\u011frulanm\u0131\u015ft\u0131. Marmara \u00dcniversitesi Hastanesi\u2019nde laparoskopik (kapal\u0131) y\u00f6ntemle sindirim sistemi ameliyat\u0131 ge\u00e7iren Erdo\u011fan, ortaya at\u0131lan kanser iddialar\u0131n\u0131 kesin bir dille yalanlam\u0131\u015ft\u0131. Erdo\u011fan\u2019\u0131n ameliyat\u0131n\u0131 ger\u00e7ekle\u015ftiren sa\u011fl\u0131k ekibinden Prof. Dr. Mehmet F\u00fcz\u00fcn ise \u015fu a\u00e7\u0131klamada bulunmu\u015ftu: \u201cAmeliyat 3 saat s\u00fcrd\u00fc. \u00c7\u0131kart\u0131lan polipler iyi huyluydu. Yapt\u0131\u011f\u0131m\u0131z tahliller tertemiz \u00e7\u0131kt\u0131. Kal\u0131n ba\u011f\u0131rsa\u011f\u0131n 20-25 santimlik b\u00f6l\u00fcm\u00fc al\u0131nd\u0131.\u201d<\/p>\n<p style=\"text-align: justify;\"><a href=\"http:\/\/www.radikal.com.tr\/Radikal.aspx?aType=RadikalDetayV3&amp;ArticleID=1078418&amp;CategoryID=78\" target=\"_blank\">Kaynak : Radikal.com.tr<\/a><\/p>\n","protected":false},"excerpt":{"rendered":"<p style=\"text-align: justify;\">\n<p style=\"text-align: justify;\">Ba\u015fbakan Tayyip Erdo\u011fan d\u00fcn \u0130stanbul&#8217;da ikinci kez ameliyat oldu. Ba\u015fbakan&#8217;\u0131n ameliyat\u0131 d\u00fcn ak\u015fam saat 21.00&#8217;de Ko\u015fuyolu \u0130stanbul Medipol Hastanesi&#8217;nde yap\u0131ld\u0131. D\u00fcnk\u00fc operasyonun, ilk ameliyat\u0131n devam\u0131 niteli\u011finde oldu\u011fu belirtildi. Ba\u015fbakan&#8217;\u0131n kanser riskinin devam etti\u011fi, bu nedenle ameliyata al\u0131nd\u0131\u011f\u0131 da iddialar aras\u0131nda.<\/p>\n","protected":false},"author":1,"featured_media":0,"comment_status":"open","ping_status":"open","sticky":false,"template":"","format":"standard","meta":{"footnotes":""},"categories":[105],"tags":[932,933,423,934,12],"class_list":["post-48644","post","type-post","status-publish","format-standard","hentry","category-gundem","tag-istanbul-medipol-hastanesi","tag-marmara-universitesi-hastanesi","tag-medipol-hastanesi","tag-mehmet-fuzun","tag-recep-tayyip-erdogan","odd"],"_links":{"self":[{"href":"http:\/\/www.korhanyilmaz.com\/index.php?rest_route=\/wp\/v2\/posts\/48644","targetHints":{"allow":["GET"]}}],"collection":[{"href":"http:\/\/www.korhanyilmaz.com\/index.php?rest_route=\/wp\/v2\/posts"}],"about":[{"href":"http:\/\/www.korhanyilmaz.com\/index.php?rest_route=\/wp\/v2\/types\/post"}],"author":[{"embeddable":true,"href":"http:\/\/www.korhanyilmaz.com\/index.php?rest_route=\/wp\/v2\/users\/1"}],"replies":[{"embeddable":true,"href":"http:\/\/www.korhanyilmaz.com\/index.php?rest_route=%2Fwp%2Fv2%2Fcomments&post=48644"}],"version-history":[{"count":0,"href":"http:\/\/www.korhanyilmaz.com\/index.php?rest_route=\/wp\/v2\/posts\/48644\/revisions"}],"wp:attachment":[{"href":"http:\/\/www.korhanyilmaz.com\/index.php?rest_route=%2Fwp%2Fv2%2Fmedia&parent=48644"}],"wp:term":[{"taxonomy":"category","embeddable":true,"href":"http:\/\/www.korhanyilmaz.com\/index.php?rest_route=%2Fwp%2Fv2%2Fcategories&post=48644"},{"taxonomy":"post_tag","embeddable":true,"href":"http:\/\/www.korhanyilmaz.com\/index.php?rest_route=%2Fwp%2Fv2%2Ftags&post=48644"}],"curies":[{"name":"wp","href":"https:\/\/api.w.org\/{rel}","templated":true}]}}